{"id":15057,"date":"2021-11-05T13:04:13","date_gmt":"2021-11-05T10:04:13","guid":{"rendered":"http:\/\/akdenizolaygazetesi.com\/?p=15057"},"modified":"2021-11-05T13:04:13","modified_gmt":"2021-11-05T10:04:13","slug":"tayin-adi-altinda-yapilan-bu-surgun-politikasina-neden-dur-demiyorsunuz","status":"publish","type":"post","link":"https:\/\/akdenizolaygazetesi.com\/?p=15057","title":{"rendered":"\u2018Tayin\u2019 ad\u0131 alt\u0131nda yap\u0131lan bu s\u00fcrg\u00fcn politikas\u0131na neden dur demiyorsunuz?&#8217;"},"content":{"rendered":"<p>KESK\u2019e ba\u011fl\u0131 Haber-Sen \u00e7al\u0131\u015fanlar\u0131na y\u00f6nelik PTT Ba\u015fm\u00fcd\u00fcrl\u00fcklerince yap\u0131lan bask\u0131 Meclis G\u00fcndemine ta\u015f\u0131nd\u0131.<\/p>\n<p>CHP Mersin Milletvekili Alpay Antmen, Ula\u015ft\u0131rma ve Altyap\u0131 Bakan\u0131 Adil Karaismailo\u011flu taraf\u0131ndan yan\u0131tlanmas\u0131 istemiyle verdi\u011fi soru \u00f6nergesinde demokratik ve hukuki s\u0131n\u0131rlar i\u00e7erisinde sendikal faaliyetler y\u00fcr\u00fcten Haber-Sen \u00fcyelerine yo\u011fun bir \u015fekilde bask\u0131 yap\u0131ld\u0131\u011f\u0131n\u0131 belirterek \u201cHaks\u0131z ve hukuksuz yap\u0131lan bu bask\u0131, sindirme ve s\u00fcrg\u00fcn politikalar\u0131 g\u00fcnden g\u00fcne artmaktad\u0131r\u201d dedi.<\/p>\n<p>Mersin\u2019de sendika \u00fcyelerinin PTT Ba\u015fm\u00fcd\u00fcr\u00fc Kaan Uysal taraf\u0131ndan yo\u011fun bi\u00e7imde ayr\u0131mc\u0131l\u0131\u011fa u\u011frad\u0131\u011f\u0131n\u0131 belirten Antmen \u201cSilifke PTT Merkez M\u00fcd\u00fcrl\u00fc\u011f\u00fcnde g\u00f6rev yapan Haber-Sen i\u015fyeri temsilcisi B\u00fclent Yasin Bal evinden 1250 kilometre uzakl\u0131kta Ardahan Hanak\u2019a, G\u00fcrcistan s\u0131n\u0131r\u0131na s\u00fcrg\u00fcn edilmi\u015ftir. \u0130ki \u00e7ocuk babas\u0131 olan B\u00fclent Yasin Bal\u2019\u0131n aile d\u00fczeni hedef al\u0131nmaktad\u0131r. Yine Mersin PTT Ba\u015fm\u00fcd\u00fcr\u00fc Kaan Uysal taraf\u0131ndan sendika \u00fcyesi Mehmet Tanr\u0131verdi, \u00e7al\u0131\u015ft\u0131\u011f\u0131 Toroslar Posta Da\u011f\u0131t\u0131m M\u00fcd\u00fcrl\u00fc\u011f\u00fcnden Tarsus Posta Da\u011f\u0131t\u0131m M\u00fcd\u00fcrl\u00fc\u011f\u00fcne s\u00fcrg\u00fcn edilmi\u015ftir\u201d ifadelerini kulland\u0131.<\/p>\n<p>CHP\u2019li Vekilin \u00f6nergesinde yer alan sorular \u015funlar;<\/p>\n<p>\u2013 Ba\u015fta Mersin olmak \u00fczere t\u00fcm \u00fclkeden ya\u015fanan ve kanunlara uygun olmayan il i\u00e7i ge\u00e7ici g\u00f6revlendirme ve atamalarla ilgili \u2018tayin\u2019 ad\u0131 alt\u0131nda yap\u0131lan bu s\u00fcrg\u00fcn politikas\u0131na neden dur demiyorsunuz? Konuyla ilgili PTT Ba\u015fm\u00fcd\u00fcrl\u00fc\u011f\u00fcne y\u00f6nelik idari ve hukuki soru\u015fturma a\u00e7\u0131lmamas\u0131n\u0131n gerek\u00e7esi nedir?<\/p>\n<p>\u2013 Mersin PTT Ba\u015fm\u00fcd\u00fcr\u00fc Kaan Uysal taraf\u0131ndan bask\u0131 alt\u0131na al\u0131nmaya \u00e7al\u0131\u015f\u0131lan Haber-Sen \u00fcyelerine reva g\u00f6r\u00fclen bu zulme bakanl\u0131k olarak neden ses \u00e7\u0131kartm\u0131yorsunuz? Bu sessizlik; bu bask\u0131, s\u00fcrg\u00fcn ve y\u0131ld\u0131rma politikalar\u0131na ortak olmak demek de\u011fil midir?<\/p>\n<p>\u2013Kanuna ve ilgili mevzuata ayk\u0131r\u0131 \u015fekilde s\u00fcrg\u00fcn edilen Haber-Sen \u00fcyeleri B\u00fclent Yasin Bal ve Mehmet Tanr\u0131verdi\u2019yle ilgili al\u0131nan bu haks\u0131z karardan ne zaman d\u00f6n\u00fclecektir? Konuyla ilgili olarak herhangi bir giri\u015fimde bulunacak m\u0131s\u0131n\u0131z?<\/p>\n<p>\u2013 T\u00fcrkiye\u2019de son 2 y\u0131lda PTT i\u00e7erisinde Haber-Sen \u00fcyesi oldu\u011fu gerek\u00e7esiyle ka\u00e7 ki\u015fi tayin ad\u0131 alt\u0131nda s\u00fcrg\u00fcn edilmi\u015ftir? Bu kararlarla ilgili a\u00e7\u0131lan dava say\u0131s\u0131 ka\u00e7t\u0131r? Bunlar\u0131n ak\u0131beti nedir?<\/p>\n","protected":false},"excerpt":{"rendered":"<p>KESK\u2019e ba\u011fl\u0131 Haber-Sen \u00e7al\u0131\u015fanlar\u0131na y\u00f6nelik PTT Ba\u015fm\u00fcd\u00fcrl\u00fcklerince yap\u0131lan bask\u0131 Meclis G\u00fcndemine ta\u015f\u0131nd\u0131. CHP Mersin Milletvekili Alpay Antmen, Ula\u015ft\u0131rma ve Altyap\u0131 Bakan\u0131 Adil Karaismailo\u011flu taraf\u0131ndan yan\u0131tlanmas\u0131 istemiyle verdi\u011fi soru \u00f6nergesinde demokratik &hellip; <a href=\"https:\/\/akdenizolaygazetesi.com\/?p=15057\" class=\"more-link\">Devam\u0131n\u0131 Oku&#8230;<\/a><\/p>\n","protected":false},"author":2,"featured_media":15058,"comment_status":"open","ping_status":"open","sticky":false,"template":"","format":"standard","meta":[],"categories":[2,3,5],"tags":[],"_links":{"self":[{"href":"https:\/\/akdenizolaygazetesi.com\/index.php?rest_route=\/wp\/v2\/posts\/15057"}],"collection":[{"href":"https:\/\/akdenizolaygazetesi.com\/index.php?rest_route=\/wp\/v2\/posts"}],"about":[{"href":"https:\/\/akdenizolaygazetesi.com\/index.php?rest_route=\/wp\/v2\/types\/post"}],"author":[{"embeddable":true,"href":"https:\/\/akdenizolaygazetesi.com\/index.php?rest_route=\/wp\/v2\/users\/2"}],"replies":[{"embeddable":true,"href":"https:\/\/akdenizolaygazetesi.com\/index.php?rest_route=%2Fwp%2Fv2%2Fcomments&post=15057"}],"version-history":[{"count":1,"href":"https:\/\/akdenizolaygazetesi.com\/index.php?rest_route=\/wp\/v2\/posts\/15057\/revisions"}],"predecessor-version":[{"id":15059,"href":"https:\/\/akdenizolaygazetesi.com\/index.php?rest_route=\/wp\/v2\/posts\/15057\/revisions\/15059"}],"wp:featuredmedia":[{"embeddable":true,"href":"https:\/\/akdenizolaygazetesi.com\/index.php?rest_route=\/wp\/v2\/media\/15058"}],"wp:attachment":[{"href":"https:\/\/akdenizolaygazetesi.com\/index.php?rest_route=%2Fwp%2Fv2%2Fmedia&parent=15057"}],"wp:term":[{"taxonomy":"category","embeddable":true,"href":"https:\/\/akdenizolaygazetesi.com\/index.php?rest_route=%2Fwp%2Fv2%2Fcategories&post=15057"},{"taxonomy":"post_tag","embeddable":true,"href":"https:\/\/akdenizolaygazetesi.com\/index.php?rest_route=%2Fwp%2Fv2%2Ftags&post=15057"}],"curies":[{"name":"wp","href":"https:\/\/api.w.org\/{rel}","templated":true}]}}