{"id":1506,"date":"2020-11-04T18:22:04","date_gmt":"2020-11-04T15:22:04","guid":{"rendered":"http:\/\/mersinekonomipolitikagazetesi.com\/?p=1506"},"modified":"2020-11-04T18:22:04","modified_gmt":"2020-11-04T15:22:04","slug":"egemenlik-kavsaginda-sona-gelindi","status":"publish","type":"post","link":"https:\/\/akdenizolaygazetesi.com\/?p=1506","title":{"rendered":"Egemenlik Kav\u015fa\u011f\u0131nda sona gelindi"},"content":{"rendered":"<p>Mersin B\u00fcy\u00fck\u015fehir Belediye Ba\u015fkan\u0131 Burhanettin Kocamaz, Ula\u015f\u0131m Ana Plan\u0131 do\u011frultusunda hayata ge\u00e7irilen Okan Merzeci-\u00dcniversite Caddesinde yap\u0131m\u0131nda sona gelinen Egemenlik Katl\u0131 Kav\u015fa\u011f\u0131nda incelemelerde bulundu<\/p>\n<p><span style=\"font-size:16px;\"><span style=\"font-family: sans-serif; line-height: 20px; text-align: justify; background-color: rgb(242, 244, 245);\">Projenin y\u00fczde 75&#8217;i tamamland\u0131\u00a0<\/span><br style=\"box-sizing: border-box; font-family: sans-serif; font-size: 14px; line-height: 20px; text-align: justify; background-color: rgb(242, 244, 245);\" \/><br \/>\n<span style=\"font-family: sans-serif; line-height: 20px; text-align: justify; background-color: rgb(242, 244, 245);\">Mersin B\u00fcy\u00fck\u015fehir Belediyesi&#8217;nden yap\u0131lan a\u00e7\u0131klamaya g\u00f6re, trafik yo\u011funlu\u011funa \u00e7\u00f6z\u00fcm ama\u00e7l\u0131 hayata ge\u00e7irilen Egemenlik Katl\u0131 Kav\u015fa\u011f\u0131 Projesinin y\u00fczde 75\u2019ini tamamlarken, kav\u015fa\u011f\u0131 en k\u0131sa s\u00fcrede vatanda\u015flar\u0131n hizmetine a\u00e7abilmek amac\u0131yla son h\u0131z\u0131yla \u00e7al\u0131\u015f\u0131yor. 23 Nisan Ulusal Egemenlik ve \u00c7ocuk Bayram\u0131nda hizmete a\u00e7\u0131lacak olan katl\u0131 kav\u015fak projesinde \u00e7al\u0131\u015fmalar t\u00fcm h\u0131z\u0131yla devam ediyor.\u00a0<\/span><br style=\"box-sizing: border-box; font-family: sans-serif; font-size: 14px; line-height: 20px; text-align: justify; background-color: rgb(242, 244, 245);\" \/><br \/>\n<span style=\"font-family: sans-serif; line-height: 20px; text-align: justify; background-color: rgb(242, 244, 245);\">Egemenlik Kav\u015fa\u011f\u0131 Katl\u0131 Kav\u015fak Projesinde bulunan kiri\u015fler 20.3 metre uzunlu\u011funda ve 90 santimetre geni\u015fli\u011finde olup kav\u015fak tamamland\u0131\u011f\u0131nda toplam 115 adet prekast kiri\u015f bulunacak. Bug\u00fcne kadar 20 adet kiri\u015fin montaj\u0131 tamamlan\u0131rken, bir hafta i\u00e7erisinde tamam\u0131n\u0131n montaj\u0131n\u0131n bitirilmesi planlan\u0131yor.\u00a0<\/span><br style=\"box-sizing: border-box; font-family: sans-serif; font-size: 14px; line-height: 20px; text-align: justify; background-color: rgb(242, 244, 245);\" \/><br \/>\n<span style=\"font-family: sans-serif; line-height: 20px; text-align: justify; background-color: rgb(242, 244, 245);\">Yine projede 12 metre standart uzunluk ile de\u011fi\u015fen ebatlarda 27 adet istinat duvar\u0131 bulunurken, duvarlar\u0131n tamam\u0131 tamamland\u0131. Ayr\u0131ca Mersin B\u00fcy\u00fck\u015fehir Belediyesi ekipleri taraf\u0131ndan 331 adet fore kaz\u0131k \u00e7al\u0131\u015fmas\u0131 da tamamen bitirildi.\u00a0<\/span><br style=\"box-sizing: border-box; font-family: sans-serif; font-size: 14px; line-height: 20px; text-align: justify; background-color: rgb(242, 244, 245);\" \/><br \/>\n<span style=\"font-family: sans-serif; line-height: 20px; text-align: justify; background-color: rgb(242, 244, 245);\">Projenin ya\u011fmursuyu hatt\u0131 ise y\u00fczde 75 oran\u0131nda bitirildi ve yakla\u015f\u0131k 600 metre 1000&#8217;lik ya\u011fmursuyu hatt\u0131 d\u00f6\u015fenirken, 300 metre de 600&#8217;l\u00fck ya\u011fmursuyu hatt\u0131 yap\u0131ld\u0131. Egemenlik Katl\u0131 Kav\u015fa\u011f\u0131n\u0131n ana yol aks\u0131 kaz\u0131s\u0131 tamamen ise bitirildi ve e\u015f zamanl\u0131 olarak kald\u0131r\u0131m bord\u00fcr d\u00f6\u015feme, yaya korkuluklar\u0131n\u0131n montaj\u0131 ve di\u011fer \u00e7al\u0131\u015fmalar da devam ediyor.\u00a0<\/span><\/span><\/p>\n","protected":false},"excerpt":{"rendered":"<p>Mersin B\u00fcy\u00fck\u015fehir Belediye Ba\u015fkan\u0131 Burhanettin Kocamaz, Ula\u015f\u0131m Ana Plan\u0131 do\u011frultusunda hayata ge\u00e7irilen Okan Merzeci-\u00dcniversite Caddesinde yap\u0131m\u0131nda sona gelinen Egemenlik Katl\u0131 Kav\u015fa\u011f\u0131nda incelemelerde bulundu Projenin y\u00fczde 75&#8217;i tamamland\u0131\u00a0 Mersin B\u00fcy\u00fck\u015fehir Belediyesi&#8217;nden &hellip; <a href=\"https:\/\/akdenizolaygazetesi.com\/?p=1506\" class=\"more-link\">Devam\u0131n\u0131 Oku&#8230;<\/a><\/p>\n","protected":false},"author":1,"featured_media":0,"comment_status":"open","ping_status":"open","sticky":false,"template":"","format":"standard","meta":[],"categories":[],"tags":[],"_links":{"self":[{"href":"https:\/\/akdenizolaygazetesi.com\/index.php?rest_route=\/wp\/v2\/posts\/1506"}],"collection":[{"href":"https:\/\/akdenizolaygazetesi.com\/index.php?rest_route=\/wp\/v2\/posts"}],"about":[{"href":"https:\/\/akdenizolaygazetesi.com\/index.php?rest_route=\/wp\/v2\/types\/post"}],"author":[{"embeddable":true,"href":"https:\/\/akdenizolaygazetesi.com\/index.php?rest_route=\/wp\/v2\/users\/1"}],"replies":[{"embeddable":true,"href":"https:\/\/akdenizolaygazetesi.com\/index.php?rest_route=%2Fwp%2Fv2%2Fcomments&post=1506"}],"version-history":[{"count":0,"href":"https:\/\/akdenizolaygazetesi.com\/index.php?rest_route=\/wp\/v2\/posts\/1506\/revisions"}],"wp:attachment":[{"href":"https:\/\/akdenizolaygazetesi.com\/index.php?rest_route=%2Fwp%2Fv2%2Fmedia&parent=1506"}],"wp:term":[{"taxonomy":"category","embeddable":true,"href":"https:\/\/akdenizolaygazetesi.com\/index.php?rest_route=%2Fwp%2Fv2%2Fcategories&post=1506"},{"taxonomy":"post_tag","embeddable":true,"href":"https:\/\/akdenizolaygazetesi.com\/index.php?rest_route=%2Fwp%2Fv2%2Ftags&post=1506"}],"curies":[{"name":"wp","href":"https:\/\/api.w.org\/{rel}","templated":true}]}}