{"id":15065,"date":"2021-11-06T16:50:44","date_gmt":"2021-11-06T13:50:44","guid":{"rendered":"http:\/\/akdenizolaygazetesi.com\/?p=15065"},"modified":"2021-11-06T16:50:44","modified_gmt":"2021-11-06T13:50:44","slug":"buyuksehir-once-guvenlik-diyor-egitimler-her-yil-tekrarlaniyor","status":"publish","type":"post","link":"https:\/\/akdenizolaygazetesi.com\/?p=15065","title":{"rendered":"B\u00dcY\u00dcK\u015eEH\u0130R \u00d6NCE G\u00dcVENL\u0130K D\u0130YOR, E\u011e\u0130T\u0130MLER HER YIL TEKRARLANIYOR"},"content":{"rendered":"<p>Mersin B\u00fcy\u00fck\u015fehir Belediyesi Engelliler ve Sa\u011fl\u0131k Hizmetleri Dairesi, 6331 say\u0131l\u0131 \u2018\u0130\u015f Sa\u011fl\u0131\u011f\u0131 ve G\u00fcvenli\u011fi Kanunu\u2019 kapsam\u0131nda B\u00fcy\u00fck\u015fehir personeline y\u00f6nelik olarak \u201cArama Kurtarma, Yang\u0131n Tahliye E\u011fitim ve Tatbikat\u0131\u201d d\u00fczenliyor.<\/p>\n<p>E\u011fitimler her y\u0131l tekrarlan\u0131yor<\/p>\n<p>6331 say\u0131l\u0131 yasa gere\u011fince \u0130tfaiye Dairesi koordinesinde ve B\u00fcy\u00fck\u015fehir Belediyesi b\u00fcnyesinde g\u00f6rev alan \u0130\u015f Sa\u011fl\u0131\u011f\u0131 ve G\u00fcvenli\u011fi Uzmanlar\u0131 i\u015f birli\u011fiyle ger\u00e7ekle\u015ftirilen e\u011fitim ve tatbikatlar, B\u00fcy\u00fck\u015fehir\u2019in hem hizmet binalar\u0131nda g\u00f6rev alan personeline hem de saha personeline veriliyor.<\/p>\n<p>B\u00fcy\u00fck\u015fehir\u2019in \u00e7ok tehlikeli, tehlikeli ve az tehlikeli kategorilere g\u00f6re s\u0131n\u0131fland\u0131r\u0131lan \u00e7al\u0131\u015fma alanlar\u0131nda her y\u0131l d\u00fczenli olarak verilen e\u011fitimlerle personelin i\u015f g\u00fcvenli\u011finin korunmas\u0131 ve olas\u0131 kaza risklerinin \u00f6n\u00fcne ge\u00e7ilmesi ama\u00e7lan\u0131yor. Afet ve acil durumlarla ilgili riskler tespit edilerek, \u00f6nleyici tedbirler al\u0131n\u0131yor. Bu gibi durumlar i\u00e7in ise haz\u0131rlanan eylem plan\u0131 \u00e7er\u00e7evesinde; yap\u0131lmas\u0131 ve yap\u0131lmamas\u0131 gerekenler personele tatbikatla g\u00f6steriliyor.<\/p>\n<p>\u201cTatbikat sonu\u00e7lar\u0131m\u0131z\u0131 raporluyoruz, TSE ISO denet\u00e7ilerimize sunuyoruz\u201d<\/p>\n<p>Engelliler ve Sa\u011fl\u0131k Hizmetleri Dairesi \u0130\u015f Sa\u011fl\u0131\u011f\u0131 ve G\u00fcvenli\u011fi \u015eube M\u00fcd\u00fcr\u00fc Levent Mu\u015ftu, i\u015f sa\u011fl\u0131\u011f\u0131 ve g\u00fcvenli\u011fi kapsam\u0131ndaki e\u011fitim ve tatbikatlar\u0131 her y\u0131l d\u00fczenli olarak ger\u00e7ekle\u015ftirdiklerini ifade ederek, \u015funlar\u0131 s\u00f6yledi:<\/p>\n<p>\u201cAcil Durum Hakk\u0131nda Y\u00f6netmelik gere\u011fi her y\u0131l d\u00fczeli olarak tatbikatlar\u0131m\u0131z\u0131 yapmak zorunday\u0131z. \u0130tfaiye Dairesi Ba\u015fkanl\u0131\u011f\u0131 koordinesinde d\u00fczenli olarak 14 g\u00fcn boyunca bu tatbikatlar\u0131m\u0131z\u0131 ger\u00e7ekle\u015ftirece\u011fiz. Belediyemiz \u00f6zellikle \u00e7ok tehlikeli, tehlikeli ve az tehlikeli s\u0131n\u0131fta yer almas\u0131 dolay\u0131s\u0131yla; biz \u00e7ok tehlikeli s\u0131n\u0131f yerlerimizde; asfalt \u015fantiyeleri, G\u00f6k\u00e7ebelen asfalt \u015fantiyesi, il\u00e7e \u015fantiyelerimizi \u00f6nceliklendirerek bu yerlerimizde yang\u0131n, arama-kurtarma ve tahliye tatbikatlar\u0131m\u0131z\u0131 ger\u00e7ekle\u015ftirmekteyiz. 14 g\u00fcn s\u00fcrecek olan tatbikat sonu\u00e7lar\u0131m\u0131z\u0131 raporluyoruz ve TSE ISO denet\u00e7ilerimize sunuyoruz. ISO 45001 belgesine sahip olmam\u0131z\u0131n da b\u00fcy\u00fck bir avantaj\u0131 \u00f6zellikle bu yapt\u0131\u011f\u0131m\u0131z tatbikatlarla ger\u00e7ekle\u015ftirilmektedir. Katk\u0131 sunan herkese te\u015fekk\u00fcr ediyorum.\u201d<\/p>\n","protected":false},"excerpt":{"rendered":"<p>Mersin B\u00fcy\u00fck\u015fehir Belediyesi Engelliler ve Sa\u011fl\u0131k Hizmetleri Dairesi, 6331 say\u0131l\u0131 \u2018\u0130\u015f Sa\u011fl\u0131\u011f\u0131 ve G\u00fcvenli\u011fi Kanunu\u2019 kapsam\u0131nda B\u00fcy\u00fck\u015fehir personeline y\u00f6nelik olarak \u201cArama Kurtarma, Yang\u0131n Tahliye E\u011fitim ve Tatbikat\u0131\u201d d\u00fczenliyor. E\u011fitimler her &hellip; <a href=\"https:\/\/akdenizolaygazetesi.com\/?p=15065\" class=\"more-link\">Devam\u0131n\u0131 Oku&#8230;<\/a><\/p>\n","protected":false},"author":2,"featured_media":15066,"comment_status":"open","ping_status":"open","sticky":false,"template":"","format":"standard","meta":[],"categories":[3,5],"tags":[],"_links":{"self":[{"href":"https:\/\/akdenizolaygazetesi.com\/index.php?rest_route=\/wp\/v2\/posts\/15065"}],"collection":[{"href":"https:\/\/akdenizolaygazetesi.com\/index.php?rest_route=\/wp\/v2\/posts"}],"about":[{"href":"https:\/\/akdenizolaygazetesi.com\/index.php?rest_route=\/wp\/v2\/types\/post"}],"author":[{"embeddable":true,"href":"https:\/\/akdenizolaygazetesi.com\/index.php?rest_route=\/wp\/v2\/users\/2"}],"replies":[{"embeddable":true,"href":"https:\/\/akdenizolaygazetesi.com\/index.php?rest_route=%2Fwp%2Fv2%2Fcomments&post=15065"}],"version-history":[{"count":1,"href":"https:\/\/akdenizolaygazetesi.com\/index.php?rest_route=\/wp\/v2\/posts\/15065\/revisions"}],"predecessor-version":[{"id":15067,"href":"https:\/\/akdenizolaygazetesi.com\/index.php?rest_route=\/wp\/v2\/posts\/15065\/revisions\/15067"}],"wp:featuredmedia":[{"embeddable":true,"href":"https:\/\/akdenizolaygazetesi.com\/index.php?rest_route=\/wp\/v2\/media\/15066"}],"wp:attachment":[{"href":"https:\/\/akdenizolaygazetesi.com\/index.php?rest_route=%2Fwp%2Fv2%2Fmedia&parent=15065"}],"wp:term":[{"taxonomy":"category","embeddable":true,"href":"https:\/\/akdenizolaygazetesi.com\/index.php?rest_route=%2Fwp%2Fv2%2Fcategories&post=15065"},{"taxonomy":"post_tag","embeddable":true,"href":"https:\/\/akdenizolaygazetesi.com\/index.php?rest_route=%2Fwp%2Fv2%2Ftags&post=15065"}],"curies":[{"name":"wp","href":"https:\/\/api.w.org\/{rel}","templated":true}]}}