{"id":15068,"date":"2021-11-06T16:52:14","date_gmt":"2021-11-06T13:52:14","guid":{"rendered":"http:\/\/akdenizolaygazetesi.com\/?p=15068"},"modified":"2021-11-06T16:52:14","modified_gmt":"2021-11-06T13:52:14","slug":"personel-projelerini-sunuyor-buyuksehir-hayata-geciriyor","status":"publish","type":"post","link":"https:\/\/akdenizolaygazetesi.com\/?p=15068","title":{"rendered":"PERSONEL PROJELER\u0130N\u0130 SUNUYOR, B\u00dcY\u00dcK\u015eEH\u0130R HAYATA GE\u00c7\u0130R\u0130YOR"},"content":{"rendered":"<p>Mersin B\u00fcy\u00fck\u015fehir Belediyesi, personelin \u00fcretti\u011fi projeleri hayata ge\u00e7irmeye haz\u0131rlan\u0131yor. B\u00fcy\u00fck\u015fehir Belediye Ba\u015fkan\u0131 Vahap Se\u00e7er, personellerden gelen 100 \u00f6neri aras\u0131nda puanlama sistemiyle dereceye giren \u00fc\u00e7 projeyi hayata ge\u00e7ireceklerini a\u00e7\u0131klad\u0131 ve projeleri \u00fcreten \u00e7al\u0131\u015fanlara \u201cTe\u015fekk\u00fcr Belgesi\u201d verdi.<\/p>\n<p>B\u00fcy\u00fck\u015fehir Belediyesi Kalite Y\u00f6netimi ve Kent Ara\u015ft\u0131rmalar\u0131 \u015eube M\u00fcd\u00fcrl\u00fc\u011f\u00fc b\u00fcnyesinde her y\u0131l\u0131n ba\u015f\u0131nda duyurusu yap\u0131lan uygulamada bu y\u0131l 100 proje de\u011ferlendirildi. Proje \u00d6neri Kurulu, sunulan projeleri puanlama sistemi ile de\u011ferlendirdi. Proje \u00d6neri Kurulu\u2019nun Ba\u015fkanl\u0131\u011f\u0131n\u0131 B\u00fcy\u00fck\u015fehir Belediyesi Genel Sekreter Vekili Olcay Tok y\u00fcr\u00fct\u00fcrken, kurulda Genel Sekreter Yard\u0131mc\u0131s\u0131 Hasan G\u00f6kbel ile 12 Daire Ba\u015fkan\u0131 yer ald\u0131.<\/p>\n<p>\u201cMersin Teknoturizm Web Sayfas\u0131\u201d \u00f6neriler aras\u0131nda birinci oldu<\/p>\n<p>Proje \u00d6neri Kurulu, projeleri ilgili personellerden tek tek dinledi. Projeleri puanlama y\u00f6ntemiyle de\u011ferlendiren kurul, ilk \u00fc\u00e7 s\u0131radaki projeleri belirledi.<\/p>\n<p>Birinci se\u00e7ilen \u00f6neri, K\u00fclt\u00fcr ve Sosyal \u0130\u015fler Dairesi\u2019nde g\u00f6revli Fatma Azra \u00d6zsavran\u2019\u0131n oldu. \u00d6zsavran\u2019\u0131n sundu\u011fu \u2018Mersin Teknoturizm Web Sayfas\u0131\u2019 \u00f6nerisi yak\u0131nda hayata ge\u00e7irilecek. Yine B\u00fcy\u00fck\u015fehir Belediyesi taraf\u0131ndan geli\u015ftirilen \u201cWhat To Mersin Projesi\u201dne entegre edilecek olan bu web sayfas\u0131 \u00fczerinden; Mersin\u2019in turizm potansiyeli, tarihi ve k\u00fclt\u00fcrel miras\u0131, turizm rotalar\u0131, turistik \u00f6zellikleri ve de\u011ferleri konusunda yerel, ulusal ve uluslararas\u0131 kamuoyunda fark\u0131ndal\u0131k olu\u015fturulmas\u0131na yard\u0131mc\u0131 olunacak. Ayr\u0131ca turistik ve k\u00fclt\u00fcrel de\u011ferlerin yurt i\u00e7i ve yurt d\u0131\u015f\u0131nda tan\u0131t\u0131lmas\u0131 sa\u011flanacak.<\/p>\n<p>\u2018Yetene\u011fini Ke\u015ffet\u2019 \u00f6nerisi ikinci oldu<\/p>\n<p>Dereceye giren di\u011fer \u00f6neri; Bilgi \u0130\u015flem Dairesi\u2019nde g\u00f6revli Tu\u011f\u00e7e \u015eensoy Arkan\u2019\u0131n \u2018Yetene\u011fini Ke\u015ffet\u2019 adl\u0131 \u00f6nerisi oldu. Personelin motivasyonunu art\u0131rmak amac\u0131 ta\u015f\u0131yan bu \u00f6neride, personele \u015eehir Tiyatrosu\u2019nda sergilenen oyunlarda k\u00fc\u00e7\u00fck roller verilmesi ve \u00fccretsiz olarak m\u00fczik enstr\u00fcmanlar\u0131 \u00f6\u011fretilmesi sayesinde personelin konserlerde g\u00f6rev almas\u0131 \u00f6ng\u00f6r\u00fcl\u00fcyor.<\/p>\n<p>\u2018Tertemiz Destek\u2019<\/p>\n<p>\u2018Tertemiz Destek\u2019 \u00f6nerisi ile 1. Hukuk M\u00fc\u015favirli\u011fi\u2019nde g\u00f6revli personel Mustafa Sayg\u0131n \u00fc\u00e7\u00fcnc\u00fc oldu. Bu proje; B\u00fcy\u00fck\u015fehir Belediyesi taraf\u0131ndan \u00fcniversite \u00f6\u011frencileri i\u00e7in hayata ge\u00e7irilen ve \u00f6\u011frencilerin \u00fccretsiz olarak \u00e7ama\u015f\u0131rlar\u0131n\u0131 y\u0131kamalar\u0131na olanak yaratan \u00c7ama\u015f\u0131r Kafelere, yine \u00fccretsiz bir \u015fekilde \u00fct\u00fc hizmeti verilmesini \u00f6ng\u00f6r\u00fcyor.<\/p>\n<p>Her \u00fc\u00e7 \u00f6neri de yak\u0131n zamanda Mersin B\u00fcy\u00fck\u015fehir Belediyesi taraf\u0131ndan hayata ge\u00e7irilecek.  <\/p>\n","protected":false},"excerpt":{"rendered":"<p>Mersin B\u00fcy\u00fck\u015fehir Belediyesi, personelin \u00fcretti\u011fi projeleri hayata ge\u00e7irmeye haz\u0131rlan\u0131yor. B\u00fcy\u00fck\u015fehir Belediye Ba\u015fkan\u0131 Vahap Se\u00e7er, personellerden gelen 100 \u00f6neri aras\u0131nda puanlama sistemiyle dereceye giren \u00fc\u00e7 projeyi hayata ge\u00e7ireceklerini a\u00e7\u0131klad\u0131 ve projeleri &hellip; <a href=\"https:\/\/akdenizolaygazetesi.com\/?p=15068\" class=\"more-link\">Devam\u0131n\u0131 Oku&#8230;<\/a><\/p>\n","protected":false},"author":2,"featured_media":15069,"comment_status":"open","ping_status":"open","sticky":false,"template":"","format":"standard","meta":[],"categories":[3,5],"tags":[],"_links":{"self":[{"href":"https:\/\/akdenizolaygazetesi.com\/index.php?rest_route=\/wp\/v2\/posts\/15068"}],"collection":[{"href":"https:\/\/akdenizolaygazetesi.com\/index.php?rest_route=\/wp\/v2\/posts"}],"about":[{"href":"https:\/\/akdenizolaygazetesi.com\/index.php?rest_route=\/wp\/v2\/types\/post"}],"author":[{"embeddable":true,"href":"https:\/\/akdenizolaygazetesi.com\/index.php?rest_route=\/wp\/v2\/users\/2"}],"replies":[{"embeddable":true,"href":"https:\/\/akdenizolaygazetesi.com\/index.php?rest_route=%2Fwp%2Fv2%2Fcomments&post=15068"}],"version-history":[{"count":1,"href":"https:\/\/akdenizolaygazetesi.com\/index.php?rest_route=\/wp\/v2\/posts\/15068\/revisions"}],"predecessor-version":[{"id":15070,"href":"https:\/\/akdenizolaygazetesi.com\/index.php?rest_route=\/wp\/v2\/posts\/15068\/revisions\/15070"}],"wp:featuredmedia":[{"embeddable":true,"href":"https:\/\/akdenizolaygazetesi.com\/index.php?rest_route=\/wp\/v2\/media\/15069"}],"wp:attachment":[{"href":"https:\/\/akdenizolaygazetesi.com\/index.php?rest_route=%2Fwp%2Fv2%2Fmedia&parent=15068"}],"wp:term":[{"taxonomy":"category","embeddable":true,"href":"https:\/\/akdenizolaygazetesi.com\/index.php?rest_route=%2Fwp%2Fv2%2Fcategories&post=15068"},{"taxonomy":"post_tag","embeddable":true,"href":"https:\/\/akdenizolaygazetesi.com\/index.php?rest_route=%2Fwp%2Fv2%2Ftags&post=15068"}],"curies":[{"name":"wp","href":"https:\/\/api.w.org\/{rel}","templated":true}]}}