{"id":1507,"date":"2020-11-04T18:22:04","date_gmt":"2020-11-04T15:22:04","guid":{"rendered":"http:\/\/mersinekonomipolitikagazetesi.com\/?p=1507"},"modified":"2020-11-04T18:22:04","modified_gmt":"2020-11-04T15:22:04","slug":"baskan-pamuk-afrin-gazisinin-nikahini-kiydi","status":"publish","type":"post","link":"https:\/\/akdenizolaygazetesi.com\/?p=1507","title":{"rendered":"Ba\u015fkan Pamuk, Afrin gazisinin nikah\u0131n\u0131 k\u0131yd\u0131"},"content":{"rendered":"<p>Akdeniz Belediye Ba\u015fkan\u0131 Muhittin Pamuk, Zeytin Dal\u0131 Harekat\u0131&#8217;nda gazi olan Piyade Uzman \u00c7avu\u015f Alican Ak\u00e7or ile ni\u015fanl\u0131s\u0131 Latife \u015eeker\u2019in resmi nikah\u0131n\u0131 k\u0131yd\u0131.<\/p>\n<p><span style=\"font-size:16px;\"><span style=\"font-family: sans-serif; line-height: 20px; text-align: justify; background-color: rgb(242, 244, 245);\">Pamuk, T\u00fcrk Silahl\u0131 Kuvvetleri\u2019nin Suriye\u2019nin Afrin b\u00f6lgesinde ter\u00f6r \u00f6rg\u00fctlerine y\u00f6nelik d\u00fczenledi\u011fi Zeytin Dal\u0131 Harekat\u0131 s\u0131ras\u0131nda yaralanarak gazi olan ve GATA\u2019da g\u00f6rd\u00fc\u011f\u00fc tedavinin ard\u0131ndan Mersin\u2019e d\u00f6nen Piyade Uzman \u00c7avu\u015f Alican Ak\u00e7or ile ni\u015fanl\u0131s\u0131 Latife \u015eeker\u2019in resmi nikah\u0131n\u0131 k\u0131yarak sevin\u00e7lerine ortak oldu.\u00a0<\/span><br style=\"box-sizing: border-box; font-family: sans-serif; font-size: 14px; line-height: 20px; text-align: justify; background-color: rgb(242, 244, 245);\" \/><br \/>\n<span style=\"font-family: sans-serif; line-height: 20px; text-align: justify; background-color: rgb(242, 244, 245);\">Akdeniz Belediyesi Nikah Salonunda, Afrin Gazisi Alican Ak\u00e7or ile ni\u015fanl\u0131s\u0131 Latife \u015eeker ve yak\u0131nlar\u0131n\u0131n kat\u0131ld\u0131\u011f\u0131 nikah t\u00f6reninde duygusal anlar ya\u015fand\u0131. Hayatlar\u0131n\u0131 birle\u015ftiren gen\u00e7lere \u00f6m\u00fcr boyu mutluluk ve sa\u011fl\u0131k dileyen Ba\u015fkan Pamuk, \u201cGen\u00e7lerimize ve de\u011ferli ailelerine, bu mutlu g\u00fcnlerini bizlerle payla\u015fma f\u0131rsat\u0131 verdikleri i\u00e7in \u00e7ok te\u015fekk\u00fcr ediyorum. Hay\u0131rl\u0131 ve u\u011furlu olmas\u0131n\u0131 temenni ediyor, her iki cihanda da sizlere saadetler diliyorum\u201d dedi.\u00a0<\/span><br style=\"box-sizing: border-box; font-family: sans-serif; font-size: 14px; line-height: 20px; text-align: justify; background-color: rgb(242, 244, 245);\" \/><br \/>\n<span style=\"font-family: sans-serif; line-height: 20px; text-align: justify; background-color: rgb(242, 244, 245);\">\u0130mza t\u00f6reninden sonra gen\u00e7 \u00e7iftleri kutlayan ve aile c\u00fczdan\u0131n\u0131 geline veren Ba\u015fkan Pamuk, \u00e7ifte tak\u0131 hediye etti. Nik\u00e2h t\u00f6reni, gen\u00e7 \u00e7ifte hediye edilen T\u00fcrk bayra\u011f\u0131 \u00f6n\u00fcnde hep birlikte \u00e7ekilen hat\u0131ra foto\u011fraf\u0131n\u0131n ard\u0131ndan sona erdi.\u00a0<\/span><\/span><\/p>\n","protected":false},"excerpt":{"rendered":"<p>Akdeniz Belediye Ba\u015fkan\u0131 Muhittin Pamuk, Zeytin Dal\u0131 Harekat\u0131&#8217;nda gazi olan Piyade Uzman \u00c7avu\u015f Alican Ak\u00e7or ile ni\u015fanl\u0131s\u0131 Latife \u015eeker\u2019in resmi nikah\u0131n\u0131 k\u0131yd\u0131. Pamuk, T\u00fcrk Silahl\u0131 Kuvvetleri\u2019nin Suriye\u2019nin Afrin b\u00f6lgesinde ter\u00f6r &hellip; <a href=\"https:\/\/akdenizolaygazetesi.com\/?p=1507\" class=\"more-link\">Devam\u0131n\u0131 Oku&#8230;<\/a><\/p>\n","protected":false},"author":1,"featured_media":0,"comment_status":"open","ping_status":"open","sticky":false,"template":"","format":"standard","meta":[],"categories":[],"tags":[],"_links":{"self":[{"href":"https:\/\/akdenizolaygazetesi.com\/index.php?rest_route=\/wp\/v2\/posts\/1507"}],"collection":[{"href":"https:\/\/akdenizolaygazetesi.com\/index.php?rest_route=\/wp\/v2\/posts"}],"about":[{"href":"https:\/\/akdenizolaygazetesi.com\/index.php?rest_route=\/wp\/v2\/types\/post"}],"author":[{"embeddable":true,"href":"https:\/\/akdenizolaygazetesi.com\/index.php?rest_route=\/wp\/v2\/users\/1"}],"replies":[{"embeddable":true,"href":"https:\/\/akdenizolaygazetesi.com\/index.php?rest_route=%2Fwp%2Fv2%2Fcomments&post=1507"}],"version-history":[{"count":0,"href":"https:\/\/akdenizolaygazetesi.com\/index.php?rest_route=\/wp\/v2\/posts\/1507\/revisions"}],"wp:attachment":[{"href":"https:\/\/akdenizolaygazetesi.com\/index.php?rest_route=%2Fwp%2Fv2%2Fmedia&parent=1507"}],"wp:term":[{"taxonomy":"category","embeddable":true,"href":"https:\/\/akdenizolaygazetesi.com\/index.php?rest_route=%2Fwp%2Fv2%2Fcategories&post=1507"},{"taxonomy":"post_tag","embeddable":true,"href":"https:\/\/akdenizolaygazetesi.com\/index.php?rest_route=%2Fwp%2Fv2%2Ftags&post=1507"}],"curies":[{"name":"wp","href":"https:\/\/api.w.org\/{rel}","templated":true}]}}