{"id":15078,"date":"2021-11-07T10:50:49","date_gmt":"2021-11-07T07:50:49","guid":{"rendered":"http:\/\/akdenizolaygazetesi.com\/?p=15078"},"modified":"2021-11-07T10:50:49","modified_gmt":"2021-11-07T07:50:49","slug":"oyunu-izlemeye-tum-mersinliler-davetli","status":"publish","type":"post","link":"https:\/\/akdenizolaygazetesi.com\/?p=15078","title":{"rendered":"Oyunu izlemeye t\u00fcm Mersinliler davetli"},"content":{"rendered":"<p>Mersin B\u00fcy\u00fck\u015fehir Belediyesi \u015eehir Tiyatrosu, yeni sezonda perdelerini \u2018G\u00f6kku\u015fa\u011f\u0131n\u0131n Alt\u0131nda\u2019 isimli \u00e7ocuk oyununun pr\u00f6miyeri ile a\u00e7acak. Mersin B\u00fcy\u00fck\u015fehir Belediye Ba\u015fkan\u0131 Vahap Se\u00e7er, 7 Kas\u0131m Pazar g\u00fcn\u00fc Kongre ve Sergi Saray\u0131\u2019nda saat 14.00\u2019te seyircisiyle bulu\u015facak olan oyunun provas\u0131n\u0131 izledi.<\/p>\n<p>Kongre ve Sergi Saray\u0131\u2019nda ger\u00e7ekle\u015ftirilen provay\u0131 Ba\u015fkan\u0131 Se\u00e7er ile birlikte Mersin B\u00fcy\u00fck\u015fehir Belediyesi Genel Sekreter Yard\u0131mc\u0131lar\u0131 Ali R\u0131za \u00d6zdemir ve Hasan G\u00f6kbel ile B\u00fcy\u00fck\u015fehir Belediyesi K\u00fclt\u00fcr ve Sosyal \u0130\u015fler Dairesi Ba\u015fkanl\u0131\u011f\u0131 Koordinat\u00f6r\u00fc Bengi \u0130spir \u00d6zd\u00fclger ve \u015eehir Tiyatrosu Genel Sanat Y\u00f6netmeni Murat Atak izledi.<\/p>\n<p>Oyunu izlemeye t\u00fcm Mersinliler davetli<\/p>\n<p>Ba\u015fkan Se\u00e7er, \u00fccretsiz olarak sahnelenecek oyunu izlerken, t\u00fcm \u00e7ocuklar\u0131 da oyunu izlemeye davet etti. Se\u00e7er, provan\u0131n ard\u0131ndan oyuncular ile hat\u0131ra foto\u011fraf\u0131 \u00e7ektirdi.<\/p>\n<p>Nilbanu Engindeniz\u2019in yazd\u0131\u011f\u0131, dekor ve kost\u00fcm tasar\u0131mlar\u0131n\u0131 Alev Tol\u2019un yapt\u0131\u011f\u0131 yeni sezonun ilk \u00e7ocuk oyununda y\u00f6netmen koltu\u011funda Ozan Erd\u00f6nmez oturuyor. Ayr\u0131ca, oyunda Genel Sanat Y\u00f6netmeni ve Supervisor olarak Murat Atak, dramaturg Taner \u00c7elik ve \u0131\u015f\u0131kta da Arif Temel yer al\u0131yor.<\/p>\n","protected":false},"excerpt":{"rendered":"<p>Mersin B\u00fcy\u00fck\u015fehir Belediyesi \u015eehir Tiyatrosu, yeni sezonda perdelerini \u2018G\u00f6kku\u015fa\u011f\u0131n\u0131n Alt\u0131nda\u2019 isimli \u00e7ocuk oyununun pr\u00f6miyeri ile a\u00e7acak. Mersin B\u00fcy\u00fck\u015fehir Belediye Ba\u015fkan\u0131 Vahap Se\u00e7er, 7 Kas\u0131m Pazar g\u00fcn\u00fc Kongre ve Sergi Saray\u0131\u2019nda &hellip; <a href=\"https:\/\/akdenizolaygazetesi.com\/?p=15078\" class=\"more-link\">Devam\u0131n\u0131 Oku&#8230;<\/a><\/p>\n","protected":false},"author":2,"featured_media":15079,"comment_status":"open","ping_status":"open","sticky":false,"template":"","format":"standard","meta":[],"categories":[3,5],"tags":[],"_links":{"self":[{"href":"https:\/\/akdenizolaygazetesi.com\/index.php?rest_route=\/wp\/v2\/posts\/15078"}],"collection":[{"href":"https:\/\/akdenizolaygazetesi.com\/index.php?rest_route=\/wp\/v2\/posts"}],"about":[{"href":"https:\/\/akdenizolaygazetesi.com\/index.php?rest_route=\/wp\/v2\/types\/post"}],"author":[{"embeddable":true,"href":"https:\/\/akdenizolaygazetesi.com\/index.php?rest_route=\/wp\/v2\/users\/2"}],"replies":[{"embeddable":true,"href":"https:\/\/akdenizolaygazetesi.com\/index.php?rest_route=%2Fwp%2Fv2%2Fcomments&post=15078"}],"version-history":[{"count":1,"href":"https:\/\/akdenizolaygazetesi.com\/index.php?rest_route=\/wp\/v2\/posts\/15078\/revisions"}],"predecessor-version":[{"id":15080,"href":"https:\/\/akdenizolaygazetesi.com\/index.php?rest_route=\/wp\/v2\/posts\/15078\/revisions\/15080"}],"wp:featuredmedia":[{"embeddable":true,"href":"https:\/\/akdenizolaygazetesi.com\/index.php?rest_route=\/wp\/v2\/media\/15079"}],"wp:attachment":[{"href":"https:\/\/akdenizolaygazetesi.com\/index.php?rest_route=%2Fwp%2Fv2%2Fmedia&parent=15078"}],"wp:term":[{"taxonomy":"category","embeddable":true,"href":"https:\/\/akdenizolaygazetesi.com\/index.php?rest_route=%2Fwp%2Fv2%2Fcategories&post=15078"},{"taxonomy":"post_tag","embeddable":true,"href":"https:\/\/akdenizolaygazetesi.com\/index.php?rest_route=%2Fwp%2Fv2%2Ftags&post=15078"}],"curies":[{"name":"wp","href":"https:\/\/api.w.org\/{rel}","templated":true}]}}