{"id":1508,"date":"2020-11-04T18:22:04","date_gmt":"2020-11-04T15:22:04","guid":{"rendered":"http:\/\/mersinekonomipolitikagazetesi.com\/?p=1508"},"modified":"2020-11-04T18:22:04","modified_gmt":"2020-11-04T15:22:04","slug":"cilekte-ihracat-patlamasi","status":"publish","type":"post","link":"https:\/\/akdenizolaygazetesi.com\/?p=1508","title":{"rendered":"\u00c7ilekte ihracat patlamas\u0131"},"content":{"rendered":"<p>Mersin\u2019in Silifke il\u00e7esinde \u00e7ilekte ihracat ba\u015flad\u0131. Rusya ba\u015fta olmak \u00fczere Katar ve Dubai\u2019ye g\u00f6nderilen \u00e7ilekte ihracat patlamas\u0131 ya\u015fan\u0131yor.<\/p>\n<p><span style=\"font-size:16px;\"><span style=\"font-family: sans-serif; line-height: 20px; text-align: justify; background-color: rgb(242, 244, 245);\">T\u00fcrkiye\u2019nin \u00f6nemli \u00e7ilek \u00fcretim merkezlerinden Silifke\u2019de hasat edilen \u00e7ile\u011fin bu sezonki ihracat\u0131na ba\u015fland\u0131. Kapal\u0131 alanda \u00e7ilek hasad\u0131n\u0131n ihracata g\u00f6nderildi\u011fini belirten Atayurt Komisyoncular Derne\u011fi Ba\u015fkan\u0131 Ali T\u00fcrer, \u201cBu y\u0131l 20 bin d\u00f6n\u00fcm araziden 80 bin ton \u00fcr\u00fcn bekliyoruz. \u00d6zellikle Atayurt ba\u015fta olmak \u00fczere Arkum, Atakent, Bah\u00e7ek\u00f6y, \u00c7eltik\u00e7i, Kurtulu\u015f, S\u00f6k\u00fcn ve Ta\u015fucu Mahallesinde \u00e7ilek \u00fcretimi yap\u0131lmaktad\u0131r. \u015eu an kapal\u0131 alanda \u00e7ile\u011fimiz \u00e7\u0131kt\u0131. A\u00e7\u0131kta \u00e7ile\u011fimiz \u00e7\u0131kmaz \u00fczeredir. \u0130ki g\u00fcnd\u00fcr ihracat\u0131m\u0131z ba\u015flad\u0131. \u0130hracattaki \u00e7ile\u011fimiz Rusya, Katar ve Dubai\u2019ye g\u00f6nderiliyor. \u0130hracatta b\u00fcy\u00fct talep var. Ancak yeteri kadar \u00e7ile\u011fimiz yok. \u00c7ilek i\u00e7 piyasada 4 ila 5 liradan sat\u0131l\u0131rken, ihracata 5 lira 75 kuru\u015ftan g\u00f6nderiyoruz. \u00c7ilekten 3 bin aile ge\u00e7imini sa\u011flarken, 10 bin ki\u015fi de \u00e7ilek i\u015f\u00e7isi olarak \u00e7al\u0131\u015fmaktad\u0131r\u201d dedi.\u00a0<\/span><br style=\"box-sizing: border-box; font-family: sans-serif; font-size: 14px; line-height: 20px; text-align: justify; background-color: rgb(242, 244, 245);\" \/><br \/>\n<span style=\"font-family: sans-serif; line-height: 20px; text-align: justify; background-color: rgb(242, 244, 245);\">Silifke Ticaret ve Sanayi Odas\u0131 Ba\u015fkan\u0131 Nurettin Kaynar ise \u00e7ile\u011fin Silifke\u2019de tar\u0131m anlam\u0131nda \u00e7ok \u00f6nemli bir yer tuttu\u011funu belirterek, \u201c\u00c7ilekte T\u00fcrkiye\u2019nin y\u00fczde 40\u2019n\u0131 \u00fcretim olarak biz Silifke \u00e7ift\u00e7isi sa\u011flamaktay\u0131z. \u0130hracat\u0131n ise y\u00fczde 60\u2019n\u0131 biz ger\u00e7ekle\u015ftiriyoruz. Bu y\u0131l ihracat erken ba\u015flad\u0131. Ge\u00e7en y\u0131l\u0131n ba\u015flar\u0131nda ve bu y\u0131l\u0131n sonlar\u0131nda Ortado\u011fu \u00dclkelerinden inan\u0131lmaz bir \u00e7ilek talebi var. Bu \u00fclkelere u\u00e7ak kargo ile g\u00f6nderiyoruz. A\u00e7\u0131kta Nisan ay\u0131nda ba\u015flayacak olan sezon i\u00e7in Rusya\u2019dan inan\u0131lmaz bir talep var. Sezonun ba\u015f\u0131nda olmam\u0131zdan dolay\u0131 tam kapasiteye ula\u015famad\u0131\u011f\u0131m\u0131z i\u00e7in ihracat talebine cevap veremiyoruz. \u00c7ilek Silifke ekonomisine b\u00fcy\u00fck bir girdi sa\u011fl\u0131yor. \u00dcretime ve istihdama b\u00fcy\u00fck katk\u0131s\u0131 var. Temmuz ay\u0131 sonu itibariyle biten hasad\u0131n ard\u0131ndan tarlalar\u0131n yeniden haz\u0131rlan\u0131p ard\u0131ndan dikimin yap\u0131lmas\u0131, akabinde gelen s\u00fcre\u00e7te budanmas\u0131, ila\u00e7lanmas\u0131, g\u00fcbrelenmesi, yabani ot ile m\u00fccadelesi ve toplanmas\u0131 gibi \u00e7al\u0131\u015fma s\u00fcreci bir sonraki y\u0131l\u0131n haziran ay\u0131na kadar devam ediyor\u201d dedi.\u00a0<\/span><\/span><\/p>\n","protected":false},"excerpt":{"rendered":"<p>Mersin\u2019in Silifke il\u00e7esinde \u00e7ilekte ihracat ba\u015flad\u0131. Rusya ba\u015fta olmak \u00fczere Katar ve Dubai\u2019ye g\u00f6nderilen \u00e7ilekte ihracat patlamas\u0131 ya\u015fan\u0131yor. T\u00fcrkiye\u2019nin \u00f6nemli \u00e7ilek \u00fcretim merkezlerinden Silifke\u2019de hasat edilen \u00e7ile\u011fin bu sezonki ihracat\u0131na &hellip; <a href=\"https:\/\/akdenizolaygazetesi.com\/?p=1508\" class=\"more-link\">Devam\u0131n\u0131 Oku&#8230;<\/a><\/p>\n","protected":false},"author":1,"featured_media":0,"comment_status":"open","ping_status":"open","sticky":false,"template":"","format":"standard","meta":[],"categories":[],"tags":[],"_links":{"self":[{"href":"https:\/\/akdenizolaygazetesi.com\/index.php?rest_route=\/wp\/v2\/posts\/1508"}],"collection":[{"href":"https:\/\/akdenizolaygazetesi.com\/index.php?rest_route=\/wp\/v2\/posts"}],"about":[{"href":"https:\/\/akdenizolaygazetesi.com\/index.php?rest_route=\/wp\/v2\/types\/post"}],"author":[{"embeddable":true,"href":"https:\/\/akdenizolaygazetesi.com\/index.php?rest_route=\/wp\/v2\/users\/1"}],"replies":[{"embeddable":true,"href":"https:\/\/akdenizolaygazetesi.com\/index.php?rest_route=%2Fwp%2Fv2%2Fcomments&post=1508"}],"version-history":[{"count":0,"href":"https:\/\/akdenizolaygazetesi.com\/index.php?rest_route=\/wp\/v2\/posts\/1508\/revisions"}],"wp:attachment":[{"href":"https:\/\/akdenizolaygazetesi.com\/index.php?rest_route=%2Fwp%2Fv2%2Fmedia&parent=1508"}],"wp:term":[{"taxonomy":"category","embeddable":true,"href":"https:\/\/akdenizolaygazetesi.com\/index.php?rest_route=%2Fwp%2Fv2%2Fcategories&post=1508"},{"taxonomy":"post_tag","embeddable":true,"href":"https:\/\/akdenizolaygazetesi.com\/index.php?rest_route=%2Fwp%2Fv2%2Ftags&post=1508"}],"curies":[{"name":"wp","href":"https:\/\/api.w.org\/{rel}","templated":true}]}}