{"id":15084,"date":"2021-11-07T10:55:37","date_gmt":"2021-11-07T07:55:37","guid":{"rendered":"http:\/\/akdenizolaygazetesi.com\/?p=15084"},"modified":"2021-11-07T10:55:37","modified_gmt":"2021-11-07T07:55:37","slug":"baskan-secer-burasi-halkin-tesisi","status":"publish","type":"post","link":"https:\/\/akdenizolaygazetesi.com\/?p=15084","title":{"rendered":"BA\u015eKAN SE\u00c7ER: \u201cBURASI HALKIN TES\u0130S\u0130\u201d"},"content":{"rendered":"<p>Mersin B\u00fcy\u00fck\u015fehir Belediye Ba\u015fkan\u0131 Vahap Se\u00e7er ve e\u015fi Meral Se\u00e7er, Kad\u0131n ve Aile Hizmetleri Dairesi koordinesinde Tarsus Gen\u00e7lik Kamp\u0131\u2019nda her cumartesi d\u00fczenlenen \u2018Halk G\u00fcn\u00fc Etkinli\u011fi\u2019ne kat\u0131ld\u0131. Etkinlikte kad\u0131nlar, \u00e7ocuklar ve aileleri ile bir araya gelen Ba\u015fkan Se\u00e7er, \u201cBuras\u0131 halk\u0131n tesisi. Herkes buradan yararlanacak\u201d dedi.<\/p>\n<p>Y\u00fczlerce aile Gen\u00e7lik Kamp\u0131\u2019nda doyas\u0131ya e\u011flendi<\/p>\n<p>Ba\u015fkan Se\u00e7er, etkinlikte alk\u0131\u015flar ve \u201cEn b\u00fcy\u00fck Ba\u015fkan bizim Ba\u015fkan\u201d sloganlar\u0131 ile kar\u015f\u0131land\u0131. Se\u00e7er, Halk G\u00fcn\u00fc Etkinli\u011fi\u2019ne kat\u0131lan vatanda\u015flar ile sohbet edip, selamla\u015f\u0131rken, bir\u00e7ok ki\u015fi ile hat\u0131ra foto\u011fraf\u0131 \u00e7ektirdi. Etkinlikte, y\u00fczlerce aile Tarsus Gen\u00e7lik Kamp\u0131\u2019nda doyas\u0131ya vakit ge\u00e7irme imk\u00e2n\u0131 buldu. Se\u00e7er, etkinlikte ilk olarak B\u00fcy\u00fck\u015fehir Belediyesi\u2019nin Tarsus\u2019ta bulunan Kad\u0131n ve \u00c7ocuk Bilim, Teknoloji At\u00f6lyesi\u2019nde e\u011fitim alan \u00e7ocuklar\u0131n yapt\u0131\u011f\u0131 robotlar\u0131 inceledi. Tarsus Gen\u00e7lik Kamp\u0131\u2019ndaki yeni alanlar\u0131 da inceleyen Se\u00e7er, gezici ara\u00e7ta miniklerle birlikte k\u0131sa bir gezinti yapt\u0131.<\/p>\n<p>\u201cBuras\u0131 halk\u0131n tesisi. Kimsenin mal\u0131 de\u011fil, hepimizin mal\u0131\u201d<\/p>\n<p>Ba\u015fkan Se\u00e7er, doyas\u0131ya e\u011flenen \u00e7ocuklara \u201c\u00c7ok mutlu g\u00f6r\u00fcn\u00fcyorsunuz. Buras\u0131 \u00e7ok g\u00fczel de\u011fil mi?\u201d diye sordu ve miniklerden \u201cEvet\u201d yan\u0131t\u0131n\u0131 ald\u0131. Se\u00e7er, kampa s\u00fcrekli gelen \u00e7ocuklar\u0131n da nadir gelen \u00e7ocuklar\u0131n da oldu\u011funu belirterek, B\u00fcy\u00fck\u015fehir Belediyesi olarak \u00e7ocuklar\u0131 daha s\u0131k etkinliklere g\u00f6t\u00fcreceklerini belirtti. Tarsus Gen\u00e7lik Kamp\u0131\u2019n\u0131n kap\u0131s\u0131n\u0131n herkese a\u00e7\u0131k oldu\u011funu ifade eden Se\u00e7er, \u201cBuras\u0131 halk\u0131n tesisi. Kimsenin mal\u0131 de\u011fil, hepimizin mal\u0131. Herkes buradan yararlanacak. Kad\u0131nlar\u0131, \u00e7ocuklar\u0131 o kadar seviyoruz ki onlarla ilgilenecek ayr\u0131 bir birim olu\u015fturduk ve onun ba\u015fkan\u0131n\u0131 da bir kad\u0131n arkada\u015f\u0131m\u0131z\u0131, \u015eerife Han\u0131m\u2019\u0131 yapt\u0131k. Onlar\u0131n katk\u0131lar\u0131 \u00e7ok \u00f6nemli. \u00c7ok te\u015fekk\u00fcr ediyoruz, muhtarlar\u0131m\u0131za \u00e7ok te\u015fekk\u00fcr ediyoruz, burada muhtarlar\u0131m\u0131 da g\u00f6rd\u00fcm. B\u00fct\u00fcn mahalle muhtarlar\u0131m\u0131zdan ricam\u0131z; bu organizasyonlara katk\u0131 yaps\u0131nlar, mahallelerden \u00e7ocuklar\u0131m\u0131z\u0131 buraya getirsinler. Biz her t\u00fcrl\u00fc ula\u015f\u0131m imkan\u0131m\u0131z\u0131 seferber ederiz\u201d dedi.<\/p>\n<p>\u201cG\u00fczel saatler ge\u00e7irin burada\u201d<\/p>\n<p>\u00c7ocuklara Tarsus Gen\u00e7lik Kamp\u0131\u2019nda ne ikram edildi\u011fini soran, \u201chamburger ve \u00e7ikolata\u201d yan\u0131t\u0131n\u0131 alan Ba\u015fkan Se\u00e7er, \u201cBen de her g\u00fcn gelece\u011fim buraya. Ben de \u00e7ok severim, hamburgeri, \u00e7ikolatay\u0131. Afiyet olsun, \u015feker olsun. G\u00fczel saatler ge\u00e7irin burada. Ablalar var, abiler var, sizlerle ilgileniyorlar. Mutlu bir \u015fekilde evinize d\u00f6n\u00fcn. Ama art\u0131k okul ba\u015flad\u0131. Biliyorsunuz pandemi de var. O kurallar\u0131 uygulay\u0131n mutlaka okulunuzda\u201d dedi.  <\/p>\n<p>Se\u00e7er sordu, minik \u0130kra\u2019dan \u2018Pilot\u2019 olaca\u011f\u0131 yan\u0131t\u0131 geldi<\/p>\n<p>\u201c\u00d6\u011fretmenlerinizi seviyor musunuz?\u201d sorusu \u00fczerine \u201cEvet\u201d yan\u0131t\u0131n\u0131 alan Se\u00e7er, \u201c\u00d6\u011fretmenler sevilmez mi? Anne, baba yar\u0131s\u0131. \u00d6\u011fretmenlerinizi sevin tabi ki. Eminim onlar da sizi \u00e7ok seviyor. Peki, Ba\u015f\u00f6\u011fretmen kimdi?\u201d diye bir soru daha y\u00f6neltti ve \u201cAtat\u00fcrk\u201d yan\u0131t\u0131n\u0131 ald\u0131. \u00c7ocuklara ne olmak istediklerini de soran Se\u00e7er, meslekleri sayarken, minik \u0130kra Y\u0131ld\u0131r\u0131m\u2019dan \u2018Pilot\u2019 yan\u0131t\u0131n\u0131 ald\u0131. Bunun \u00fczerine konu\u015fan Se\u00e7er, \u201cVizyona bak. Pilot olmak istiyor k\u0131z\u0131m\u0131z. Bundan yakla\u015f\u0131k 100 y\u0131l \u00f6nce T\u00fcrkiye\u2019de bir kad\u0131n pilot oldu. Sabiha G\u00f6k\u00e7en. Senin ismin ne? \u0130kra. Arap\u00e7a \u0130kra, Kur&#8217;an&#8217;da da, Kur&#8217;an&#8217;\u0131 a\u00e7t\u0131\u011f\u0131n\u0131z zaman, \u2018Oku\u2019. Demek ki do\u011fru s\u00f6yl\u00fcyorum, e\u011fitim hepimizi kurtaracak. Hepinize g\u00fczel ve e\u011flenceli saatler diliyorum. Mutlu, huzurlu olun. Bu \u00fclkede Do\u011fu\u2019dan Bat\u0131\u2019ya, Kuzey\u2019den G\u00fcney\u2019e hepiniz kimli\u011finizi \u00e7\u0131kar\u0131n, ne yaz\u0131yor \u00fczerinde, T\u00fcrkiye Cumhuriyeti Devleti. Hepimiz bu \u00fclkenin e\u015fit yurtta\u015flar\u0131y\u0131z. Herkes kendisini iyi hissetsin. Buras\u0131 Mersin, buras\u0131 T\u00fcrkiye gibi bir yer. Burada huzuru, karde\u015fli\u011fi, mutlulu\u011fu in\u015fallah hep beraber daim edece\u011fiz, hepinizi \u00e7ok seviyoruz\u201d dedi. <\/p>\n<p>Se\u00e7er, yeni Meclis Salonu\u2019nu inceledi<\/p>\n<p>Mersin B\u00fcy\u00fck\u015fehir Belediyesi Kongre ve Sergi Saray\u0131\u2019nda yer alan \u00c7ok Ama\u00e7l\u0131 Salon, yeni Meclis Salonu\u2019na d\u00f6n\u00fc\u015ft\u00fcr\u00fcld\u00fc. Ba\u015fkan Se\u00e7er, Tarsus program\u0131 d\u00f6n\u00fc\u015f\u00fcnde B\u00fcy\u00fck\u015fehir Belediyesi b\u00fcrokratlar\u0131, daire ba\u015fkanlar\u0131 ve teknik ekip ile birlikte d\u00fczenlemesi tamamlanan yeni Meclis Salonu\u2019nda incelemelerde bulundu.<\/p>\n","protected":false},"excerpt":{"rendered":"<p>Mersin B\u00fcy\u00fck\u015fehir Belediye Ba\u015fkan\u0131 Vahap Se\u00e7er ve e\u015fi Meral Se\u00e7er, Kad\u0131n ve Aile Hizmetleri Dairesi koordinesinde Tarsus Gen\u00e7lik Kamp\u0131\u2019nda her cumartesi d\u00fczenlenen \u2018Halk G\u00fcn\u00fc Etkinli\u011fi\u2019ne kat\u0131ld\u0131. Etkinlikte kad\u0131nlar, \u00e7ocuklar ve &hellip; <a href=\"https:\/\/akdenizolaygazetesi.com\/?p=15084\" class=\"more-link\">Devam\u0131n\u0131 Oku&#8230;<\/a><\/p>\n","protected":false},"author":2,"featured_media":15085,"comment_status":"open","ping_status":"open","sticky":false,"template":"","format":"standard","meta":[],"categories":[3,5],"tags":[],"_links":{"self":[{"href":"https:\/\/akdenizolaygazetesi.com\/index.php?rest_route=\/wp\/v2\/posts\/15084"}],"collection":[{"href":"https:\/\/akdenizolaygazetesi.com\/index.php?rest_route=\/wp\/v2\/posts"}],"about":[{"href":"https:\/\/akdenizolaygazetesi.com\/index.php?rest_route=\/wp\/v2\/types\/post"}],"author":[{"embeddable":true,"href":"https:\/\/akdenizolaygazetesi.com\/index.php?rest_route=\/wp\/v2\/users\/2"}],"replies":[{"embeddable":true,"href":"https:\/\/akdenizolaygazetesi.com\/index.php?rest_route=%2Fwp%2Fv2%2Fcomments&post=15084"}],"version-history":[{"count":1,"href":"https:\/\/akdenizolaygazetesi.com\/index.php?rest_route=\/wp\/v2\/posts\/15084\/revisions"}],"predecessor-version":[{"id":15086,"href":"https:\/\/akdenizolaygazetesi.com\/index.php?rest_route=\/wp\/v2\/posts\/15084\/revisions\/15086"}],"wp:featuredmedia":[{"embeddable":true,"href":"https:\/\/akdenizolaygazetesi.com\/index.php?rest_route=\/wp\/v2\/media\/15085"}],"wp:attachment":[{"href":"https:\/\/akdenizolaygazetesi.com\/index.php?rest_route=%2Fwp%2Fv2%2Fmedia&parent=15084"}],"wp:term":[{"taxonomy":"category","embeddable":true,"href":"https:\/\/akdenizolaygazetesi.com\/index.php?rest_route=%2Fwp%2Fv2%2Fcategories&post=15084"},{"taxonomy":"post_tag","embeddable":true,"href":"https:\/\/akdenizolaygazetesi.com\/index.php?rest_route=%2Fwp%2Fv2%2Ftags&post=15084"}],"curies":[{"name":"wp","href":"https:\/\/api.w.org\/{rel}","templated":true}]}}