{"id":15087,"date":"2021-11-07T10:57:10","date_gmt":"2021-11-07T07:57:10","guid":{"rendered":"http:\/\/akdenizolaygazetesi.com\/?p=15087"},"modified":"2021-11-07T10:57:10","modified_gmt":"2021-11-07T07:57:10","slug":"sanat-dostu-buyuksehir-sanatci-kadrosunu-genisletiyor","status":"publish","type":"post","link":"https:\/\/akdenizolaygazetesi.com\/?p=15087","title":{"rendered":"SANAT DOSTU B\u00dcY\u00dcK\u015eEH\u0130R, SANAT\u00c7I KADROSUNU GEN\u0130\u015eLET\u0130YOR"},"content":{"rendered":"<p>Mersin B\u00fcy\u00fck\u015fehir Belediyesi, K\u00fclt\u00fcr ve Sosyal \u0130\u015fler Dairesi b\u00fcnyesinde hizmet veren  Kent Orkestras\u0131\u2019n\u0131n kadrosunu geni\u015fletmek i\u00e7in ger\u00e7ekle\u015ftirdi\u011fi enstr\u00fcman ve solist sanat\u00e7\u0131s\u0131 al\u0131m s\u0131nav\u0131n\u0131 tamamlad\u0131. Alan\u0131nda uzman ve birbirinden de\u011ferli isimlerin j\u00fcri koltu\u011funa oturdu\u011fu s\u0131nava 126 ki\u015fi girmeye hak kazand\u0131. 4 g\u00fcn s\u00fcren ve 15 farkl\u0131 kategoride yap\u0131lan s\u0131navda adaylar yeteneklerini ve performanslar\u0131n\u0131 sergiledi. S\u0131navda, 12 farkl\u0131 kategoride al\u0131m yap\u0131ld\u0131.<\/p>\n<p>Sanat dostu B\u00fcy\u00fck\u015fehir\u2019in sanat\u00e7\u0131 kadrosu geni\u015fledi<\/p>\n<p>Kent Orkestras\u0131\u2019na d\u00fczenlenen s\u0131navla 4 keman sanat\u00e7\u0131s\u0131, 2 viyola sanat\u00e7\u0131s\u0131, 2 viyolonsel sanat\u00e7\u0131s\u0131 (\u00e7ellist\/viyolonist), 1 kontrbas sanat\u00e7\u0131s\u0131, 1 trompet sanat\u00e7\u0131s\u0131, 2 trombon sanat\u00e7\u0131s\u0131, 1 klarnet sanat\u00e7\u0131s\u0131, 1 tuba sanat\u00e7\u0131s\u0131, 1 korno sanat\u00e7\u0131s\u0131, 1 gitar sanat\u00e7\u0131s\u0131 (bas gitar), 1 gitar sanat\u00e7\u0131s\u0131 (elektro gitar), 1 fl\u00fct sanat\u00e7\u0131s\u0131, 1 ses sanat\u00e7\u0131s\u0131 (erkek), 1 klavye sanat\u00e7\u0131s\u0131 ve 1 vurmal\u0131 sazlar (bateri) sanat\u00e7\u0131s\u0131 al\u0131m\u0131 i\u00e7in s\u0131nav yap\u0131ld\u0131.<\/p>\n<p>12 kategori i\u00e7in al\u0131m yap\u0131ld\u0131<\/p>\n<p>J\u00fcri \u00fcyelerinin titiz de\u011ferlendirmeleri sonras\u0131 k\u0131sa s\u00fcrede kazananlar\u0131n a\u00e7\u0131kland\u0131\u011f\u0131 s\u0131navda keman, viyola ve trombon sanat\u00e7\u0131s\u0131 alanlar\u0131nda kazanan olmad\u0131. S\u0131navda di\u011fer 12 kategoride al\u0131m yap\u0131ld\u0131. S\u0131nav\u0131 kazananlar\u0131n listesi www.mersin.bel.tr adresindeki duyurular k\u0131sm\u0131nda yay\u0131nland\u0131.  <\/p>\n<p>\u201cB\u00fcy\u00fck\u015fehir Belediyesi Orkestras\u0131\u2019n\u0131 uluslararas\u0131 platformlarda duyurmak istiyoruz\u201d<\/p>\n<p>J\u00fcri heyetinin de\u011ferli isimlerden olu\u015ftu\u011funu ve \u00e7ok s\u0131cak bir ortamda s\u0131nav\u0131n ger\u00e7ekle\u015fti\u011fini belirten K\u00fclt\u00fcr ve Sosyal \u0130\u015fler Dairesi Ba\u015fkanl\u0131\u011f\u0131 Koordinat\u00f6r\u00fc Bengi \u0130spir \u00d6zd\u00fclger, b\u00fcy\u00fcyen orkestrayla ba\u015far\u0131l\u0131 i\u015fler yapacaklar\u0131n\u0131 s\u00f6yledi. \u00d6zd\u00fclger, \u201cMersin B\u00fcy\u00fck\u015fehir Belediyesi olarak sanata ve sanat kurumlar\u0131na yakla\u015f\u0131m\u0131m\u0131z \u00e7ok \u00fcst d\u00fczey. Amac\u0131m\u0131z; belediyemizin vizyoner bak\u0131\u015f\u0131n\u0131, sanata g\u00f6sterdi\u011fimiz b\u00fcy\u00fck sevgiyi ve ilgiyi en iyi \u015fekilde ifade edebilmek. J\u00fcrimiz son derecede de\u011ferli bir de\u011ferlendirme yapm\u0131\u015f oldu. Gelen sanat\u00e7\u0131 arkada\u015flar\u0131m\u0131z\u0131n s\u0131navlar\u0131 son derece s\u0131cak bir ortamda ger\u00e7ekle\u015fti. \u00c7ok yetenekli arkada\u015flar\u0131m\u0131z\u0131n oldu\u011funu, biraz daha \u00e7al\u0131\u015fmas\u0131 gereken arkada\u015flar\u0131m\u0131z\u0131n oldu\u011funu g\u00f6rd\u00fck. Mersin i\u00e7in b\u00fcy\u00fck bir kazan\u0131m bu s\u0131nav ve olu\u015fturdu\u011fumuz bu orkestra. \u00c7\u00fcnk\u00fc biz b\u00fcy\u00fck ve g\u00fczel i\u015fler yapmak, sadece Mersin\u2019de de\u011fil uluslararas\u0131 platformlarda Mersin B\u00fcy\u00fck\u015fehir Belediyesi Orkestras\u0131\u2019n\u0131 duyurmak istiyoruz, hedefiniz bu\u201d dedi.<\/p>\n<p>\u201cSanata, k\u00fclt\u00fcre, sanat\u00e7\u0131ya ve sanat kurumlar\u0131na \u00e7ok hassasiyet g\u00f6steriyoruz\u201d<\/p>\n<p>S\u0131nav\u0131, j\u00fcri \u00fcyeleri ile birlikte uyum i\u00e7erisinde ger\u00e7ekle\u015ftirdiklerini ifade eden \u00d6zd\u00fclger, \u201cB\u00fct\u00fcn kararlar\u0131m\u0131z\u0131 oy birli\u011fi ile ald\u0131k, bu bir ba\u015far\u0131. Oy birli\u011fiyle karar \u00e7\u0131kmas\u0131 ayn\u0131 fikirde olan, ayn\u0131 vizyona ve ayn\u0131 bak\u0131\u015f a\u00e7\u0131s\u0131na sahip bir j\u00fcri oldu\u011funun g\u00f6stergesi. Sanata, k\u00fclt\u00fcre, sanat\u00e7\u0131ya ve sanat kurumlar\u0131na \u00e7ok hassasiyet g\u00f6steriyoruz. Ba\u015fkan\u0131m\u0131z Say\u0131n Vahap Se\u00e7er\u2019in bu do\u011frultuda bizleri destekliyor ve y\u00f6nlendiriyor olmas\u0131n\u0131n verdi\u011fi g\u00fcc\u00fc ve gururu ya\u015f\u0131yoruz. Kendisine de buradan \u015f\u00fckranlar\u0131m\u0131z\u0131 ifade etmek isterim\u201d diye konu\u015ftu.<\/p>\n<p>\u00d6zd\u00fclger, Mersin B\u00fcy\u00fck\u015fehir Belediyesi\u2019nin sanata verdi\u011fi bu deste\u011fin di\u011fer belediyeler taraf\u0131ndan \u00f6rnek al\u0131nmas\u0131n\u0131 istediklerini ifade ederek, \u201cMersin halk\u0131na, Mersin seyircisine, sanatseverlerine en g\u00fczelini sunmak i\u00e7in buraday\u0131z. Amac\u0131m\u0131z bu do\u011frultuda en iyisini yapabilmek\u201d ifadelerine yer verdi.<\/p>\n<p>\u201cUmut ediyorum orkestra daha da b\u00fcy\u00fcyecek\u201d<\/p>\n<p>J\u00fcri \u00fcyelerinden \u0130zmir Devlet Opera ve Balesi Orkestra \u015eefi \u0130brahim Yaz\u0131c\u0131, s\u0131navda j\u00fcri \u00fcyesi olarak yer almaktan gurur duydu\u011funu belirterek, \u201c\u00c7ok g\u00fczel bir orkestran\u0131n olu\u015fumu i\u00e7in g\u00fczel bir \u00e7ekirdek kadro ald\u0131\u011f\u0131m\u0131z\u0131 d\u00fc\u015f\u00fcn\u00fcyorum. \u00dcmit ediyorum ki yak\u0131nda bu orkestram\u0131z daha da b\u00fcy\u00fcyecek, daha da ses getirecek \u00e7ok g\u00fczel i\u015flere imza atacak\u201d dedi.<\/p>\n<p>\u201cT\u00fcrkiye\u2019nin buna ihtiyac\u0131 var ve \u00e7ok g\u00fczel bir ba\u015flang\u0131\u00e7 oldu\u011funu d\u00fc\u015f\u00fcn\u00fcyorum\u201d<\/p>\n<p>J\u00fcri \u00fcyelerinden Mersin Opera ve Balesi Keman Sanat\u00e7\u0131s\u0131 A. Deniz \u015eaml\u0131o\u011flu,  Mersin B\u00fcy\u00fck\u015fehir Belediyesi\u2019nin yapt\u0131\u011f\u0131 s\u0131navlar\u0131n t\u00fcm T\u00fcrkiye\u2019ye \u00f6rnek olmas\u0131n\u0131 istedi\u011fini belirterek, \u201cBunun \u00e7ok g\u00fczel bir ba\u015flang\u0131\u00e7 oldu\u011funu d\u00fc\u015f\u00fcn\u00fcyorum ve umar\u0131m herkes Mersin\u2019i \u00f6rnek al\u0131r. Bu insanlara da i\u015f ortamlar\u0131, yer a\u00e7m\u0131\u015f olaca\u011f\u0131z. Biz m\u00fczisyenlerin ve serbest \u00e7al\u0131\u015fan m\u00fczisyenlerin buna ihtiyac\u0131 var. Bunu hak eden \u00e7ok insan var\u201d diye konu\u015ftu.<\/p>\n<p>J\u00fcri \u00fcyelerinden Ankara B\u00fcy\u00fck\u015fehir Belediyesi Kent Orkestras\u0131 \u015eefi Kemal G\u00fcn\u00fc\u00e7, \u201cBunun T\u00fcrkiye\u2019deki di\u011fer belediyelere \u00f6rnek olaca\u011f\u0131n\u0131 d\u00fc\u015f\u00fcn\u00fcyorum. Bu bir ba\u015flang\u0131\u00e7t\u0131r, bu bir ate\u015ftir diye d\u00fc\u015f\u00fcn\u00fcyorum\u201d dedi.<\/p>\n<p>\u201cBu g\u00fczel performanslar\u0131 hep birlikte de\u011ferlendirdik\u201d<\/p>\n<p>Mersin Devlet Opera ve Balesi M\u00fcd\u00fcrl\u00fc\u011f\u00fc Konzertmaister Marina Kvl\u0131v\u0131dze, 20  y\u0131ld\u0131r Mersin\u2019de ya\u015fad\u0131\u011f\u0131n\u0131 belirterek, s\u0131navda adil bir de\u011ferlendirme yap\u0131ld\u0131\u011f\u0131n\u0131 s\u00f6yledi. Kvl\u0131v\u0131dze, \u201cBu s\u0131navda \u00e7ocuklar \u00e7ok g\u00fczel bir performans g\u00f6sterdi. \u00c7ok mutlu oldum. Bu g\u00fczel performanslar\u0131 hep birlikte de\u011ferlendirdik\u201d ifadelerini kulland\u0131.<\/p>\n","protected":false},"excerpt":{"rendered":"<p>Mersin B\u00fcy\u00fck\u015fehir Belediyesi, K\u00fclt\u00fcr ve Sosyal \u0130\u015fler Dairesi b\u00fcnyesinde hizmet veren Kent Orkestras\u0131\u2019n\u0131n kadrosunu geni\u015fletmek i\u00e7in ger\u00e7ekle\u015ftirdi\u011fi enstr\u00fcman ve solist sanat\u00e7\u0131s\u0131 al\u0131m s\u0131nav\u0131n\u0131 tamamlad\u0131. Alan\u0131nda uzman ve birbirinden de\u011ferli isimlerin &hellip; <a href=\"https:\/\/akdenizolaygazetesi.com\/?p=15087\" class=\"more-link\">Devam\u0131n\u0131 Oku&#8230;<\/a><\/p>\n","protected":false},"author":2,"featured_media":15088,"comment_status":"open","ping_status":"open","sticky":false,"template":"","format":"standard","meta":[],"categories":[2,3,5],"tags":[],"_links":{"self":[{"href":"https:\/\/akdenizolaygazetesi.com\/index.php?rest_route=\/wp\/v2\/posts\/15087"}],"collection":[{"href":"https:\/\/akdenizolaygazetesi.com\/index.php?rest_route=\/wp\/v2\/posts"}],"about":[{"href":"https:\/\/akdenizolaygazetesi.com\/index.php?rest_route=\/wp\/v2\/types\/post"}],"author":[{"embeddable":true,"href":"https:\/\/akdenizolaygazetesi.com\/index.php?rest_route=\/wp\/v2\/users\/2"}],"replies":[{"embeddable":true,"href":"https:\/\/akdenizolaygazetesi.com\/index.php?rest_route=%2Fwp%2Fv2%2Fcomments&post=15087"}],"version-history":[{"count":1,"href":"https:\/\/akdenizolaygazetesi.com\/index.php?rest_route=\/wp\/v2\/posts\/15087\/revisions"}],"predecessor-version":[{"id":15089,"href":"https:\/\/akdenizolaygazetesi.com\/index.php?rest_route=\/wp\/v2\/posts\/15087\/revisions\/15089"}],"wp:featuredmedia":[{"embeddable":true,"href":"https:\/\/akdenizolaygazetesi.com\/index.php?rest_route=\/wp\/v2\/media\/15088"}],"wp:attachment":[{"href":"https:\/\/akdenizolaygazetesi.com\/index.php?rest_route=%2Fwp%2Fv2%2Fmedia&parent=15087"}],"wp:term":[{"taxonomy":"category","embeddable":true,"href":"https:\/\/akdenizolaygazetesi.com\/index.php?rest_route=%2Fwp%2Fv2%2Fcategories&post=15087"},{"taxonomy":"post_tag","embeddable":true,"href":"https:\/\/akdenizolaygazetesi.com\/index.php?rest_route=%2Fwp%2Fv2%2Ftags&post=15087"}],"curies":[{"name":"wp","href":"https:\/\/api.w.org\/{rel}","templated":true}]}}