{"id":15090,"date":"2021-11-08T13:03:34","date_gmt":"2021-11-08T10:03:34","guid":{"rendered":"http:\/\/akdenizolaygazetesi.com\/?p=15090"},"modified":"2021-11-08T13:03:34","modified_gmt":"2021-11-08T10:03:34","slug":"akdenizli-genclerin-sanata-olan-ilgilerini-takdir-ediyorum","status":"publish","type":"post","link":"https:\/\/akdenizolaygazetesi.com\/?p=15090","title":{"rendered":"&#8220;AKDEN\u0130ZL\u0130 GEN\u00c7LER\u0130N SANATA OLAN \u0130LG\u0130LER\u0130N\u0130 TAKD\u0130R ED\u0130YORUM&#8221;"},"content":{"rendered":"<p> Nusratiye Mahalle Muhtarl\u0131\u011f\u0131 b\u00fcnyesinde a\u00e7\u0131lan Akdeniz Karacao\u011flan Halk E\u011fitim Merkezi&#8217;nin sertifika t\u00f6reninde konu\u015fan Akdeniz Belediye Ba\u015fkan\u0131 Mustafa G\u00fcltak; &#8220;Gen\u00e7lerimizin sanata olan ilgi ve \u00e7abalar\u0131n\u0131 takdirle kar\u015f\u0131l\u0131yor; her daim destek\u00e7ileri olaca\u011f\u0131m\u0131z\u0131 bir kez daha dile getiriyorum&#8221; dedi.<br \/>\nAkdeniz Belediyesi Konferans Salonunda ger\u00e7ekle\u015fen etkinli\u011fe Ba\u015fkan Mustafa G\u00fcltak&#8217;\u0131n yan\u0131 s\u0131ra, Nusratiye Mahalle Muhtar\u0131 Mehmet Dindar, Karacao\u011flan Halk E\u011fitim Merkezi M\u00fcd\u00fcr\u00fc Yunus Ayhan, Karacao\u011flan Halk E\u011fitim Merkezi e\u011fitmenleri, veliler, \u00f6\u011frenciler ve \u00e7ok say\u0131da sanat sever kat\u0131ld\u0131.<br \/>\nDrama \u00f6\u011frencilerinin tiyatro g\u00f6sterisi ile ba\u015flayan etkinlik, Kafkas dans grubu ve i\u015faret dili e\u011fitmenlerinin sunumlar\u0131 ile devam etti. \u0130zleyenlere keyifli anlar ya\u015fatan 76 \u00f6\u011frenciye sertifikalar\u0131n\u0131 takdim eden Ba\u015fkan Mustafa G\u00fcltak; Akdeniz&#8217;de bu tarz etkinliklerin olmas\u0131ndan dolay\u0131 gurur duydu\u011funu s\u00f6yleyerek kat\u0131l\u0131mc\u0131lar\u0131 ve e\u011fitmenleri tebrik etti.<br \/>\nKonuya ili\u015fkin de\u011ferlendirme yapan Ba\u015fkan G\u00fcltak; &#8220;Karacao\u011flan Halk E\u011fitim Merkezi ve Nusratiye Mahalle Muhtarl\u0131\u011f\u0131&#8217;n\u0131n emekleri ile \u00e7ok g\u00fczel sanatsal g\u00f6steriler izledik. Halk E\u011fitim Merkezi M\u00fcd\u00fcr\u00fcm\u00fcz Yunus Ayhan ve Muhtar\u0131m\u0131z Mehmet Dindar&#8217;a te\u015fekk\u00fcr ediyorum. Muhtar\u0131m\u0131z Mehmet Dindar, muhtarl\u0131\u011f\u0131n d\u0131\u015f\u0131nda \u00e7ok fazla i\u015fe de emek veriyor. Nusratiyeliler olarak kendinizi \u015fansl\u0131 hissedebilirsiniz. Ayr\u0131ca bizler sanatsal faaliyetleriniz i\u00e7in de \u00e7al\u0131\u015fmalar yapabilece\u011finiz \u00e7ok g\u00fczel bir tesis yapt\u0131k; anahtar\u0131 da muhtar\u0131m\u0131z\u0131n kendisine teslim ettik. Bundan sonra orada rahat rahat \u00e7al\u0131\u015fabilirsiniz. Hepinize ba\u015far\u0131lar diliyor; te\u015fekk\u00fcr ediyorum&#8221; dedi. <\/p>\n","protected":false},"excerpt":{"rendered":"<p>Nusratiye Mahalle Muhtarl\u0131\u011f\u0131 b\u00fcnyesinde a\u00e7\u0131lan Akdeniz Karacao\u011flan Halk E\u011fitim Merkezi&#8217;nin sertifika t\u00f6reninde konu\u015fan Akdeniz Belediye Ba\u015fkan\u0131 Mustafa G\u00fcltak; &#8220;Gen\u00e7lerimizin sanata olan ilgi ve \u00e7abalar\u0131n\u0131 takdirle kar\u015f\u0131l\u0131yor; her daim destek\u00e7ileri olaca\u011f\u0131m\u0131z\u0131 &hellip; <a href=\"https:\/\/akdenizolaygazetesi.com\/?p=15090\" class=\"more-link\">Devam\u0131n\u0131 Oku&#8230;<\/a><\/p>\n","protected":false},"author":2,"featured_media":15091,"comment_status":"open","ping_status":"open","sticky":false,"template":"","format":"standard","meta":[],"categories":[1,3,5],"tags":[],"_links":{"self":[{"href":"https:\/\/akdenizolaygazetesi.com\/index.php?rest_route=\/wp\/v2\/posts\/15090"}],"collection":[{"href":"https:\/\/akdenizolaygazetesi.com\/index.php?rest_route=\/wp\/v2\/posts"}],"about":[{"href":"https:\/\/akdenizolaygazetesi.com\/index.php?rest_route=\/wp\/v2\/types\/post"}],"author":[{"embeddable":true,"href":"https:\/\/akdenizolaygazetesi.com\/index.php?rest_route=\/wp\/v2\/users\/2"}],"replies":[{"embeddable":true,"href":"https:\/\/akdenizolaygazetesi.com\/index.php?rest_route=%2Fwp%2Fv2%2Fcomments&post=15090"}],"version-history":[{"count":1,"href":"https:\/\/akdenizolaygazetesi.com\/index.php?rest_route=\/wp\/v2\/posts\/15090\/revisions"}],"predecessor-version":[{"id":15092,"href":"https:\/\/akdenizolaygazetesi.com\/index.php?rest_route=\/wp\/v2\/posts\/15090\/revisions\/15092"}],"wp:featuredmedia":[{"embeddable":true,"href":"https:\/\/akdenizolaygazetesi.com\/index.php?rest_route=\/wp\/v2\/media\/15091"}],"wp:attachment":[{"href":"https:\/\/akdenizolaygazetesi.com\/index.php?rest_route=%2Fwp%2Fv2%2Fmedia&parent=15090"}],"wp:term":[{"taxonomy":"category","embeddable":true,"href":"https:\/\/akdenizolaygazetesi.com\/index.php?rest_route=%2Fwp%2Fv2%2Fcategories&post=15090"},{"taxonomy":"post_tag","embeddable":true,"href":"https:\/\/akdenizolaygazetesi.com\/index.php?rest_route=%2Fwp%2Fv2%2Ftags&post=15090"}],"curies":[{"name":"wp","href":"https:\/\/api.w.org\/{rel}","templated":true}]}}