{"id":15096,"date":"2021-11-08T13:07:35","date_gmt":"2021-11-08T10:07:35","guid":{"rendered":"http:\/\/akdenizolaygazetesi.com\/?p=15096"},"modified":"2021-11-08T13:07:35","modified_gmt":"2021-11-08T10:07:35","slug":"huznun-sairi-umit-yasar-oguzcanin-unutulmaz-siirleri-okundu","status":"publish","type":"post","link":"https:\/\/akdenizolaygazetesi.com\/?p=15096","title":{"rendered":"H\u00dcZN\u00dcN \u015eA\u0130R\u0130 \u00dcM\u0130T YA\u015eAR O\u011eUZCAN\u2019IN UNUTULMAZ \u015e\u0130\u0130RLER\u0130 OKUNDU"},"content":{"rendered":"<p>Mersin B\u00fcy\u00fck\u015fehir Belediyesi \u0130nsan Kaynaklar\u0131 ve E\u011fitim Dairesi\u2019nin Sosyal Faaliyet Kul\u00fcpleri Projesi kapsam\u0131nda \u00e7al\u0131\u015fma y\u00fcr\u00fcten \u015eiir Kul\u00fcb\u00fc, \u00fcnl\u00fc \u015fair \u00dcmit Ya\u015far O\u011fuzcan\u2019\u0131n 37. \u00f6l\u00fcm y\u0131l d\u00f6n\u00fcm\u00fc i\u00e7in \u2018Anma Etkinli\u011fi\u2019 d\u00fczenledi. H\u00fczn\u00fcn \u015fairinin unutulmaz \u015fiirleriyle an\u0131ld\u0131\u011f\u0131 programda, \u00dcmit Ya\u015far O\u011fuzcan\u2019\u0131n \u015fiirlerinden bestelenen eserlerini de B\u00fcy\u00fck\u015fehir Belediyesi Konservatuvar sanat\u00e7\u0131lar\u0131 seslendirdi.<br \/>\nH\u00fczn\u00fcn \u015fairinin \u015fiirleri kat\u0131l\u0131mc\u0131lar\u0131 h\u00fcz\u00fcnlendirdi<br \/>\nKongre ve Sergi Saray\u0131\u2019nda d\u00fczenlenen etkinli\u011fe; B\u00fcy\u00fck\u015fehir Belediyesi Genel Sekreter Yard\u0131mc\u0131s\u0131 Hasan G\u00f6kbel, B\u00fcy\u00fck\u015fehir Belediyesi personeli ve vatanda\u015flar kat\u0131ld\u0131. Etkinlikte, K\u00fclt\u00fcr ve Sosyal \u0130\u015fler Daire Ba\u015fkanl\u0131\u011f\u0131\u2019nda etkinlik sorumlusu ve B\u00fcy\u00fck\u015fehir \u015eiir Kul\u00fcb\u00fc Ba\u015fkan\u0131 Sonay Ar\u0131c\u0131 ile \u00c7evre Koruma ve Kontrol Dairesi Temizlik \u015eube M\u00fcd\u00fcr\u00fc, \u015eiir Kul\u00fcb\u00fc Sorumlusu \u0130brahim Can sunum yapt\u0131.<br \/>\n\u00dcmit Ya\u015far O\u011fuzcan\u2019\u0131n \u015fiirleri; B\u00fcy\u00fck\u015fehir \u015eiir Kul\u00fcb\u00fc Ba\u015fkan\u0131 Sonay Ar\u0131c\u0131, \u015eiir Kul\u00fcb\u00fc ile Mersin \u015eairler ve Yazarlar Derne\u011fi \u00fcyesi Sultan Ko\u00e7, \u015eiir Kul\u00fcb\u00fc Sorumlusu \u0130brahim Can, \u015eiir Kul\u00fcb\u00fc \u00fcyeleri Dilek Y\u00f6r\u00fck ve Yahya Vurucu, MES\u0130AD Y\u00f6netim Kurulu \u00fcyesi Sait Dervi\u015fo\u011flu, Mersin \u015eairler ve Yazarlar Derne\u011fi \u00fcyesi Nuray \u00d6ng\u00fc\u00e7, \u015fair ve yazar Erdal Dalg\u0131\u00e7,  \u00f6zel bir hastanenin Ba\u015fhekimi, uzman doktor ve yorumcu Murat M\u0131h\u00e7\u0131o\u011flu, emekli haber spikeri Hakan Erendor, yazar ve e\u011fitmen Nahide Tuna ile \u015fair, yazar ve e\u011fitmen Ali Yedig\u00f6z taraf\u0131ndan seslendirildi.<br \/>\nMerhum \u015fairin akrabalar\u0131 an\u0131lar\u0131n\u0131 payla\u015ft\u0131<br \/>\n\u015eair \u00dcmit Ya\u015far O\u011fuzcan\u2019\u0131n ailesini; anne ve babas\u0131n\u0131n ya\u015fam\u0131n\u0131 Hikmet O\u011fuzcan anlatt\u0131. O\u011fuzcan\u2019\u0131n \u015fiir yazmaya babas\u0131 sayesinde ba\u015flad\u0131\u011f\u0131n\u0131 belirten Hikmet O\u011fuzcan, h\u00fczn\u00fcn \u015fairinin \u015fiir anlay\u0131\u015f\u0131n\u0131 \u015fiirleriyle anlatt\u0131. Mehmet O\u011fuzcan da \u00dcmit Ya\u015far O\u011fuzcan\u2019la olan an\u0131lar\u0131n\u0131 anlat\u0131rken, kendisinden dinledi\u011fi \u015fiirleri okudu. \u015eair O\u011fuzcan\u2019\u0131n unutulmaz eserleri B\u00fcy\u00fck\u015fehir Belediyesi Konservatuvar\u0131 ses ve enstr\u00fcman sanat\u00e7\u0131lar\u0131 taraf\u0131ndan seslendirildi.<br \/>\n\u201cAhde vefan\u0131n ne kadar \u00f6nemli oldu\u011funu bu ak\u015fam bir kez daha anlad\u0131m\u201d<br \/>\nB\u00fcy\u00fck\u015fehir Belediyesi Genel Sekreter Yard\u0131mc\u0131s\u0131 Hasan G\u00f6kbel, \u00dcmit Ya\u015far O\u011fuzcan\u2019\u0131n 58 y\u0131ll\u0131k ya\u015fam \u00f6yk\u00fcs\u00fcn\u00fcn kendisini h\u00fcz\u00fcnlendirdi\u011fini, ayn\u0131 zamanda Tarsuslu olmas\u0131n\u0131n \u00f6v\u00fcn\u00e7 kayna\u011f\u0131 oldu\u011funu ifade ederek, \u015funlar\u0131 s\u00f6yledi:<br \/>\n\u201cAhde vefan\u0131n ne kadar \u00f6nemli oldu\u011funu bu ak\u015fam bir kez daha anlad\u0131m. H\u00fcz\u00fcnl\u00fc bir ak\u015fam ge\u00e7irdik belki ama \u00fcnl\u00fc \u015fairimizin ger\u00e7ekten 58 y\u0131ll\u0131k bir ya\u015fam \u00f6yk\u00fcs\u00fcnde ne kadar dramatik g\u00fcnler ge\u00e7irdi\u011fini ve \u00f6zellikle 1973 y\u0131l\u0131nda o\u011flunun intihar\u0131yla daha da ac\u0131lar\u0131n i\u00e7erisine kendini b\u0131rakt\u0131\u011f\u0131n\u0131 g\u00f6rd\u00fck. Tabii \u00dcmit Ya\u015far O\u011fuzcan\u2019\u0131n Mersinli, Tarsuslu olmas\u0131 bizler i\u00e7in \u00f6v\u00fcn\u00e7 kayna\u011f\u0131. \u00d6zellikle bug\u00fcn, hem \u015fiir anlam\u0131nda hem de g\u00fcftelerin \u015fark\u0131lara d\u00f6n\u00fc\u015ft\u00fc\u011f\u00fc noktalarda de\u011ferli \u015fairimizin ne kadar \u00f6nemli oldu\u011funu bir kez daha anlad\u0131k.\u201d<\/p>\n","protected":false},"excerpt":{"rendered":"<p>Mersin B\u00fcy\u00fck\u015fehir Belediyesi \u0130nsan Kaynaklar\u0131 ve E\u011fitim Dairesi\u2019nin Sosyal Faaliyet Kul\u00fcpleri Projesi kapsam\u0131nda \u00e7al\u0131\u015fma y\u00fcr\u00fcten \u015eiir Kul\u00fcb\u00fc, \u00fcnl\u00fc \u015fair \u00dcmit Ya\u015far O\u011fuzcan\u2019\u0131n 37. \u00f6l\u00fcm y\u0131l d\u00f6n\u00fcm\u00fc i\u00e7in \u2018Anma Etkinli\u011fi\u2019 d\u00fczenledi. &hellip; <a href=\"https:\/\/akdenizolaygazetesi.com\/?p=15096\" class=\"more-link\">Devam\u0131n\u0131 Oku&#8230;<\/a><\/p>\n","protected":false},"author":2,"featured_media":15097,"comment_status":"open","ping_status":"open","sticky":false,"template":"","format":"standard","meta":[],"categories":[3,5],"tags":[],"_links":{"self":[{"href":"https:\/\/akdenizolaygazetesi.com\/index.php?rest_route=\/wp\/v2\/posts\/15096"}],"collection":[{"href":"https:\/\/akdenizolaygazetesi.com\/index.php?rest_route=\/wp\/v2\/posts"}],"about":[{"href":"https:\/\/akdenizolaygazetesi.com\/index.php?rest_route=\/wp\/v2\/types\/post"}],"author":[{"embeddable":true,"href":"https:\/\/akdenizolaygazetesi.com\/index.php?rest_route=\/wp\/v2\/users\/2"}],"replies":[{"embeddable":true,"href":"https:\/\/akdenizolaygazetesi.com\/index.php?rest_route=%2Fwp%2Fv2%2Fcomments&post=15096"}],"version-history":[{"count":1,"href":"https:\/\/akdenizolaygazetesi.com\/index.php?rest_route=\/wp\/v2\/posts\/15096\/revisions"}],"predecessor-version":[{"id":15098,"href":"https:\/\/akdenizolaygazetesi.com\/index.php?rest_route=\/wp\/v2\/posts\/15096\/revisions\/15098"}],"wp:featuredmedia":[{"embeddable":true,"href":"https:\/\/akdenizolaygazetesi.com\/index.php?rest_route=\/wp\/v2\/media\/15097"}],"wp:attachment":[{"href":"https:\/\/akdenizolaygazetesi.com\/index.php?rest_route=%2Fwp%2Fv2%2Fmedia&parent=15096"}],"wp:term":[{"taxonomy":"category","embeddable":true,"href":"https:\/\/akdenizolaygazetesi.com\/index.php?rest_route=%2Fwp%2Fv2%2Fcategories&post=15096"},{"taxonomy":"post_tag","embeddable":true,"href":"https:\/\/akdenizolaygazetesi.com\/index.php?rest_route=%2Fwp%2Fv2%2Ftags&post=15096"}],"curies":[{"name":"wp","href":"https:\/\/api.w.org\/{rel}","templated":true}]}}