{"id":1510,"date":"2020-11-04T18:22:04","date_gmt":"2020-11-04T15:22:04","guid":{"rendered":"http:\/\/mersinekonomipolitikagazetesi.com\/?p=1510"},"modified":"2020-11-04T18:22:04","modified_gmt":"2020-11-04T15:22:04","slug":"mersinde-azimli-kadinlar-guclu-yarinlar-paneli","status":"publish","type":"post","link":"https:\/\/akdenizolaygazetesi.com\/?p=1510","title":{"rendered":"Mersin&#8217;de \u2018Azimli Kad\u0131nlar G\u00fc\u00e7l\u00fc Yar\u0131nlar\u2019 paneli"},"content":{"rendered":"<p>Mersin&#8217;de azmederek kendi alanlar\u0131nda ba\u015far\u0131ya ula\u015fm\u0131\u015f kad\u0131nlar, tecr\u00fcbelerini hemcinsleriyle payla\u015ft\u0131.<\/p>\n<p><span style=\"font-size:16px;\"><span style=\"font-family: sans-serif; line-height: 20px; text-align: justify; background-color: rgb(242, 244, 245);\">Mersin Ticaret ve Sanayi Odas\u0131 (MTSO) taraf\u0131ndan, &#8216;8 Mart D\u00fcnya Kad\u0131nlar G\u00fcn\u00fc&#8217; dolay\u0131s\u0131yla Mersinli kad\u0131nlara rol model olu\u015fturacak ve potansiyelleri hakk\u0131nda fark\u0131ndal\u0131k olu\u015fturan ba\u015far\u0131l\u0131 isimlerin konu\u015fmac\u0131 olarak kat\u0131ld\u0131\u011f\u0131, \u2018Azimli Kad\u0131nlar G\u00fc\u00e7l\u00fc Yar\u0131nlar\u2019 paneli d\u00fczenlendi.\u00a0<\/span><br style=\"box-sizing: border-box; font-family: sans-serif; font-size: 14px; line-height: 20px; text-align: justify; background-color: rgb(242, 244, 245);\" \/><br \/>\n<span style=\"font-family: sans-serif; line-height: 20px; text-align: justify; background-color: rgb(242, 244, 245);\">\u0130ki oturum halinde d\u00fczenlenen panelin a\u00e7\u0131l\u0131\u015f\u0131nda konu\u015fan MTSO Ba\u015fkan\u0131 \u015eerafettin A\u015fut, d\u00fcnyan\u0131n \u00fc\u00e7\u00fcnc\u00fc bin y\u0131la girerken, yepyeni bir devrimden ge\u00e7ti\u011fini ifade ederek, bunun sadece ekonomik ve end\u00fcstriyel bir devrim olmad\u0131\u011f\u0131n\u0131, sonu\u00e7lar\u0131 itibariyle bir ya\u015fam \u015fekli, bir sosyal devrim oldu\u011funu s\u00f6yledi. \u201cBilgi \u00e7a\u011f\u0131ndan ve bilgiyi elde edenlerin yeni d\u00fcnyan\u0131n g\u00fcc\u00fc olaca\u011f\u0131ndan bahsediyoruz\u201d diyen A\u015fut, \u201cArt\u0131k erkek dominant bir i\u015f d\u00fcnyas\u0131n\u0131n, kas g\u00fcc\u00fcne dayanan bir ekonomik ya\u015fam\u0131n sona erdi\u011finden bahsediyoruz. Yeni \u00e7a\u011f\u0131n \u00f6nc\u00fclerinin bug\u00fcne kadar yok say\u0131lan gen\u00e7ler ve kad\u0131nlar olaca\u011f\u0131n\u0131n alt\u0131n\u0131 \u00e7izerek vurgulamak istiyorum\u201d dedi.\u00a0<\/span><br style=\"box-sizing: border-box; font-family: sans-serif; font-size: 14px; line-height: 20px; text-align: justify; background-color: rgb(242, 244, 245);\" \/><br \/>\n<span style=\"font-family: sans-serif; line-height: 20px; text-align: justify; background-color: rgb(242, 244, 245);\">&#8220;Gelecek kad\u0131nlar\u0131n olacakt\u0131r&#8221;\u00a0<\/span><br style=\"box-sizing: border-box; font-family: sans-serif; font-size: 14px; line-height: 20px; text-align: justify; background-color: rgb(242, 244, 245);\" \/><br \/>\n<span style=\"font-family: sans-serif; line-height: 20px; text-align: justify; background-color: rgb(242, 244, 245);\">Kad\u0131nlar\u0131n e\u011fitime daha a\u00e7\u0131k olmas\u0131, de\u011fi\u015fime a\u00e7\u0131k, sezgilerinin ve y\u00f6netim becerilerinin g\u00fc\u00e7l\u00fc olmas\u0131, daha da \u00f6nemlisi yeni devrimin dayana\u011f\u0131 yarat\u0131c\u0131l\u0131\u011f\u0131n kad\u0131nlarda daha g\u00fc\u00e7l\u00fc olmas\u0131 nedeniyle kad\u0131nlar\u0131n 21. y\u00fczy\u0131l\u0131n \u00f6nc\u00fcs\u00fc olaca\u011f\u0131n\u0131 vurgulayan A\u015fut, &#8220;Bu bir temenni de\u011fil, bir realitedir. Erkek egemen bir ekonomide, bug\u00fcn kad\u0131nlar, yaln\u0131zca finans ve e\u011fitim sekt\u00f6r\u00fcnde erkeklerle ayn\u0131 seviyede yer al\u0131yor. Di\u011fer alanlar, erkeklerin bask\u0131n oldu\u011fu alanlar. \u0130nan\u0131n 21. y\u00fczy\u0131l\u0131n ekonomik, sosyal ve teknolojik geli\u015fmeleri sonunda, e\u011fer kad\u0131nlar\u0131m\u0131z bu gelece\u011fe haz\u0131rlanacak e\u011fitimi iyi al\u0131rsa, gelecek kad\u0131nlar\u0131n olacakt\u0131r. E\u011fitimli kad\u0131n, y\u00fcksek bir medeniyet demektir. Olaya hangi a\u00e7\u0131dan bakarsan\u0131z bak\u0131n, d\u00fcnya g\u00f6r\u00fc\u015f\u00fcn\u00fcz, siyasi g\u00f6r\u00fc\u015f\u00fcn\u00fcz ne olursa olsun milletimizin ba\u015fka se\u00e7ene\u011fi zaten yoktur\u201d ifadelerini kulland\u0131.\u00a0<\/span><br style=\"box-sizing: border-box; font-family: sans-serif; font-size: 14px; line-height: 20px; text-align: justify; background-color: rgb(242, 244, 245);\" \/><br \/>\n<span style=\"font-family: sans-serif; line-height: 20px; text-align: justify; background-color: rgb(242, 244, 245);\">MTSO olarak bu bilin\u00e7le hareket ettiklerini, kad\u0131n\u0131n ekonomiye entegrasyonu ad\u0131na kad\u0131nlar\u0131n giri\u015fimci olmalar\u0131, toplumun i\u00e7inde \u00f6nc\u00fc konumda olmalar\u0131 ad\u0131na projeler yapt\u0131klar\u0131n\u0131 anlatan A\u015fut, \u201cKad\u0131nlar\u0131n\u0131 yok sayan bir toplum, ne ekonomide ne sosyal\u00a0<\/span><br style=\"box-sizing: border-box; font-family: sans-serif; font-size: 14px; line-height: 20px; text-align: justify; background-color: rgb(242, 244, 245);\" \/><br \/>\n<span style=\"font-family: sans-serif; line-height: 20px; text-align: justify; background-color: rgb(242, 244, 245);\">ya\u015famda ne de b\u00fct\u00fcnc\u00fcl bir \u00fclke kalk\u0131nmas\u0131nda bir yere gelebilir. Gelin bu toplant\u0131da kad\u0131nlar\u0131n, haklar\u0131n\u0131 s\u00f6ke s\u00f6ke ald\u0131klar\u0131, bu konuda sizlerin de daha \u00e7ok \u00e7aba g\u00f6sterdi\u011fi bir kad\u0131n profili yaratmaya s\u00f6z verelim\u201d diye konu\u015ftu.\u00a0<\/span><br style=\"box-sizing: border-box; font-family: sans-serif; font-size: 14px; line-height: 20px; text-align: justify; background-color: rgb(242, 244, 245);\" \/><br \/>\n<span style=\"font-family: sans-serif; line-height: 20px; text-align: justify; background-color: rgb(242, 244, 245);\">\u0130ki oturumda ger\u00e7ekle\u015fen panelin moderat\u00f6rl\u00fc\u011f\u00fcn\u00fc Ba\u015fkent \u00dcniversitesi Psikoloji B\u00f6l\u00fcm\u00fc \u00d6\u011fretim \u00dcyesi Yrd. Do\u00e7. Dr. Zuhal Yeni\u00e7eri K\u00f6kdemir yapt\u0131. \u0130lk oturumun konu\u015fmac\u0131lar\u0131 ressam Ay\u015fe I\u015f\u0131k, T\u00fcrk Hava Yollar\u0131nda kaptan pilotu Dilek Karaba\u011fl\u0131, yard\u0131m hem\u015firesi M\u00fclkiye Okyay oldu. \u0130kinci oturumun konu\u015fmac\u0131lar\u0131 ise \u0130stanbul Teknik \u00dcniversitesi \u00d6\u011fretim \u00fcyesi, S\u00fcrd\u00fcr\u00fclebilir \u00dcretim ve T\u00fcketim Derne\u011fi Ba\u015fkan\u0131 Prof. Dr. Filiz Karaosmano\u011flu, Baltal\u0131 G\u0131da Y\u00f6netim Kurulu Ba\u015fkan\u0131 Funda \u00d6zer Baltal\u0131 ve Ejder Kimya Genel M\u00fcd\u00fcr\u00fc Pervin Ejder\u2019di.\u00a0<\/span><br style=\"box-sizing: border-box; font-family: sans-serif; font-size: 14px; line-height: 20px; text-align: justify; background-color: rgb(242, 244, 245);\" \/><br \/>\n<span style=\"font-family: sans-serif; line-height: 20px; text-align: justify; background-color: rgb(242, 244, 245);\">Panelde ki\u015fisel marka, kurumsal stil ve imaj y\u00f6netimi dan\u0131\u015fman\u0131 R\u00fczgar Mira Okan, \u201cBen Kad\u0131n\u0131m\u201d konulu sonum ger\u00e7ekle\u015ftirdi. Panel 5 ya\u015f\u0131nda ge\u00e7irdi\u011fi kaza sonras\u0131nda kollar\u0131n\u0131 kaybeden ressam Ay\u015fe I\u015f\u0131k\u2019\u0131n ayaklar\u0131yla ger\u00e7ekle\u015ftirdi\u011fi canl\u0131 resim performans\u0131 ile sona erdi.\u00a0<\/span><\/span><\/p>\n","protected":false},"excerpt":{"rendered":"<p>Mersin&#8217;de azmederek kendi alanlar\u0131nda ba\u015far\u0131ya ula\u015fm\u0131\u015f kad\u0131nlar, tecr\u00fcbelerini hemcinsleriyle payla\u015ft\u0131. Mersin Ticaret ve Sanayi Odas\u0131 (MTSO) taraf\u0131ndan, &#8216;8 Mart D\u00fcnya Kad\u0131nlar G\u00fcn\u00fc&#8217; dolay\u0131s\u0131yla Mersinli kad\u0131nlara rol model olu\u015fturacak ve potansiyelleri &hellip; <a href=\"https:\/\/akdenizolaygazetesi.com\/?p=1510\" class=\"more-link\">Devam\u0131n\u0131 Oku&#8230;<\/a><\/p>\n","protected":false},"author":1,"featured_media":0,"comment_status":"open","ping_status":"open","sticky":false,"template":"","format":"standard","meta":[],"categories":[],"tags":[],"_links":{"self":[{"href":"https:\/\/akdenizolaygazetesi.com\/index.php?rest_route=\/wp\/v2\/posts\/1510"}],"collection":[{"href":"https:\/\/akdenizolaygazetesi.com\/index.php?rest_route=\/wp\/v2\/posts"}],"about":[{"href":"https:\/\/akdenizolaygazetesi.com\/index.php?rest_route=\/wp\/v2\/types\/post"}],"author":[{"embeddable":true,"href":"https:\/\/akdenizolaygazetesi.com\/index.php?rest_route=\/wp\/v2\/users\/1"}],"replies":[{"embeddable":true,"href":"https:\/\/akdenizolaygazetesi.com\/index.php?rest_route=%2Fwp%2Fv2%2Fcomments&post=1510"}],"version-history":[{"count":0,"href":"https:\/\/akdenizolaygazetesi.com\/index.php?rest_route=\/wp\/v2\/posts\/1510\/revisions"}],"wp:attachment":[{"href":"https:\/\/akdenizolaygazetesi.com\/index.php?rest_route=%2Fwp%2Fv2%2Fmedia&parent=1510"}],"wp:term":[{"taxonomy":"category","embeddable":true,"href":"https:\/\/akdenizolaygazetesi.com\/index.php?rest_route=%2Fwp%2Fv2%2Fcategories&post=1510"},{"taxonomy":"post_tag","embeddable":true,"href":"https:\/\/akdenizolaygazetesi.com\/index.php?rest_route=%2Fwp%2Fv2%2Ftags&post=1510"}],"curies":[{"name":"wp","href":"https:\/\/api.w.org\/{rel}","templated":true}]}}