{"id":15108,"date":"2021-11-08T13:15:06","date_gmt":"2021-11-08T10:15:06","guid":{"rendered":"http:\/\/akdenizolaygazetesi.com\/?p=15108"},"modified":"2021-11-08T13:15:06","modified_gmt":"2021-11-08T10:15:06","slug":"adiyamani-turkiyede-hak-ettigi-yere-getirecegiz","status":"publish","type":"post","link":"https:\/\/akdenizolaygazetesi.com\/?p=15108","title":{"rendered":"Ad\u0131yaman\u2019\u0131 T\u00fcrkiye&#8217;de Hak Etti\u011fi Yere Getirece\u011fiz"},"content":{"rendered":"<p>Mersin\u2019de d\u00fczenlenen 1.Geleneksel Ad\u0131yaman Kahta Badem Festivali\u2019nde konu\u015fan TBMM Ba\u015fkanl\u0131k Divan\u0131 \u00dcyesi ve CHP Ad\u0131yaman Milletvekili Av. Abdurrahman Tutdere, Ad\u0131yaman\u2019\u0131n badem gibi marka \u00fcr\u00fcnlerinin T\u00fcrkiye\u2019ye ve d\u00fcnyaya tan\u0131tmaya ba\u015flad\u0131klar\u0131n\u0131 vurgulayarak bundan da Ad\u0131yaman\u2019\u0131n hem ticari anlamda hem de tan\u0131t\u0131m anlam\u0131nda b\u00fcy\u00fck bir gelir elde etti\u011fini s\u00f6yledi.<\/p>\n<p>Badem konusunda Ad\u0131yaman ile Mersin aras\u0131nda tatl\u0131 bir rekabetin oldu\u011funu ifade eden Milletvekili Tutdere, \u201cSon y\u0131llarda ald\u0131\u011f\u0131 mesafe bak\u0131mdan Ad\u0131yaman i\u00e7in \u00f6nemli bir tar\u0131m \u00fcr\u00fcn\u00fc olan badem konusunda Ad\u0131yaman ile Mersin aras\u0131nda tatl\u0131 bir rekabet var. \u015eu anda birincilik yar\u0131\u015f\u0131 ba\u015flad\u0131. A\u011fa\u00e7 bak\u0131m\u0131ndan Ad\u0131yaman birinci, \u00fcretim bak\u0131m\u0131ndan ise Mersin birinci. \u0130n\u015fallah \u00f6n\u00fcm\u00fczdeki y\u0131l \u00fcretimde de birinci olaca\u011f\u0131z.\u201d dedi.<\/p>\n<p>Ad\u0131yaman\u2019\u0131 T\u00fcrkiye&#8217;de Hak Etti\u011fi Yere Getirece\u011fiz<\/p>\n<p>Mersin Ad\u0131yamanl\u0131lar\u0131n ikinci evidir ifadelerini kullanarak Mersin\u2019in Ad\u0131yaman i\u00e7in \u00f6nemini vurgulayan Milletvekili Tutdere, \u201cAd\u0131yamanl\u0131lar stresi Mersin\u2019de atarlar, Mersin&#8217;de dinlenirler, huzuru Mersin\u2019de bulurlar. Onun i\u00e7in Mersin Ad\u0131yaman\u0131m\u0131z i\u00e7in, insan\u0131m\u0131z i\u00e7in ger\u00e7ekten e\u015fsiz bir \u015fehirdir. Bu t\u00fcr etkinliklerle, bu t\u00fcr organizasyonlarla hem karde\u015f iki \u015fehrimiz aras\u0131ndaki ili\u015fkiler geli\u015fecek, hem de kentler aras\u0131ndaki k\u00fclt\u00fcrel dayan\u0131\u015fma artacak. Biz hem Ad\u0131yaman\u2019\u0131 hem de Mersin\u2019i T\u00fcrkiye&#8217;de hak etti\u011fi yere getirece\u011fiz.\u201d \u015feklinde konu\u015ftu.<\/p>\n<p>Ad\u0131yaman\u0131m\u0131z\u0131n De\u011ferlerini ve Lezzetlerini Ba\u015fka \u015eehirlere Tan\u0131tmam\u0131z Gerekiyor<\/p>\n<p>Mersin\u2019de d\u00fczenlenen etkinli\u011fin bir ba\u015flang\u0131\u00e7 oldu\u011funu ve 2023 y\u0131l\u0131n\u0131n Ad\u0131yaman\u2019\u0131n y\u0131l\u0131 olaca\u011f\u0131n\u0131 vurgulayan Milletvekili Tutdere, \u201cBundan sonraki etkinlikler ve organizasyonlar b\u00fcy\u00fcyerek devam edecek. Badem Birli\u011fi Ba\u015fkan\u0131m\u0131za hem de di\u011fer illerdeki hem\u015fehrilerimize buradan \u00e7a\u011fr\u0131 yap\u0131yoruz. Mersin\u2019i \u00f6rnek als\u0131nlar. Ad\u0131yaman\u0131m\u0131z\u0131n de\u011ferlerini, lezzetlerini ba\u015fka \u015fehirlere de tan\u0131tmam\u0131z gerekiyor. Bu festival bir ba\u015flang\u0131\u00e7 olacak ve daha g\u00fczellerini yapaca\u011f\u0131z. Birli\u011fimizi, beraberli\u011fimizi daha da art\u0131raca\u011f\u0131z. Organizasyonda eme\u011fi ge\u00e7en, vak\u0131f ba\u015fkan\u0131m\u0131za, badem birlik ba\u015fkan\u0131m\u0131za, hem\u015fehrilerime ve t\u00fcm kat\u0131l\u0131mc\u0131lara te\u015fekk\u00fcr ediyorum. Ayr\u0131ca, bizlere bu imkanlar\u0131 veren Mersinizin y\u00fcrekli, cesur, sosyal demokrat Belediye Ba\u015fkan\u0131 Mersin B\u00fcy\u00fck\u015fehir Belediye Ba\u015fkan\u0131m\u0131z Vahap Se\u00e7er\u2019e te\u015fekk\u00fcr ediyoruz. Ad\u0131yaman \u00f6n\u00fcm\u00fczdeki y\u0131llarda hak etti\u011fi yere gelecek, 2023 y\u0131l\u0131 Ad\u0131yaman ile T\u00fcrkiye\u2019nin y\u0131l\u0131 olacak.\u201d ifadelerini kulland\u0131.<\/p>\n","protected":false},"excerpt":{"rendered":"<p>Mersin\u2019de d\u00fczenlenen 1.Geleneksel Ad\u0131yaman Kahta Badem Festivali\u2019nde konu\u015fan TBMM Ba\u015fkanl\u0131k Divan\u0131 \u00dcyesi ve CHP Ad\u0131yaman Milletvekili Av. Abdurrahman Tutdere, Ad\u0131yaman\u2019\u0131n badem gibi marka \u00fcr\u00fcnlerinin T\u00fcrkiye\u2019ye ve d\u00fcnyaya tan\u0131tmaya ba\u015flad\u0131klar\u0131n\u0131 vurgulayarak &hellip; <a href=\"https:\/\/akdenizolaygazetesi.com\/?p=15108\" class=\"more-link\">Devam\u0131n\u0131 Oku&#8230;<\/a><\/p>\n","protected":false},"author":2,"featured_media":15109,"comment_status":"open","ping_status":"open","sticky":false,"template":"","format":"standard","meta":[],"categories":[1,2,3,5],"tags":[],"_links":{"self":[{"href":"https:\/\/akdenizolaygazetesi.com\/index.php?rest_route=\/wp\/v2\/posts\/15108"}],"collection":[{"href":"https:\/\/akdenizolaygazetesi.com\/index.php?rest_route=\/wp\/v2\/posts"}],"about":[{"href":"https:\/\/akdenizolaygazetesi.com\/index.php?rest_route=\/wp\/v2\/types\/post"}],"author":[{"embeddable":true,"href":"https:\/\/akdenizolaygazetesi.com\/index.php?rest_route=\/wp\/v2\/users\/2"}],"replies":[{"embeddable":true,"href":"https:\/\/akdenizolaygazetesi.com\/index.php?rest_route=%2Fwp%2Fv2%2Fcomments&post=15108"}],"version-history":[{"count":1,"href":"https:\/\/akdenizolaygazetesi.com\/index.php?rest_route=\/wp\/v2\/posts\/15108\/revisions"}],"predecessor-version":[{"id":15110,"href":"https:\/\/akdenizolaygazetesi.com\/index.php?rest_route=\/wp\/v2\/posts\/15108\/revisions\/15110"}],"wp:featuredmedia":[{"embeddable":true,"href":"https:\/\/akdenizolaygazetesi.com\/index.php?rest_route=\/wp\/v2\/media\/15109"}],"wp:attachment":[{"href":"https:\/\/akdenizolaygazetesi.com\/index.php?rest_route=%2Fwp%2Fv2%2Fmedia&parent=15108"}],"wp:term":[{"taxonomy":"category","embeddable":true,"href":"https:\/\/akdenizolaygazetesi.com\/index.php?rest_route=%2Fwp%2Fv2%2Fcategories&post=15108"},{"taxonomy":"post_tag","embeddable":true,"href":"https:\/\/akdenizolaygazetesi.com\/index.php?rest_route=%2Fwp%2Fv2%2Ftags&post=15108"}],"curies":[{"name":"wp","href":"https:\/\/api.w.org\/{rel}","templated":true}]}}