{"id":1511,"date":"2020-11-04T18:22:04","date_gmt":"2020-11-04T15:22:04","guid":{"rendered":"http:\/\/mersinekonomipolitikagazetesi.com\/?p=1511"},"modified":"2020-11-04T18:22:04","modified_gmt":"2020-11-04T15:22:04","slug":"referandumda-mersin-beni-uzdu","status":"publish","type":"post","link":"https:\/\/akdenizolaygazetesi.com\/?p=1511","title":{"rendered":"\u201cREFERANDUMDA MERS\u0130N BEN\u0130 \u00dcZD\u00dc\u201d"},"content":{"rendered":"<p>Mersin\u2019de AK Partililere seslenen Erdo\u011fan, 16 Nisan referandumunda beklemedikleri bir sonu\u00e7 ald\u0131klar\u0131n\u0131 ifade ederek, partililerden daha fazla \u00e7al\u0131\u015fmalar\u0131n\u0131 istedi.<\/p>\n<div id=\":1ma\">\n<div id=\":1m9\">\n<div dir=\"ltr\">\n<div>\n<div dir=\"ltr\">\n<p><span style=\"font-size:16px;\"><span name=\"metricconverter\">Mersin \u0130l Kongresi\u2019nde a\u00e7\u0131klamalarda bulunan Cumhurba\u015fkan\u0131 Recep Tayyip Erdo\u011fan, 16 Nisan oylamas\u0131nda Mersin\u2019den y\u00fczde 36 Evet oyu \u00e7\u0131kmas\u0131na beklemedi\u011fini s\u00f6yleyerek, \u201c\u00dcz\u00fcld\u00fck\u201d dedi.<\/span><\/span><\/p>\n<p>\u00a0<\/p>\n<p><span style=\"font-size:16px;\"><span name=\"metricconverter\">MERS\u0130N\u2019\u0130 ORTALAMANIN \u00dcZER\u0130NDE G\u00d6RMEK \u0130ST\u0130YORUM<\/span><\/span><\/p>\n<p><span style=\"font-size:16px;\"><span name=\"metricconverter\">Erdo\u011fan, \u201cMersin referandumda y\u00fczde 36\u2019da kald\u0131 maalesef, \u00fcz\u00fcld\u00fck. Bu Mersin 26 katrilyon yat\u0131r\u0131m yapt\u0131\u011f\u0131m\u0131z bir vilayet. \u015eu g\u00f6rd\u00fc\u011f\u00fcn\u00fcz hizmetlerin hepsini biz yapt\u0131k. \u0130stiyoruz ki, kad\u0131n kollar\u0131m\u0131z kap\u0131 kap\u0131 dola\u015fs\u0131nlar. Beyler, kap\u0131 kap\u0131 dola\u015fmaya var m\u0131y\u0131z? \u0130n\u015fallah Mart\u2019ta, Kas\u0131m\u2019da ortalaman\u0131n \u00fczerine \u00e7\u0131kmaya haz\u0131r m\u0131y\u0131z? Kad\u0131n kollar\u0131 s\u00f6zleri bir g\u00f6relim. 2019\u2019a kadar her eve girmeye, her g\u00f6n\u00fcle dokunmaya haz\u0131r m\u0131y\u0131z? Gen\u00e7lik kollar\u0131: 2019\u2019a kadar \u00fcniversitelerde, liselerde el s\u0131kmad\u0131k, kucaklamad\u0131k gen\u00e7 b\u0131rakmamaya, Mersin\u2019i aya\u011fa kald\u0131rmaya haz\u0131r m\u0131y\u0131z? \u0130\u015fte buyurun gen\u00e7lik. T\u00fcrkiye\u2019nin 30 b\u00fcy\u00fck \u015fehirlerinden biri olan Mersin\u2019i ortalaman\u0131n \u00fczerinde g\u00f6rmek istiyorum\u201d dedi.<\/span><\/span><\/p>\n<p>\u00a0<\/p>\n<p><span style=\"font-size:16px;\"><span name=\"metricconverter\">\u201cMERS\u0130N\u2019\u0130N \u00d6N\u00dcNDE YEN\u0130 B\u0130R D\u00d6NEM A\u00c7ILACAK\u201d<\/span><\/span><\/p>\n<p><span style=\"font-size:16px;\"><span name=\"metricconverter\">\u201cGe\u00e7ti\u011fimiz 15 y\u0131lda \u00fclkemizin di\u011fer 80 vilayeti ile birlikte Mersin\u2019i de kalk\u0131nd\u0131rmak, gelece\u011fe haz\u0131rlamak i\u00e7in \u00e7ok b\u00fcy\u00fck yat\u0131r\u0131mlar yapt\u0131k\u201d diyen Erdo\u011fan \u015funlar\u0131 kaydetti:<\/span><\/span><\/p>\n<p><span style=\"font-size:16px;\"><span name=\"metricconverter\">\u00a0Bu d\u00f6nemde sadece kamu kurulu\u015flar\u0131yla yap\u0131lan yard\u0131m 27 kat trilyondur. E\u011fitim de 4 bin 500 yeni derslik 5 bin 500 yatak kapasiteleri y\u00fcksek \u00f6\u011frenim yurtlar\u0131 yapt\u0131k. 27 spor tesisi yapt\u0131k. Sa\u011fl\u0131kta 13\u2019\u00fc hastane olmak \u00fczere \u015fehir genelinde 35 tesisi hizmete a\u00e7t\u0131k. Bin 300 yatakl\u0131 \u015fehir hastanesi \u00fclkemizin en b\u00fcy\u00fck hastanemizden biridir. E\u015fi benzeri yoktur. Nereden nereye.. Odalar\u0131na girilmezdi. Do\u011fru d\u00fcr\u00fcst tuvaletleri yoktu. O hastaneler gitti, bu hastanemiz geldi. T\u00fcm il\u00e7elerimize yeni sa\u011fl\u0131k tesisleri i\u00e7in haz\u0131rl\u0131k i\u00e7erisindeyiz. Mersin\u2019de\u00a0279 km\u00a0b\u00f6l\u00fcnm\u00fc\u015f yolu vard\u0131, biz bir o kadar daha ekledik Hala 18 yol projesinin in\u015fas\u0131 da s\u00fcr\u00fcyor. 7 k\u00f6pr\u00fc, 17 t\u00fcnel 2 viyad\u00fckle 5 kat trilyonun \u00fczerinde b\u00fct\u00e7esi olan proje hayatta. Tamam\u0131 2021 y\u0131l\u0131nda hizmete girmi\u015f olacak. Antalya ile Mersin aras\u0131nda h\u0131zl\u0131 bir ula\u015f\u0131m sa\u011flayacak bu proje hem ticaret hem de turizm a\u00e7\u0131s\u0131ndan \u00f6nem kazanacak. Mersin\u2019i kuzeyden Ankara ve \u0130stanbul\u2019a Do\u011fu\u2019dan Ankara, Osmaniye\u2019ye ba\u011flayacak h\u0131zl\u0131 tren hatt\u0131 in\u015fa ediliyor. Mersin\u2019in \u00f6n\u00fcnde yeni bir d\u00f6nem a\u00e7\u0131lacak. Uluslararas\u0131 havaalan\u0131 hizmete girecek. Mersin\u2019e ge\u00e7ti\u011fimiz d\u00f6nemde 6 baraj 7 g\u00f6let in\u015fa etmi\u015ftik. 10 baraj\u00a0daha yap\u0131lacak. Pamukluk baraj\u0131 \u00f6n\u00fcm\u00fczdeki y\u0131l hizmete girecek. Anamur ve Erdemli\u2019de de barajlar yap\u0131l\u0131yor. Amac\u0131m\u0131z, Mersin\u2019in verimli topraklar\u0131n\u0131 su ile bulu\u015fturarak, bereketini art\u0131rmakt\u0131r. Bunlar\u0131 yapaca\u011f\u0131z. Asla geri durmak yok.\u201d<\/span><\/span><\/p>\n<\/div>\n<\/div>\n<\/div>\n<\/div>\n<\/div>\n","protected":false},"excerpt":{"rendered":"<p>Mersin\u2019de AK Partililere seslenen Erdo\u011fan, 16 Nisan referandumunda beklemedikleri bir sonu\u00e7 ald\u0131klar\u0131n\u0131 ifade ederek, partililerden daha fazla \u00e7al\u0131\u015fmalar\u0131n\u0131 istedi. Mersin \u0130l Kongresi\u2019nde a\u00e7\u0131klamalarda bulunan Cumhurba\u015fkan\u0131 Recep Tayyip Erdo\u011fan, 16 Nisan &hellip; <a href=\"https:\/\/akdenizolaygazetesi.com\/?p=1511\" class=\"more-link\">Devam\u0131n\u0131 Oku&#8230;<\/a><\/p>\n","protected":false},"author":1,"featured_media":0,"comment_status":"open","ping_status":"open","sticky":false,"template":"","format":"standard","meta":[],"categories":[],"tags":[],"_links":{"self":[{"href":"https:\/\/akdenizolaygazetesi.com\/index.php?rest_route=\/wp\/v2\/posts\/1511"}],"collection":[{"href":"https:\/\/akdenizolaygazetesi.com\/index.php?rest_route=\/wp\/v2\/posts"}],"about":[{"href":"https:\/\/akdenizolaygazetesi.com\/index.php?rest_route=\/wp\/v2\/types\/post"}],"author":[{"embeddable":true,"href":"https:\/\/akdenizolaygazetesi.com\/index.php?rest_route=\/wp\/v2\/users\/1"}],"replies":[{"embeddable":true,"href":"https:\/\/akdenizolaygazetesi.com\/index.php?rest_route=%2Fwp%2Fv2%2Fcomments&post=1511"}],"version-history":[{"count":0,"href":"https:\/\/akdenizolaygazetesi.com\/index.php?rest_route=\/wp\/v2\/posts\/1511\/revisions"}],"wp:attachment":[{"href":"https:\/\/akdenizolaygazetesi.com\/index.php?rest_route=%2Fwp%2Fv2%2Fmedia&parent=1511"}],"wp:term":[{"taxonomy":"category","embeddable":true,"href":"https:\/\/akdenizolaygazetesi.com\/index.php?rest_route=%2Fwp%2Fv2%2Fcategories&post=1511"},{"taxonomy":"post_tag","embeddable":true,"href":"https:\/\/akdenizolaygazetesi.com\/index.php?rest_route=%2Fwp%2Fv2%2Ftags&post=1511"}],"curies":[{"name":"wp","href":"https:\/\/api.w.org\/{rel}","templated":true}]}}