{"id":15117,"date":"2021-11-09T12:25:59","date_gmt":"2021-11-09T09:25:59","guid":{"rendered":"http:\/\/akdenizolaygazetesi.com\/?p=15117"},"modified":"2021-11-09T12:25:59","modified_gmt":"2021-11-09T09:25:59","slug":"hayalimiz-yuzunuzde-cicekler-acmasini-saglamaktir","status":"publish","type":"post","link":"https:\/\/akdenizolaygazetesi.com\/?p=15117","title":{"rendered":"&#8220;Hayalimiz y\u00fcz\u00fcn\u00fczde \u00e7i\u00e7ekler a\u00e7mas\u0131n\u0131 sa\u011flamakt\u0131r&#8221;"},"content":{"rendered":"<p>Akdeniz Belediye Ba\u015fkan\u0131 Mustafa G\u00fcltak; 2-8 Kas\u0131m L\u00f6semili \u00c7ocuklar Haftas\u0131&#8217;nda l\u00f6semi hastal\u0131\u011f\u0131 ile m\u00fccadele eden \u00e7ocuklara destek ve bu hastal\u0131\u011fa kar\u015f\u0131 fark\u0131ndal\u0131k olu\u015fturmak ad\u0131na L\u00d6SEV&#8217;in \u201cMaskemi Atar\u0131m; Hayalime Ko\u015far\u0131m\u201d mesaj\u0131 ile \u00e7ocuklar\u0131 ve ailelerini misafir etti.<br \/>\nL\u00f6semili \u00c7ocuklar Vakf\u0131 (L\u00d6SEV) \u201cMaskemi Atar\u0131m Hayalime Ko\u015far\u0131m\u201d mesaj\u0131 ile fark\u0131ndal\u0131k yaratmay\u0131 hedefleyerek, t\u00fcm T\u00fcrkiye\u2019de birbirinden farkl\u0131 etkinliklerle, \u00e7ocukluk \u00e7a\u011f\u0131 kanserleri i\u00e7inde en s\u0131k g\u00f6r\u00fclen l\u00f6semiye dikkat \u00e7ekmeye, tedavisi s\u00fcren \u00e7ocuklara umut a\u015f\u0131lamaya, l\u00f6semiyle m\u00fccadelede bireylere ve topluma d\u00fc\u015fen g\u00f6revleri vurgulamaya devam ediyor. Bu kapsamda Akdeniz Belediye Ba\u015fkan\u0131 Mustafa G\u00fcltak da her y\u0131l oldu\u011fu gibi bu y\u0131l da l\u00f6semi ile m\u00fccadele eden \u00e7ocuklar\u0131 ve ailelerini belediyenin konferans salonunda misafir etti. Etkinlikte Ba\u015fkan Mustafa G\u00fcltak ile boyama yap\u0131p dans eden \u00e7ocuklara, Karaduvar K\u00fclt\u00fcr Sanat Evi&#8217;ndeki kad\u0131n kursiyerlerin el emekleri ile haz\u0131rlanan yiyecek ve i\u00e7ecekler de ikram edildi.<br \/>\n&#8220;Hayalimiz y\u00fcz\u00fcn\u00fczde \u00e7i\u00e7ekler a\u00e7mas\u0131n\u0131 sa\u011flamakt\u0131r&#8221;<br \/>\nG\u00fcn\u00fcn anlam ve \u00f6nemine istinaden konu\u015fma yapan Ba\u015fkan Mustafa G\u00fcltak; &#8220;Bilindi\u011fi gibi her y\u0131l 2-8 Kas\u0131m L\u00f6semili \u00c7ocuklar Haftas\u0131 olarak kutlan\u0131yor. L\u00f6semi, \u00e7ocukluk \u00e7a\u011f\u0131 kanserleri aras\u0131nda en s\u0131k g\u00f6r\u00fclen hastal\u0131klardan biri olarak biliniyor. L\u00d6SEV bu y\u0131l m\u00fcthi\u015f bir slogana imza atm\u0131\u015f. Bu y\u0131lki slogan; &#8216;Maskemi Atar\u0131m; Hayalime Ko\u015far\u0131m&#8230;&#8217; Hepimizin umutlar\u0131, hepimizin bir hayali var. \u015eahs\u0131m ve temsil etti\u011fim kurum ad\u0131na elbette bizlerin de umutlar\u0131 ve hayalleri var. Bizim de hayalimiz \u00e7ocuklar\u0131m\u0131z\u0131n y\u00fcz\u00fcnde \u00e7i\u00e7ekler a\u00e7mas\u0131n\u0131 sa\u011flamak; geleceklerine dair elimizden geleni var g\u00fcc\u00fcm\u00fczle ortaya koymakt\u0131r&#8221; dedi.<br \/>\n&#8220;Birlikte her zorlu\u011fu a\u015far\u0131z&#8221;<br \/>\nBa\u015fkan G\u00fcltak, &#8220;Unutulmamal\u0131d\u0131r ki her birimiz hasta olabiliriz. \u00d6nemli olan bu hastal\u0131\u011f\u0131n tedavi edilmesidir. \u00c7ok \u015f\u00fck\u00fcr ki, l\u00f6semi de tedavi edilen bir hastal\u0131kt\u0131r. Burada biz b\u00fcy\u00fcklere olduk\u00e7a fazla i\u015fler d\u00fc\u015f\u00fcyor. Bu konuda ailelerimizin bilin\u00e7lendirilmesi, bu hastal\u0131\u011f\u0131 ula\u015fabildi\u011fimiz herkese duyurmak, \u00f6n tedbirlerini almak olduk\u00e7a \u00f6nemli. Sizlerle uzun yollar kat edece\u011fiz. Bizim hedefimiz b\u00fcy\u00fck. Hedefimiz hastal\u0131\u011f\u0131 yenmek! Bu hastal\u0131\u011f\u0131 yenmek i\u00e7in el ele verip var g\u00fcc\u00fcm\u00fczle \u00e7al\u0131\u015faca\u011f\u0131z. Sizlerin y\u00fcz\u00fcnde g\u00fcller a\u00e7t\u0131k\u00e7a birlikte her zorlu\u011fu a\u015far\u0131z. Unutmay\u0131n her ko\u015fulda yan\u0131n\u0131zday\u0131z&#8221; diye konu\u015ftu.<br \/>\nKonu\u015fmalar\u0131n ard\u0131ndan Ba\u015fkan Mustafa G\u00fcltak, G\u00fcne\u015f K\u00fclt\u00fcr Sanat Evi&#8217;nin kre\u015findeki \u00e7ocuklar\u0131n haz\u0131rlad\u0131\u011f\u0131 yast\u0131klar\u0131, hastal\u0131kla m\u00fccadele eden \u00e7ocuklara hediye etti. <\/p>\n","protected":false},"excerpt":{"rendered":"<p>Akdeniz Belediye Ba\u015fkan\u0131 Mustafa G\u00fcltak; 2-8 Kas\u0131m L\u00f6semili \u00c7ocuklar Haftas\u0131&#8217;nda l\u00f6semi hastal\u0131\u011f\u0131 ile m\u00fccadele eden \u00e7ocuklara destek ve bu hastal\u0131\u011fa kar\u015f\u0131 fark\u0131ndal\u0131k olu\u015fturmak ad\u0131na L\u00d6SEV&#8217;in \u201cMaskemi Atar\u0131m; Hayalime Ko\u015far\u0131m\u201d mesaj\u0131 &hellip; <a href=\"https:\/\/akdenizolaygazetesi.com\/?p=15117\" class=\"more-link\">Devam\u0131n\u0131 Oku&#8230;<\/a><\/p>\n","protected":false},"author":2,"featured_media":15118,"comment_status":"open","ping_status":"open","sticky":false,"template":"","format":"standard","meta":[],"categories":[1,3,5],"tags":[],"_links":{"self":[{"href":"https:\/\/akdenizolaygazetesi.com\/index.php?rest_route=\/wp\/v2\/posts\/15117"}],"collection":[{"href":"https:\/\/akdenizolaygazetesi.com\/index.php?rest_route=\/wp\/v2\/posts"}],"about":[{"href":"https:\/\/akdenizolaygazetesi.com\/index.php?rest_route=\/wp\/v2\/types\/post"}],"author":[{"embeddable":true,"href":"https:\/\/akdenizolaygazetesi.com\/index.php?rest_route=\/wp\/v2\/users\/2"}],"replies":[{"embeddable":true,"href":"https:\/\/akdenizolaygazetesi.com\/index.php?rest_route=%2Fwp%2Fv2%2Fcomments&post=15117"}],"version-history":[{"count":1,"href":"https:\/\/akdenizolaygazetesi.com\/index.php?rest_route=\/wp\/v2\/posts\/15117\/revisions"}],"predecessor-version":[{"id":15119,"href":"https:\/\/akdenizolaygazetesi.com\/index.php?rest_route=\/wp\/v2\/posts\/15117\/revisions\/15119"}],"wp:featuredmedia":[{"embeddable":true,"href":"https:\/\/akdenizolaygazetesi.com\/index.php?rest_route=\/wp\/v2\/media\/15118"}],"wp:attachment":[{"href":"https:\/\/akdenizolaygazetesi.com\/index.php?rest_route=%2Fwp%2Fv2%2Fmedia&parent=15117"}],"wp:term":[{"taxonomy":"category","embeddable":true,"href":"https:\/\/akdenizolaygazetesi.com\/index.php?rest_route=%2Fwp%2Fv2%2Fcategories&post=15117"},{"taxonomy":"post_tag","embeddable":true,"href":"https:\/\/akdenizolaygazetesi.com\/index.php?rest_route=%2Fwp%2Fv2%2Ftags&post=15117"}],"curies":[{"name":"wp","href":"https:\/\/api.w.org\/{rel}","templated":true}]}}