{"id":1512,"date":"2020-11-04T18:22:04","date_gmt":"2020-11-04T15:22:04","guid":{"rendered":"http:\/\/mersinekonomipolitikagazetesi.com\/?p=1512"},"modified":"2020-11-04T18:22:04","modified_gmt":"2020-11-04T15:22:04","slug":"afrin-sahiplerine-verilecek","status":"publish","type":"post","link":"https:\/\/akdenizolaygazetesi.com\/?p=1512","title":{"rendered":"AFR\u0130N SAH\u0130PLER\u0130NE VER\u0130LECEK"},"content":{"rendered":"<p>Mersin\u2019de konu\u015fan Cumhurba\u015fkan\u0131 Erdo\u011fan Afrin\u2019in al\u0131nd\u0131\u011f\u0131nda ger\u00e7ek sahiplerine teslim edilece\u011fini s\u00f6yledi. Ayr\u0131ca NATO\u2019ya seslenerek, \u201cEy NATO neredesin? Bu kadar m\u00fccadele veriyoruz. T\u00fcrkiye NATO&#8217;nun \u00fcyesi de\u011fil mi? Neredesin? Afganistan&#8217;da hemen NATO \u00fcyesi \u00fclkeleri oraya davet ettin, peki Suriye&#8217;de?\u201d diye sordu.<\/p>\n<div>\n<div dir=\"ltr\">\n<p><span style=\"font-size:16px;\"><span name=\"metricconverter\">Cumhurba\u015fkan\u0131 Recep Tayyip Erdo\u011fan, Mersin \u0130l Kongresi \u00f6ncesi a\u00e7\u0131klamalarda bulundu.\u00a0\u00a0Erdo\u011fan, \u201cAfrin al\u0131nd\u0131\u011f\u0131nda sahiplerine teslim edilecek\u201d dedi.<\/span><\/span><\/p>\n<p><span style=\"font-size:16px;\"><span name=\"metricconverter\">&#8220;Malum bu ara ayn\u0131 zamanda Afrin\u2019deki ilerleyi\u015fimiz devam ediyor\u201d diyen Erdo\u011fan, \u201cSabah itibariyle ter\u00f6ristlerin 3 bin 195\u2019i etkisiz hale getirilmi\u015ftir. Herhalde \u015fimdi \u00e7ok daha ilerlemi\u015f vaziyette. Afrin\u2019e do\u011fru ilerliyoruz. Burada bir ter\u00f6r koridoru olu\u015fturmak istediler. Biz buna m\u00fcsaade etmeyece\u011fiz dedik fakat dinlemediler. Bunlar T\u00fcrk\u2019\u00fc, T\u00fcrk milletini ve T\u00fcrk Silahl\u0131 Kuvvetlerini bilmiyorlar. G\u00fcvenlik g\u00fc\u00e7lerimiz hep birlikte onlara gere\u011fini yapmaya ba\u015flad\u0131. \u015eu an itibariyle Afrin\u2019de e\u011fer komuta kademesi sefer g\u00f6rev emri gelsinler dedikleri zaman \u00f6nce ben sonrada siz beraber y\u00fcr\u00fcyece\u011fiz. Zira b\u00fcy\u00fck bir \u015feye inan\u0131yoruz. O da \u015fehadet. Ba\u015fkalar\u0131nda b\u00f6yle bir \u015fey var m\u0131 yok. Bizim inanc\u0131m\u0131zda bu var. O makam Peygamber\u2019e en yak\u0131n makam. \u0130\u015fte bu makama inananlar \u015fu anda y\u00fcr\u00fcyor&#8221; dedi.<\/span><\/span><\/p>\n<p>\u00a0<\/p>\n<p><span style=\"font-size:16px;\"><span name=\"metricconverter\">\u201c850 METRE\u00a0KARE B\u0130Z\u0130M KONTROL\u00dcM\u00dcZ ALTINDA\u201d<\/span><\/span><\/p>\n<p><span style=\"font-size:16px;\"><span name=\"metricconverter\">Erdo\u011fan, &#8220;\u015eehitlerimiz var ama mukayese edilemeyecek kadar ter\u00f6rist etkisiz hale getirildi. Bizim \u015fehitlerimizin bu noktada ak\u0131tt\u0131klar\u0131 kan\u0131n neticesi ortada. Afrin al\u0131nd\u0131\u011f\u0131 andan itibaren sahiplerine teslim edilecek. Oran\u0131n sahipleri kimse onlara teslim edilecek. \u015eu anda T\u00fcrkiye\u2019de 3,5 milyon Suriyeli m\u00fclteci var. Bu 3,5 Milyon\u2019dan Cerablus\u2019ta olanlar vard\u0131 140 bin ki\u015fi d\u00f6nd\u00fc. Afrin\u2019de yakla\u015f\u0131k 2 bin metrekare.\u00a0850 metre\u00a0kare bizim kontrol\u00fcm\u00fcz alt\u0131nda. Gerisi g\u00fcn ola harman ola. Ona da devam edece\u011fiz. Onunda hesab\u0131n\u0131 yap\u0131yoruz. Bizim derdimiz toprak de\u011fil oradaki ter\u00f6ristlerin temizlenmesi. Bunlar bizim s\u0131n\u0131rlar\u0131m\u0131z\u0131 taciz ediyor. Hatay\u2019\u0131, Kilis\u2019i, \u015eanl\u0131urfa\u2019y\u0131, Gaziantep\u2019i ve Mardin\u2019i taciz ettiler. Sabrettik ve ad\u0131m\u0131 att\u0131k. Sizin birli\u011finizi istiyorum, beraberli\u011finizi istiyorum. Bu karde\u015f toplulu\u011fun i\u00e7erisinde ayr\u0131l\u0131k, gayr\u0131l\u0131k olmaz. Biz birbirimizi para, makam ve pul i\u00e7in mi sevece\u011fiz. Sadece yaratandan \u00f6t\u00fcr\u00fc sevece\u011fiz. Buray\u0131 b\u00f6ld\u00fcrmeyiz.&#8221; \u015feklinde konu\u015ftu.<\/span><\/span><\/p>\n<p>\u00a0<\/p>\n<p><span style=\"font-size:16px;\"><span name=\"metricconverter\">\u201cASKER\u0130M\u0130ZLE \u0130FT\u0130HAR ED\u0130YORUZ\u201d<\/span><\/span><\/p>\n<p><span style=\"font-size:16px;\"><span name=\"metricconverter\">Ter\u00f6re kar\u015f\u0131 kararl\u0131l\u0131k mesaj\u0131 veren Erdo\u011fan, \u201cSon ter\u00f6rist kalana kadar ter\u00f6ristlerle m\u00fccadele edeceklerini vurgulayan Cumhurba\u015fkan\u0131 Recep Tayyip Erdo\u011fan, &#8220;PKK, FET\u00d6, DEA\u015e b\u00f6lmek istedi dersleri ald\u0131lar. \u0130nlerine girece\u011fiz demi\u015ftim. Cudi\u2019de, Gabar\u2019da, Tend\u00fcrek\u2019te, Kandil\u2019de inlerine girdik. Girmeye devam edece\u011fiz. Birisi ka\u00e7m\u0131\u015f gitmi\u015f Pelsinvanya\u2019ya, \u00f6b\u00fcr\u00fc Almanya\u2019da. Nereye gidecekseniz gidin siz ka\u00e7acaks\u0131n\u0131z biz kovalayaca\u011f\u0131z. Benim milletime \u00e7ok \u00e7ektirdiler. \u00dcmmeti par\u00e7alad\u0131lar. Bizim tek devletimiz var. T\u00fcrkiye Cumhuriyeti Devleti\u2019nden ba\u015fka devlet tan\u0131m\u0131yoruz. Buna da sahip \u00e7\u0131kaca\u011f\u0131z 3213 ter\u00f6rist etkisiz hale getirildi, Afrin&#8217;e girdik, giriyoruz. Afrin al\u0131nd\u0131\u011f\u0131 anda sahiplerine teslim edilecek. Askerimizle iftihar ediyoruz.\u201d \u0130fadelerini kulland\u0131.<\/span><\/span><\/p>\n<p>\u00a0<\/p>\n<p><span style=\"font-size:16px;\"><span name=\"metricconverter\">NATO\u2019YA ELE\u015eT\u0130R\u0130<\/span><\/span><\/p>\n<p><span style=\"font-size:16px;\"><span name=\"metricconverter\">NATO\u2019ya da ele\u015ftirilerde bulunan Erdo\u011fan \u015funlar\u0131 kaydetti: Ey NATO neredesin? Bu kadar m\u00fccadele veriyoruz. T\u00fcrkiye NATO&#8217;nun \u00fcyesi de\u011fil mi? Neredesin? Afganistan&#8217;da hemen NATO \u00fcyesi \u00fclkeleri oraya davet ettin, peki Suriye&#8217;de? Suriye&#8217;de NATO \u00fcyesi olan \u00fclkeler&#8230; Asl\u0131nda kudretleri yetse kalkacaklar onlar a\u00e7\u0131k net kar\u015f\u0131m\u0131za dikilecekler fakat T\u00fcrkiye&#8217;nin dik durdu\u011funu g\u00f6r\u00fcnce buna c\u00fcret edemiyorlar. Ama bizim iste\u011fimiz \u015fuydu, Afganistan&#8217;a \u00e7a\u011f\u0131rd\u0131n geldik, Somali&#8217;ye \u00e7a\u011f\u0131rd\u0131n geldik, Balkanlara \u00e7a\u011f\u0131rd\u0131n geldik, \u015fimdi de ben \u00e7a\u011f\u0131r\u0131yorum, hadi bakal\u0131m Suriye&#8217;ye gel. Niye gelmiyorsun?<\/span><\/span><\/p>\n<p><span style=\"font-size:16px;\"><span name=\"metricconverter\">Kendi \u00fclkelerinin pasaportuyla \u00fclkemize gelip buradan ba\u015fka yerlere gidenlerin hesab\u0131n\u0131 bizden sormaya kalkanlar, \u015fimdi PYD ve YPG&#8217;ye kat\u0131lmak i\u00e7in gelenler konusunda da ayn\u0131s\u0131n\u0131 yap\u0131yorlar. Suriye&#8217;den giden tabutlar\u0131n \u00fczerindeki o pa\u00e7avralar, ter\u00f6rle m\u00fccadele konusundaki riyakarl\u0131\u011f\u0131n canl\u0131 birer ispat\u0131d\u0131r. Daha da \u00f6tesi her ne kadar en tepelerindeki y\u00f6neticiler bizimle konu\u015ftuklar\u0131nda aksini s\u00f6yl\u00fcyor olsa da di\u011fer her seviyede alenen ve resmen ter\u00f6r \u00f6rg\u00fct\u00fcn\u00fcn yan\u0131nda yer alan devletler var.<\/span><\/span><\/p>\n<\/div>\n<\/div>\n","protected":false},"excerpt":{"rendered":"<p>Mersin\u2019de konu\u015fan Cumhurba\u015fkan\u0131 Erdo\u011fan Afrin\u2019in al\u0131nd\u0131\u011f\u0131nda ger\u00e7ek sahiplerine teslim edilece\u011fini s\u00f6yledi. Ayr\u0131ca NATO\u2019ya seslenerek, \u201cEy NATO neredesin? Bu kadar m\u00fccadele veriyoruz. T\u00fcrkiye NATO&#8217;nun \u00fcyesi de\u011fil mi? Neredesin? Afganistan&#8217;da hemen NATO &hellip; <a href=\"https:\/\/akdenizolaygazetesi.com\/?p=1512\" class=\"more-link\">Devam\u0131n\u0131 Oku&#8230;<\/a><\/p>\n","protected":false},"author":1,"featured_media":0,"comment_status":"open","ping_status":"open","sticky":false,"template":"","format":"standard","meta":[],"categories":[],"tags":[],"_links":{"self":[{"href":"https:\/\/akdenizolaygazetesi.com\/index.php?rest_route=\/wp\/v2\/posts\/1512"}],"collection":[{"href":"https:\/\/akdenizolaygazetesi.com\/index.php?rest_route=\/wp\/v2\/posts"}],"about":[{"href":"https:\/\/akdenizolaygazetesi.com\/index.php?rest_route=\/wp\/v2\/types\/post"}],"author":[{"embeddable":true,"href":"https:\/\/akdenizolaygazetesi.com\/index.php?rest_route=\/wp\/v2\/users\/1"}],"replies":[{"embeddable":true,"href":"https:\/\/akdenizolaygazetesi.com\/index.php?rest_route=%2Fwp%2Fv2%2Fcomments&post=1512"}],"version-history":[{"count":0,"href":"https:\/\/akdenizolaygazetesi.com\/index.php?rest_route=\/wp\/v2\/posts\/1512\/revisions"}],"wp:attachment":[{"href":"https:\/\/akdenizolaygazetesi.com\/index.php?rest_route=%2Fwp%2Fv2%2Fmedia&parent=1512"}],"wp:term":[{"taxonomy":"category","embeddable":true,"href":"https:\/\/akdenizolaygazetesi.com\/index.php?rest_route=%2Fwp%2Fv2%2Fcategories&post=1512"},{"taxonomy":"post_tag","embeddable":true,"href":"https:\/\/akdenizolaygazetesi.com\/index.php?rest_route=%2Fwp%2Fv2%2Ftags&post=1512"}],"curies":[{"name":"wp","href":"https:\/\/api.w.org\/{rel}","templated":true}]}}