{"id":15126,"date":"2021-11-09T12:31:55","date_gmt":"2021-11-09T09:31:55","guid":{"rendered":"http:\/\/akdenizolaygazetesi.com\/?p=15126"},"modified":"2021-11-09T12:31:55","modified_gmt":"2021-11-09T09:31:55","slug":"baskan-secer-mutlaka-mersinde-spor-arzu-edilen-noktalarda-olmali","status":"publish","type":"post","link":"https:\/\/akdenizolaygazetesi.com\/?p=15126","title":{"rendered":"BA\u015eKAN SE\u00c7ER: \u201cMUTLAKA MERS\u0130N\u2019DE SPOR ARZU ED\u0130LEN NOKTALARDA OLMALI\u201d"},"content":{"rendered":"<p>Mersin B\u00fcy\u00fck\u015fehir Belediye Ba\u015fkan\u0131 Vahap Se\u00e7er\u2019in \u00f6nc\u00fcl\u00fc\u011f\u00fcnde sporu ve sporcular\u0131 destekleyen \u00e7al\u0131\u015fmalar\u0131 hayata ge\u00e7iren Mersin B\u00fcy\u00fck\u015fehir Belediyesi, farkl\u0131 bran\u015flardan 173 amat\u00f6r spor kul\u00fcb\u00fcne toplam 1 milyon 444 bin TL maddi destekte bulundu. \u201cAmat\u00f6r Spora Desteksin Mersin\u201d slogan\u0131yla Kongre ve Sergi Saray\u0131\u2019nda ger\u00e7ekle\u015ftirilen t\u00f6rende kul\u00fcplere temsili olarak \u00e7eklerini veren Ba\u015fkan Se\u00e7er, \u201cHer bir kul\u00fcb\u00fcm\u00fcz, kendi b\u00fcnyemizdeki spor kul\u00fcb\u00fcm\u00fcz kadar de\u011ferli, \u00f6nemli\u201d dedi.<br \/>\n173 kul\u00fcbe toplam 1 milyon 444 bin TL katk\u0131<br \/>\nT\u00f6rene; Ba\u015fkan Se\u00e7er\u2019in yan\u0131 s\u0131ra Mersin Amat\u00f6r Spor Kul\u00fcpleri Federasyonu (ASKF) Ba\u015fkan\u0131 Mithat Erta\u015f, B\u00fcy\u00fck\u015fehir Belediyesi Meclis \u00fcyeleri, B\u00fcy\u00fck\u015fehir Belediyesi b\u00fcrokratlar\u0131, kul\u00fcp y\u00f6neticileri ve sporcular kat\u0131ld\u0131. Destek kapsam\u0131nda futbol alan\u0131nda 50 kul\u00fcbe 500 bin TL, salon sporlar\u0131nda 96 kul\u00fcbe 576 bin TL, kad\u0131n ve erkek tak\u0131m\u0131 olan 4 kul\u00fcbe 48 bin TL, BAL Ligindeki 4 kul\u00fcbe 100 bin TL, salon ve futbol tak\u0131mlar\u0131nda 12 kul\u00fcbe 192 bin TL ve altyap\u0131daki 7 kul\u00fcbe 28 bin TL verildi.<br \/>\n\u201cMutlaka Mersin\u2019de spor arzu edilen noktalarda olmal\u0131\u201d<br \/>\nBa\u015fkan Se\u00e7er, yap\u0131lan maddi katk\u0131lar\u0131n asla yard\u0131m olarak d\u00fc\u015f\u00fcn\u00fclmemesi gerekti\u011fini vurgulayarak, salonda bulunan sporcular\u0131n bir g\u00fcn T\u00fcrk Bayra\u011f\u0131\u2019n\u0131 ulusal ve uluslararas\u0131 m\u00fcsabakalarda ba\u015far\u0131yla dalgaland\u0131racaklar\u0131na g\u00f6n\u00fclden inand\u0131\u011f\u0131n\u0131 belirtti. Se\u00e7er, \u201cBu ba\u015far\u0131larda bizim de katk\u0131m\u0131z olsun diye Mersin B\u00fcy\u00fck\u015fehir Belediyesi olarak mevcut imkanlar\u0131 en ak\u0131lc\u0131 \u015fekilde kullanarak Mersin\u2019de spora di\u011fer alanlarda oldu\u011fu gibi destek vermek istiyoruz\u201d dedi.  Sporun bireye sa\u011flad\u0131\u011f\u0131 fiziksel ve ruhsal faydalar\u0131n yan\u0131 s\u0131ra bar\u0131\u015f, karde\u015flik, centilmenlik, ho\u015fg\u00f6r\u00fc gibi bir\u00e7ok insani de\u011ferleri bar\u0131nd\u0131ran bir alan oldu\u011funu dile getiren Se\u00e7er,  \u201cMersin T\u00fcrkiye\u2019nin \u00f6zeti ise her rengin olu\u015fturdu\u011fu bir renk c\u00fcmb\u00fc\u015f\u00fc ise mutlaka Mersin\u2019de spor arzu edilen noktalarda olmal\u0131\u201d diye konu\u015ftu.<br \/>\n\u201cHer bir kul\u00fcb\u00fcm\u00fcz kendi b\u00fcnyemizdeki spor kul\u00fcb\u00fcm\u00fcz kadar de\u011ferli\u201d<br \/>\nMersin B\u00fcy\u00fck\u015fehir Belediyesi olarak sporu \u00f6nemsediklerini ifade eden Se\u00e7er, B\u00fcy\u00fck\u015fehir\u2019de \u015eube M\u00fcd\u00fcrl\u00fc\u011f\u00fc \u00e7at\u0131s\u0131 alt\u0131nda hizmet \u00fcreten spor birimini daire ba\u015fkanl\u0131\u011f\u0131na d\u00f6n\u00fc\u015ft\u00fcrd\u00fcklerini ve ba\u015fkanl\u0131\u011f\u0131 daha efektif hale getirmek i\u00e7in y\u00fcr\u00fctt\u00fckleri \u00e7al\u0131\u015fmalarda gayet iyi mesafeler ald\u0131klar\u0131n\u0131 belirtti. B\u00fcy\u00fck\u015fehir Belediyesi Gen\u00e7lik ve Spor Kul\u00fcb\u00fc\u2019n\u00fc olu\u015fturduklar\u0131n\u0131 da an\u0131msatan Se\u00e7er, toplam 22 bran\u015fta 300\u2019\u00fc lisansl\u0131 olmak \u00fczere 600\u2019\u00fcn \u00fczerinde sporcular\u0131 oldu\u011funu dile getirdi. Se\u00e7er, \u201cHer bir kul\u00fcb\u00fcm\u00fcz kendi b\u00fcnyemizdeki spor kul\u00fcb\u00fcm\u00fcz kadar de\u011ferli, \u00f6nemli. Onun i\u00e7in imkanlar\u0131m\u0131z\u0131 hem maddi hem manevi hem de tesis olarak adaletli bir \u015fekilde kullan\u0131yoruz\u201d ifadelerini kulland\u0131.<br \/>\n\u201cMacit \u00d6zcan Spor Tesisi\u2019nde amat\u00f6r spor kul\u00fcplerimizin m\u00fcsabaka yapmalar\u0131n\u0131 sa\u011flayaca\u011f\u0131z\u201d<br \/>\nB\u00fcy\u00fck\u015fehir Belediyesi\u2019ne ait mevcut tesislerle ilgili yapt\u0131klar\u0131 baz\u0131 \u00e7al\u0131\u015fmalar hakk\u0131nda da bilgi veren Se\u00e7er, \u201cHomurlu ve Bekirde sahalar\u0131m\u0131z hizmete girdi. Orada yapt\u0131\u011f\u0131m\u0131z \u00e7al\u0131\u015fmalarla sahalar\u0131m\u0131z\u0131 son derece uygun hale getirdik ve tak\u0131mlar\u0131m\u0131z orada m\u00fcsabakalara \u00e7\u0131k\u0131yorlar. Macit \u00d6zcan Spor Kompleksi i\u00e7erisindeki sahada bir dizi de\u011fi\u015fiklikler yapaca\u011f\u0131z. Y\u00f6n\u00fcn\u00fc de\u011fi\u015ftirece\u011fiz. Yeni trib\u00fcnler gelecek, yeni soyunma odalar\u0131. Oran\u0131n \u00fczerinde \u00e7al\u0131\u015ft\u0131 arkada\u015flar. K\u0131sa bir s\u00fcre i\u00e7erisinde \u00e7al\u0131\u015fmas\u0131n\u0131 ba\u015flataca\u011f\u0131z ve orada amat\u00f6r spor kul\u00fcplerimizin m\u00fcsabaka yapmalar\u0131n\u0131 sa\u011flayaca\u011f\u0131z. Son derece g\u00fczel, i\u015flevsel bir tesis olacak. \u015eu anda Macit \u00d6zcan Tesisi\u2019nde 12-14 ya\u015f m\u00fcsabakalar\u0131n\u0131 ba\u015flatma haz\u0131rl\u0131\u011f\u0131 yap\u0131yor arkada\u015flar. Ocak ve \u015eubat aylar\u0131 itibariyle bu m\u00fcsabakalar orada oynanabilecek. Zaten \u015fu anda antrenman yapma imkan\u0131n\u0131 kul\u00fcplerimize sa\u011fl\u0131yoruz. Yal\u0131nayak\u2019taki futbol sahas\u0131nda tadilat \u00e7al\u0131\u015fmam\u0131z var\u201d dedi.<br \/>\nBa\u015fkan Se\u00e7er, Mersinlileri Tarsus Yar\u0131 Maratonu\u2019na davet etti<br \/>\nSpor alan\u0131nda yapt\u0131klar\u0131 futbol turnuvalar\u0131 ve festivallere de de\u011finen Ba\u015fkan Se\u00e7er, 28 Kas\u0131m\u2019da Tarsus\u2019ta yap\u0131lacak olan Yar\u0131 Maratonu \u00f6nemsediklerini s\u00f6yleyerek, \u201cUzun s\u00fcredir yap\u0131lamayan \u00f6nemli bir etkinlik, 3 y\u0131ld\u0131r yapamad\u0131\u011f\u0131m\u0131z Tarsus Yar\u0131 Maratonu\u2019nu 28 Kas\u0131m\u2019da ger\u00e7ekle\u015ftirece\u011fiz. Bu da kentimize bir renk katacak. Pandeminin ard\u0131ndan bu tip etkinlikler halk\u0131m\u0131z taraf\u0131ndan da ra\u011fbet g\u00f6r\u00fcyor. \u00c7\u00fcnk\u00fc insanlar bu etkinliklere uzak kald\u0131. 28 Kas\u0131m\u2019da 21 kilometre yar\u0131 maraton ve 5 kilometrelik halk ko\u015fusuna b\u00fct\u00fcn yurtta\u015flar\u0131m\u0131z\u0131 \u015fimdiden davet etmek istiyorum. \u015eu ana kadar da 140\u2019a yak\u0131n sporcu kay\u0131t yapt\u0131rm\u0131\u015f. 27 Kas\u0131m\u2019a kadar da kay\u0131tlar devam edecek\u201d dedi.<br \/>\nYap\u0131lan maddi desteklerin yard\u0131m olarak g\u00f6r\u00fclmemesi gerekti\u011fini, bu destekleri her y\u0131l art\u0131rd\u0131klar\u0131n\u0131 s\u00f6zlerine ekleyen Ba\u015fkan Se\u00e7er, \u201cBize 189 spor kul\u00fcb\u00fc ba\u015fvuruda bulunmu\u015f, 16 kul\u00fcb\u00fcn faal olmad\u0131\u011f\u0131 tespit edilmi\u015f ve burada 173 kul\u00fcbe de biz katk\u0131 sunma karar\u0131 ald\u0131k. Burada bran\u015flara g\u00f6re de kategorizasyon yap\u0131ld\u0131. Toplamda 1 milyon 444 bin liraya tekab\u00fcl edecek. 2019 y\u0131l\u0131nda 85 kul\u00fcbe toplamda 239 bin 400 lira katk\u0131 yapm\u0131\u015f\u0131z. 2020 y\u0131l\u0131nda 160 kul\u00fcbe 875 bin TL katk\u0131 yapm\u0131\u015f\u0131z. Bu y\u0131l da yakla\u015f\u0131k olarak ge\u00e7en y\u0131l yapt\u0131\u011f\u0131m\u0131z yard\u0131m\u0131 ikiye katlayarak 1 milyon 444 bin TL nakdi katk\u0131 yapaca\u011f\u0131z\u201d diye konu\u015ftu.<br \/>\n\u201cBu yapm\u0131\u015f oldu\u011funuz nakdi yard\u0131mlar kul\u00fcplerimize can suyu\u201d<br \/>\nMersin Amat\u00f6r Spor Kul\u00fcpleri Federasyonu (ASKF) Ba\u015fkan\u0131 Mithat Erta\u015f, amat\u00f6r spor kul\u00fcplerinin pandemi s\u00fcrecinde bir\u00e7ok s\u0131k\u0131nt\u0131 ya\u015fad\u0131\u011f\u0131n\u0131 s\u00f6yledi. Bir\u00e7ok m\u00fcsabakan\u0131n iptal oldu\u011funu belirten Erta\u015f, \u201cS\u0131k\u0131nt\u0131lar\u0131m\u0131z\u0131 Say\u0131n Mersin B\u00fcy\u00fck\u015fehir Belediye Ba\u015fkan\u0131m\u0131za aktard\u0131m. Sa\u011f olsun duyarl\u0131 davrand\u0131. Bug\u00fcne kadar hi\u00e7bir talebimizi geri \u00e7evirmedi. Onun i\u00e7in ben kendisine ve ekibine \u00e7ok te\u015fekk\u00fcr ediyorum. Bu yapm\u0131\u015f oldu\u011funuz nakdi yard\u0131mlar da kul\u00fcplerimize can suyudur\u201d diye konu\u015ftu. Konu\u015fmalar\u0131n ard\u0131ndan Ba\u015fkan Se\u00e7er, kul\u00fcp y\u00f6neticileri ve sporcularla hat\u0131ra foto\u011fraf\u0131 \u00e7ektirdi.<\/p>\n","protected":false},"excerpt":{"rendered":"<p>Mersin B\u00fcy\u00fck\u015fehir Belediye Ba\u015fkan\u0131 Vahap Se\u00e7er\u2019in \u00f6nc\u00fcl\u00fc\u011f\u00fcnde sporu ve sporcular\u0131 destekleyen \u00e7al\u0131\u015fmalar\u0131 hayata ge\u00e7iren Mersin B\u00fcy\u00fck\u015fehir Belediyesi, farkl\u0131 bran\u015flardan 173 amat\u00f6r spor kul\u00fcb\u00fcne toplam 1 milyon 444 bin TL maddi &hellip; <a href=\"https:\/\/akdenizolaygazetesi.com\/?p=15126\" class=\"more-link\">Devam\u0131n\u0131 Oku&#8230;<\/a><\/p>\n","protected":false},"author":2,"featured_media":15127,"comment_status":"open","ping_status":"open","sticky":false,"template":"","format":"standard","meta":[],"categories":[3,10],"tags":[],"_links":{"self":[{"href":"https:\/\/akdenizolaygazetesi.com\/index.php?rest_route=\/wp\/v2\/posts\/15126"}],"collection":[{"href":"https:\/\/akdenizolaygazetesi.com\/index.php?rest_route=\/wp\/v2\/posts"}],"about":[{"href":"https:\/\/akdenizolaygazetesi.com\/index.php?rest_route=\/wp\/v2\/types\/post"}],"author":[{"embeddable":true,"href":"https:\/\/akdenizolaygazetesi.com\/index.php?rest_route=\/wp\/v2\/users\/2"}],"replies":[{"embeddable":true,"href":"https:\/\/akdenizolaygazetesi.com\/index.php?rest_route=%2Fwp%2Fv2%2Fcomments&post=15126"}],"version-history":[{"count":1,"href":"https:\/\/akdenizolaygazetesi.com\/index.php?rest_route=\/wp\/v2\/posts\/15126\/revisions"}],"predecessor-version":[{"id":15128,"href":"https:\/\/akdenizolaygazetesi.com\/index.php?rest_route=\/wp\/v2\/posts\/15126\/revisions\/15128"}],"wp:featuredmedia":[{"embeddable":true,"href":"https:\/\/akdenizolaygazetesi.com\/index.php?rest_route=\/wp\/v2\/media\/15127"}],"wp:attachment":[{"href":"https:\/\/akdenizolaygazetesi.com\/index.php?rest_route=%2Fwp%2Fv2%2Fmedia&parent=15126"}],"wp:term":[{"taxonomy":"category","embeddable":true,"href":"https:\/\/akdenizolaygazetesi.com\/index.php?rest_route=%2Fwp%2Fv2%2Fcategories&post=15126"},{"taxonomy":"post_tag","embeddable":true,"href":"https:\/\/akdenizolaygazetesi.com\/index.php?rest_route=%2Fwp%2Fv2%2Ftags&post=15126"}],"curies":[{"name":"wp","href":"https:\/\/api.w.org\/{rel}","templated":true}]}}