{"id":1513,"date":"2020-11-04T18:22:04","date_gmt":"2020-11-04T15:22:04","guid":{"rendered":"http:\/\/mersinekonomipolitikagazetesi.com\/?p=1513"},"modified":"2020-11-04T18:22:04","modified_gmt":"2020-11-04T15:22:04","slug":"mersin-idmanyurdu-bolgesel-amator-lige-dusuyor","status":"publish","type":"post","link":"https:\/\/akdenizolaygazetesi.com\/?p=1513","title":{"rendered":"Mersin \u0130dmanyurdu B\u00f6lgesel Amat\u00f6r Lig&#8217;e d\u00fc\u015f\u00fcyor"},"content":{"rendered":"<p>TFF 2. Lig K\u0131rm\u0131z\u0131 Grup&#8217;ta m\u00fccadele eden ve 3. lige d\u00fc\u015fmesi kesinle\u015fen Mersin \u0130dmanyurdu&#8217;nun, \u00f6n\u00fcm\u00fczdeki sezon B\u00f6lgesel Amat\u00f6r Lig&#8217;e d\u00fc\u015fme riski ile kar\u015f\u0131 kar\u015f\u0131ya oldu\u011fu bildirildi.<\/p>\n<p><span style=\"font-size:16px;\"><span style=\"font-family: sans-serif; line-height: 20px; text-align: justify; background-color: rgb(242, 244, 245);\">Bir zamanlar S\u00fcper Lig&#8217;de b\u00fcy\u00fck tak\u0131mlar\u0131n korkulu r\u00fcyas\u0131 olan Mersin \u0130dmanyurdu, ligin bitmesine 11 hafta kala k\u00fcme d\u00fc\u015fmeyi garantilerken, yabanc\u0131 futbolcular\u0131n alacaklar\u0131 nedeniyle devam eden davalardan dolay\u0131 daha b\u00fcy\u00fck bir tehlike ile kar\u015f\u0131 kar\u015f\u0131ya oldu\u011fu belirtildi.\u00a0<\/span><br style=\"box-sizing: border-box; font-family: sans-serif; font-size: 14px; line-height: 20px; text-align: justify; background-color: rgb(242, 244, 245);\" \/><br \/>\n<span style=\"font-family: sans-serif; line-height: 20px; text-align: justify; background-color: rgb(242, 244, 245);\">Kul\u00fcp Ba\u015fkan\u0131 Hamit \u0130zol, 5-0 ma\u011flup olduklar\u0131 Tuzlaspor kar\u015f\u0131la\u015fmas\u0131 sonras\u0131 d\u00fczenledi\u011fi toplant\u0131da, Mersin \u0130dmanyurdu&#8217;nun kuruldu\u011fu 1925 y\u0131l\u0131ndan bu yana ilk defa bu kadar b\u00fcy\u00fck s\u0131k\u0131nt\u0131lar ya\u015fad\u0131\u011f\u0131n\u0131 s\u00f6yledi. Baz\u0131 taraftarlar\u0131n da kat\u0131ld\u0131\u011f\u0131 toplant\u0131da, ge\u00e7mi\u015fte de bu tak\u0131m\u0131n zor g\u00fcnler ya\u015fad\u0131\u011f\u0131n\u0131 hat\u0131rlatan \u0130zol, &#8220;Ama hi\u00e7bir zaman bu duruma d\u00fc\u015fmedik, bu kadar dibe vurmad\u0131k. Ger\u00e7ekten hi\u00e7 bu kadar onurumuzu zedeleyecek duruma gelmemi\u015ftik. Tabii biz burada su\u00e7lu aram\u0131yoruz. Ba\u015far\u0131s\u0131zl\u0131\u011f\u0131 bir ba\u015fkas\u0131na y\u00fcklemek \u00e7ok kolay. Bizim buradaki amac\u0131m\u0131z, tak\u0131m\u0131 d\u00fc\u015ft\u00fc\u011f\u00fc bu durumdan kurtarmak, bir \u00e7\u0131k\u0131\u015f yolu bulmak olacakt\u0131r&#8221; dedi.\u00a0<\/span><br style=\"box-sizing: border-box; font-family: sans-serif; font-size: 14px; line-height: 20px; text-align: justify; background-color: rgb(242, 244, 245);\" \/><br \/>\n<span style=\"font-family: sans-serif; line-height: 20px; text-align: justify; background-color: rgb(242, 244, 245);\">G\u00f6revde olduklar\u0131 4 ayl\u0131k d\u00f6nemde Mersin \u0130dmanyurdu&#8217;nun borcunun bir tek kuru\u015f artmad\u0131\u011f\u0131n\u0131, aksine d\u00fc\u015ft\u00fc\u011f\u00fcn\u00fc s\u00f6yleyen \u0130zol, futbolcu alacaklar\u0131n\u0131n b\u00fcy\u00fck b\u00f6l\u00fcm\u00fcn\u00fcn \u00f6dendi\u011fini, personel alacaklar\u0131n\u0131n \u00f6dendi\u011fini, kurumlara olan baz\u0131 bor\u00e7lar\u0131n \u00f6dendi\u011fini ve i\u015flevde hi\u00e7bir eksikli\u011fin olmad\u0131\u011f\u0131n\u0131 belirtti.\u00a0<\/span><br style=\"box-sizing: border-box; font-family: sans-serif; font-size: 14px; line-height: 20px; text-align: justify; background-color: rgb(242, 244, 245);\" \/><br \/>\n<span style=\"font-family: sans-serif; line-height: 20px; text-align: justify; background-color: rgb(242, 244, 245);\">Ancak ya\u015fad\u0131klar\u0131 en b\u00fcy\u00fck sorunun, yabanc\u0131 futbolcular\u0131n alacaklar\u0131 konusu oldu\u011funu vurgulayan \u0130zol, &#8220;T\u00fcm \u00e7abalar\u0131m\u0131za ra\u011fmen bu yabanc\u0131 futbolcular\u0131n alacaklar\u0131n\u0131 makul bir seviyeye d\u00fc\u015f\u00fcremedik. Bu y\u00fczden de puan silme i\u015flemini durduramad\u0131k ve transfer tahtas\u0131n\u0131 da a\u00e7t\u0131ramad\u0131k. Bunlar\u0131 yapabilmemiz i\u00e7in ise 60 milyon liraya ihtiya\u00e7 var. Yerli futbolcu alacaklar\u0131 ile di\u011fer alacaklar\u0131 makul bir seviyeye \u00e7ektik, ancak yabanc\u0131 oyuncular 1 tek kuru\u015ftan vazge\u00e7mediler. Bu yabanc\u0131 futbolculara \u00f6dememiz gereken para ise 35-36 milyon lira&#8221; diye konu\u015ftu.\u00a0<\/span><br style=\"box-sizing: border-box; font-family: sans-serif; font-size: 14px; line-height: 20px; text-align: justify; background-color: rgb(242, 244, 245);\" \/><br \/>\n<span style=\"font-family: sans-serif; line-height: 20px; text-align: justify; background-color: rgb(242, 244, 245);\">Yabanc\u0131 futbolculara bor\u00e7lar\u0131n \u00f6denememesi nedeniyle devam eden davalardan dolay\u0131 FIFA Disiplin Kurulu&#8217;nun, \u00f6n\u00fcm\u00fczdeki sezon i\u00e7in Mersin \u0130dmanyurdu&#8217;na puan silme cezas\u0131n\u0131n yan\u0131 s\u0131ra k\u00fcme d\u00fc\u015fme cezas\u0131 verdi\u011fini aktaran \u0130zol, \u015f\u00f6yle devam etti:\u00a0<\/span><br style=\"box-sizing: border-box; font-family: sans-serif; font-size: 14px; line-height: 20px; text-align: justify; background-color: rgb(242, 244, 245);\" \/><br \/>\n<span style=\"font-family: sans-serif; line-height: 20px; text-align: justify; background-color: rgb(242, 244, 245);\">&#8220;FIFA taraf\u0131ndan iki dosyaya istinaden g\u00f6nderilen yaz\u0131da, \u00f6n\u00fcm\u00fczdeki sezon 3 puan silmenin yan\u0131nda e\u011fer bor\u00e7lar 1 ay i\u00e7erisinde \u00f6denmezse bir alt lige d\u00fc\u015fme cezas\u0131 veriyor. O bir ayl\u0131k s\u00fcre\u00e7 ba\u015flam\u0131\u015f durumda. Bu durumda zaten bu sezon 3. lige d\u00fc\u015fmemiz kesinle\u015fmi\u015fti, e\u011fer paray\u0131 \u00f6deyemezsek ki, bu pek m\u00fcmk\u00fcn g\u00f6r\u00fcnm\u00fcyor, \u00f6n\u00fcm\u00fczdeki sezon Mersin \u0130dmanyurdu B\u00f6lgesel Amat\u00f6r Lig&#8217;e d\u00fc\u015fecektir. Bu durumda gelecek y\u0131l \u015fehrimizde BAL&#8217;da 4 tak\u0131m olacak. Bu 4 tak\u0131mdan biri 3. lige \u00e7\u0131kmak mecburiyetinde. Burada herkesin bu 3. lige \u00e7\u0131kacak tak\u0131m\u0131n etraf\u0131nda kenetlenmesi laz\u0131m. B\u00f6ylelikle Mersin \u0130dmanyurdu yeniden k\u00fcllerinden do\u011facakt\u0131r. Yeniden do\u011fmas\u0131 i\u00e7in m\u00fccadele edece\u011fiz.&#8221;\u00a0<\/span><br style=\"box-sizing: border-box; font-family: sans-serif; font-size: 14px; line-height: 20px; text-align: justify; background-color: rgb(242, 244, 245);\" \/><br \/>\n<br style=\"box-sizing: border-box; font-family: sans-serif; font-size: 14px; line-height: 20px; text-align: justify; background-color: rgb(242, 244, 245);\" \/><br \/>\n<span style=\"font-family: sans-serif; line-height: 20px; text-align: justify; background-color: rgb(242, 244, 245);\">Mersin \u0130dmanyurdu&#8217;nun isminin de\u011fi\u015ftirilmesi tart\u0131\u015f\u0131l\u0131yor\u00a0<\/span><br style=\"box-sizing: border-box; font-family: sans-serif; font-size: 14px; line-height: 20px; text-align: justify; background-color: rgb(242, 244, 245);\" \/><br \/>\n<span style=\"font-family: sans-serif; line-height: 20px; text-align: justify; background-color: rgb(242, 244, 245);\">FIFA&#8217;dan gelen yaz\u0131da BAL&#8217;a d\u00fc\u015fmesine kesin g\u00f6z\u00fcyle bak\u0131lan Mersin \u0130dmanyurdu&#8217;nun isminin de\u011fi\u015ftirilmesi y\u00f6n\u00fcnde bir fikir do\u011fdu\u011funu dile getiren \u0130zol, &#8220;Benim, Mersin \u0130dmanyurdu isminin B\u00f6lgesel Amat\u00f6r Lig&#8217;de m\u00fccadele etmesine g\u00f6nl\u00fcm raz\u0131 de\u011fil. O nedenle bir isim de\u011fi\u015fikli\u011fi fikri ortaya \u00e7\u0131kt\u0131. Bu \u015fimdilik bir fikir olarak d\u00fc\u015f\u00fcn\u00fcl\u00fcyor. Bu konuyu taraftarlar\u0131m\u0131zla, halk\u0131m\u0131zla ve di\u011fer ilgililerle tart\u0131\u015faca\u011f\u0131z. Tabii Mersin \u0130dmanyurdu ismi yine bizde olacak. O daha sonra farkl\u0131 bir \u015fekilde de\u011ferlendirilebilir. Aksi taktirde, e\u011fer &#8216;bu bor\u00e7lar\u0131 ben \u00f6derim&#8217; diyen birileri varsa gelsinler kul\u00fcb\u00fc onlara devredelim. Mersin \u0130dmanyurdu&#8217;nun \u015fu an markas\u0131nda dahi 300 bin liral\u0131k haciz var. Bu neye benziyor, \u00f6l\u00fcn\u00fcn kefenine haciz koymaya benziyor&#8221; ifadelerini kulland\u0131.\u00a0<\/span><\/span><\/p>\n","protected":false},"excerpt":{"rendered":"<p>TFF 2. Lig K\u0131rm\u0131z\u0131 Grup&#8217;ta m\u00fccadele eden ve 3. lige d\u00fc\u015fmesi kesinle\u015fen Mersin \u0130dmanyurdu&#8217;nun, \u00f6n\u00fcm\u00fczdeki sezon B\u00f6lgesel Amat\u00f6r Lig&#8217;e d\u00fc\u015fme riski ile kar\u015f\u0131 kar\u015f\u0131ya oldu\u011fu bildirildi. Bir zamanlar S\u00fcper Lig&#8217;de &hellip; <a href=\"https:\/\/akdenizolaygazetesi.com\/?p=1513\" class=\"more-link\">Devam\u0131n\u0131 Oku&#8230;<\/a><\/p>\n","protected":false},"author":1,"featured_media":0,"comment_status":"open","ping_status":"open","sticky":false,"template":"","format":"standard","meta":[],"categories":[],"tags":[],"_links":{"self":[{"href":"https:\/\/akdenizolaygazetesi.com\/index.php?rest_route=\/wp\/v2\/posts\/1513"}],"collection":[{"href":"https:\/\/akdenizolaygazetesi.com\/index.php?rest_route=\/wp\/v2\/posts"}],"about":[{"href":"https:\/\/akdenizolaygazetesi.com\/index.php?rest_route=\/wp\/v2\/types\/post"}],"author":[{"embeddable":true,"href":"https:\/\/akdenizolaygazetesi.com\/index.php?rest_route=\/wp\/v2\/users\/1"}],"replies":[{"embeddable":true,"href":"https:\/\/akdenizolaygazetesi.com\/index.php?rest_route=%2Fwp%2Fv2%2Fcomments&post=1513"}],"version-history":[{"count":0,"href":"https:\/\/akdenizolaygazetesi.com\/index.php?rest_route=\/wp\/v2\/posts\/1513\/revisions"}],"wp:attachment":[{"href":"https:\/\/akdenizolaygazetesi.com\/index.php?rest_route=%2Fwp%2Fv2%2Fmedia&parent=1513"}],"wp:term":[{"taxonomy":"category","embeddable":true,"href":"https:\/\/akdenizolaygazetesi.com\/index.php?rest_route=%2Fwp%2Fv2%2Fcategories&post=1513"},{"taxonomy":"post_tag","embeddable":true,"href":"https:\/\/akdenizolaygazetesi.com\/index.php?rest_route=%2Fwp%2Fv2%2Ftags&post=1513"}],"curies":[{"name":"wp","href":"https:\/\/api.w.org\/{rel}","templated":true}]}}