{"id":15130,"date":"2021-11-09T12:35:33","date_gmt":"2021-11-09T09:35:33","guid":{"rendered":"http:\/\/akdenizolaygazetesi.com\/?p=15130"},"modified":"2021-11-09T12:35:33","modified_gmt":"2021-11-09T09:35:33","slug":"gundes-sanat-iyilestirir-programina-konuk-oldu","status":"publish","type":"post","link":"https:\/\/akdenizolaygazetesi.com\/?p=15130","title":{"rendered":"G\u00fcnde\u015f Sanat \u0130yile\u015ftirir program\u0131na konuk oldu"},"content":{"rendered":"<p>Tiyatro sanat\u00e7\u0131s\u0131, Sanat \u0130yile\u015ftirir Projesinin y\u00fcr\u00fct\u00fcc\u00fcs\u00fc Ba\u015fak Karatepe, Mersin&#8217;in sanat ve k\u00fclt\u00fcr alan\u0131nda nabz\u0131n\u0131 tutan programlara devam ediyor.<\/p>\n<p>Ba\u015fak Karatepe&#8217;nin konu\u011fu Mersin B\u00fcy\u00fck\u015fehir Belediyesi Bas\u0131n Yay\u0131n ve Halkla \u0130li\u015fkiler Daire Ba\u015fkan\u0131 Bedrettin G\u00fcnde\u015f oldu.<\/p>\n<p>\u0130\u00e7el Tv ve Sun Tv ekranlar\u0131ndan yay\u0131nlanan programda G\u00fcnde\u015f, Mersin B\u00fcy\u00fck\u015fehir Belediyesinin k\u00fclt\u00fcr ve sanat alan\u0131ndaki \u00e7al\u0131\u015fmalar\u0131n\u0131 anlatt\u0131.<\/p>\n<p>\u015eehir Tiyatrosu ba\u015fta olmak \u00fczere belediyenin sanatla ilgili t\u00fcm birimlerinin sanat\u00e7\u0131larca idare edildi\u011fini kaydeden G\u00fcnde\u015f, tiyatro, ses, enstr\u00fcman ve dans sanat\u00e7\u0131lar\u0131n\u0131n da d\u0131\u015far\u0131dan gelen, ba\u011f\u0131ms\u0131z, sanat\u00e7\u0131lardan olu\u015fan bir j\u00fcri taraf\u0131ndan se\u00e7ildi\u011fini belirterek bu anlamda T\u00fcrkiye&#8217;de bir ilki yapt\u0131klar\u0131n\u0131 vurgulad\u0131.<\/p>\n<p>Programda sanat\u00e7\u0131 Ba\u015fak Karatepe&#8217;nin, Mersin&#8217;deki tarihi yap\u0131lar\u0131n k\u00fclt\u00fcr sanat mekanlar\u0131na d\u00f6n\u00fc\u015ft\u00fcr\u00fclmesi \u00f6nerisi de g\u00fcndeme geldi.<\/p>\n<p>Mersin \u015fehir merkezinde sanat mekan\u0131 s\u0131k\u0131nt\u0131s\u0131 ya\u015fanmas\u0131na dikkat \u00e7eken Karatepe, tarihi binalar\u0131n sanat etkinliklerine kazand\u0131r\u0131lmas\u0131 i\u00e7in bir \u00e7al\u0131\u015fma ba\u015flatacaklar\u0131n\u0131 s\u00f6yledi.<\/p>\n","protected":false},"excerpt":{"rendered":"<p>Tiyatro sanat\u00e7\u0131s\u0131, Sanat \u0130yile\u015ftirir Projesinin y\u00fcr\u00fct\u00fcc\u00fcs\u00fc Ba\u015fak Karatepe, Mersin&#8217;in sanat ve k\u00fclt\u00fcr alan\u0131nda nabz\u0131n\u0131 tutan programlara devam ediyor. Ba\u015fak Karatepe&#8217;nin konu\u011fu Mersin B\u00fcy\u00fck\u015fehir Belediyesi Bas\u0131n Yay\u0131n ve Halkla \u0130li\u015fkiler Daire &hellip; <a href=\"https:\/\/akdenizolaygazetesi.com\/?p=15130\" class=\"more-link\">Devam\u0131n\u0131 Oku&#8230;<\/a><\/p>\n","protected":false},"author":2,"featured_media":15131,"comment_status":"open","ping_status":"open","sticky":false,"template":"","format":"standard","meta":[],"categories":[3,5],"tags":[],"_links":{"self":[{"href":"https:\/\/akdenizolaygazetesi.com\/index.php?rest_route=\/wp\/v2\/posts\/15130"}],"collection":[{"href":"https:\/\/akdenizolaygazetesi.com\/index.php?rest_route=\/wp\/v2\/posts"}],"about":[{"href":"https:\/\/akdenizolaygazetesi.com\/index.php?rest_route=\/wp\/v2\/types\/post"}],"author":[{"embeddable":true,"href":"https:\/\/akdenizolaygazetesi.com\/index.php?rest_route=\/wp\/v2\/users\/2"}],"replies":[{"embeddable":true,"href":"https:\/\/akdenizolaygazetesi.com\/index.php?rest_route=%2Fwp%2Fv2%2Fcomments&post=15130"}],"version-history":[{"count":1,"href":"https:\/\/akdenizolaygazetesi.com\/index.php?rest_route=\/wp\/v2\/posts\/15130\/revisions"}],"predecessor-version":[{"id":15132,"href":"https:\/\/akdenizolaygazetesi.com\/index.php?rest_route=\/wp\/v2\/posts\/15130\/revisions\/15132"}],"wp:featuredmedia":[{"embeddable":true,"href":"https:\/\/akdenizolaygazetesi.com\/index.php?rest_route=\/wp\/v2\/media\/15131"}],"wp:attachment":[{"href":"https:\/\/akdenizolaygazetesi.com\/index.php?rest_route=%2Fwp%2Fv2%2Fmedia&parent=15130"}],"wp:term":[{"taxonomy":"category","embeddable":true,"href":"https:\/\/akdenizolaygazetesi.com\/index.php?rest_route=%2Fwp%2Fv2%2Fcategories&post=15130"},{"taxonomy":"post_tag","embeddable":true,"href":"https:\/\/akdenizolaygazetesi.com\/index.php?rest_route=%2Fwp%2Fv2%2Ftags&post=15130"}],"curies":[{"name":"wp","href":"https:\/\/api.w.org\/{rel}","templated":true}]}}