{"id":15144,"date":"2021-11-10T09:59:40","date_gmt":"2021-11-10T06:59:40","guid":{"rendered":"http:\/\/akdenizolaygazetesi.com\/?p=15144"},"modified":"2021-11-10T09:59:40","modified_gmt":"2021-11-10T06:59:40","slug":"baskan-yilmaz-atamizi-ozlem-ve-minnetle-aniyoruz","status":"publish","type":"post","link":"https:\/\/akdenizolaygazetesi.com\/?p=15144","title":{"rendered":"BA\u015eKAN YILMAZ; \u201cATAMIZI \u00d6ZLEM VE M\u0130NNETLE ANIYORUZ\u201d"},"content":{"rendered":"<p>Toroslar Belediye Ba\u015fkan\u0131 Ats\u0131z Af\u015f\u0131n Y\u0131lmaz, Cumhuriyetimizin kurucusu Ulu \u00d6nder Gazi Mustafa Kemal Atat\u00fcrk&#8217;\u00fcn ebediyete intikalinin 83&#8217;\u00fcnc\u00fc y\u0131l d\u00f6n\u00fcm\u00fc dolay\u0131s\u0131yla bir mesaj yay\u0131nlad\u0131.<\/p>\n<p>\u201cBize d\u00fc\u015fen g\u00f6rev Cumhuriyetimizi sonsuza kadar ya\u015famak ve ya\u015fatmak\u201d diyen Ba\u015fkan Y\u0131lmaz; \u201cUlu \u00d6nderimiz Gazi Mustafa Kemal Atat\u00fcrk, sadece T\u00fcrk Milleti\u2019ne de\u011fil, azmi, zekas\u0131, vatan ve millet sevgisiyle t\u00fcm d\u00fcnyaya \u00f6rnek olmu\u015f e\u015fsiz bir liderdir. \u201cYa \u0130stiklal, Ya \u00d6l\u00fcm!\u201d diyerek g\u00fc\u00e7l\u00fc bir T\u00fcrkiye Cumhuriyeti\u2019ni kurmu\u015ftur. Bug\u00fcn \u015fanl\u0131 bayra\u011f\u0131m\u0131z\u0131 g\u00f6klerde dalgaland\u0131rabiliyorsak, \u0130stiklal Mar\u015f\u0131m\u0131z\u0131 b\u00fcy\u00fck bir gururla seslendirebiliyorsak bunu Ulu \u00d6nderimiz Atat\u00fcrk\u2019e, silah arkada\u015flar\u0131na, kahramanlar\u0131m\u0131za ve aziz \u015fehitlerimize bor\u00e7luyuz. Kurtulu\u015f Sava\u015f\u0131m\u0131z\u0131n \u00f6nderi, Cumhuriyetimizin kurucusu Gazi Mustafa Kemal Atat\u00fcrk\u2019\u00fcn hedef g\u00f6sterdi\u011fi, \u00fclkemizi muas\u0131r medeniyetler seviyesinin de ilerisine ta\u015f\u0131ma gayesi ile \u00e7al\u0131\u015f\u0131yoruz. Toroslar\u0131m\u0131z\u0131 daha ileriye ta\u015f\u0131yacak ad\u0131mlar at\u0131yor, projelerimizi ger\u00e7ekle\u015ftiriyor, gelece\u011fimiz olan \u00e7ocuklar\u0131m\u0131z\u0131n ve gen\u00e7lerimizin her zaman yanlar\u0131nda oluyoruz. Bu duygu ve d\u00fc\u015f\u00fcncelerle Ulu \u00d6nderimiz Gazi Mustafa Kemal Atat\u00fcrk\u2019\u00fc rahmet, \u00f6zlem ve minnetle an\u0131yor, vatan\u0131m\u0131z u\u011fruna can\u0131n\u0131, kan\u0131n\u0131 feda eden t\u00fcm \u015fehitlerimizi, gazilerimizi yad ediyoruz\u201d \u015feklinde konu\u015ftu.<\/p>\n","protected":false},"excerpt":{"rendered":"<p>Toroslar Belediye Ba\u015fkan\u0131 Ats\u0131z Af\u015f\u0131n Y\u0131lmaz, Cumhuriyetimizin kurucusu Ulu \u00d6nder Gazi Mustafa Kemal Atat\u00fcrk&#8217;\u00fcn ebediyete intikalinin 83&#8217;\u00fcnc\u00fc y\u0131l d\u00f6n\u00fcm\u00fc dolay\u0131s\u0131yla bir mesaj yay\u0131nlad\u0131. \u201cBize d\u00fc\u015fen g\u00f6rev Cumhuriyetimizi sonsuza kadar ya\u015famak &hellip; <a href=\"https:\/\/akdenizolaygazetesi.com\/?p=15144\" class=\"more-link\">Devam\u0131n\u0131 Oku&#8230;<\/a><\/p>\n","protected":false},"author":2,"featured_media":15145,"comment_status":"open","ping_status":"open","sticky":false,"template":"","format":"standard","meta":[],"categories":[1,3,5],"tags":[],"_links":{"self":[{"href":"https:\/\/akdenizolaygazetesi.com\/index.php?rest_route=\/wp\/v2\/posts\/15144"}],"collection":[{"href":"https:\/\/akdenizolaygazetesi.com\/index.php?rest_route=\/wp\/v2\/posts"}],"about":[{"href":"https:\/\/akdenizolaygazetesi.com\/index.php?rest_route=\/wp\/v2\/types\/post"}],"author":[{"embeddable":true,"href":"https:\/\/akdenizolaygazetesi.com\/index.php?rest_route=\/wp\/v2\/users\/2"}],"replies":[{"embeddable":true,"href":"https:\/\/akdenizolaygazetesi.com\/index.php?rest_route=%2Fwp%2Fv2%2Fcomments&post=15144"}],"version-history":[{"count":1,"href":"https:\/\/akdenizolaygazetesi.com\/index.php?rest_route=\/wp\/v2\/posts\/15144\/revisions"}],"predecessor-version":[{"id":15146,"href":"https:\/\/akdenizolaygazetesi.com\/index.php?rest_route=\/wp\/v2\/posts\/15144\/revisions\/15146"}],"wp:featuredmedia":[{"embeddable":true,"href":"https:\/\/akdenizolaygazetesi.com\/index.php?rest_route=\/wp\/v2\/media\/15145"}],"wp:attachment":[{"href":"https:\/\/akdenizolaygazetesi.com\/index.php?rest_route=%2Fwp%2Fv2%2Fmedia&parent=15144"}],"wp:term":[{"taxonomy":"category","embeddable":true,"href":"https:\/\/akdenizolaygazetesi.com\/index.php?rest_route=%2Fwp%2Fv2%2Fcategories&post=15144"},{"taxonomy":"post_tag","embeddable":true,"href":"https:\/\/akdenizolaygazetesi.com\/index.php?rest_route=%2Fwp%2Fv2%2Ftags&post=15144"}],"curies":[{"name":"wp","href":"https:\/\/api.w.org\/{rel}","templated":true}]}}