{"id":15147,"date":"2021-11-10T10:05:06","date_gmt":"2021-11-10T07:05:06","guid":{"rendered":"http:\/\/akdenizolaygazetesi.com\/?p=15147"},"modified":"2021-11-10T10:05:07","modified_gmt":"2021-11-10T07:05:07","slug":"secer-onceki-doneme-352-milyon-dolar-borclanma-yetkisi-vermissiniz-bana-bunu-niye-yapmiyorsunuz","status":"publish","type":"post","link":"https:\/\/akdenizolaygazetesi.com\/?p=15147","title":{"rendered":"SE\u00c7ER: \u201c\u00d6NCEK\u0130 D\u00d6NEME 352 M\u0130LYON DOLAR BOR\u00c7LANMA YETK\u0130S\u0130 VERM\u0130\u015eS\u0130N\u0130Z BANA BUNU N\u0130YE YAPMIYORSUNUZ?\u201d"},"content":{"rendered":"<p>Mersin B\u00fcy\u00fck\u015fehir Belediye Meclisi\u2019nin 2021 y\u0131l\u0131 Kas\u0131m ay\u0131 Ola\u011fan Toplant\u0131s\u0131n\u0131n 1. Birle\u015fimi, B\u00fcy\u00fck\u015fehir Belediye Ba\u015fkan\u0131 Vahap Se\u00e7er ba\u015fkanl\u0131\u011f\u0131nda Kongre ve Sergi Saray\u0131\u2019nda ger\u00e7ekle\u015ftirildi. Ba\u015fkan Se\u00e7er, daha \u00f6nceki Meclis toplant\u0131lar\u0131nda reddedilen 265 milyon liral\u0131k bor\u00e7lanma talebini \u0131srar karar\u0131yla yeniden Meclis\u2019e sundu. Cumhur \u0130ttifak\u0131\u2019na mensup Meclis \u00fcyelerinin oy \u00e7oklu\u011fuyla bor\u00e7lanma talebi bir kez daha reddedildi. \u00d6nceki d\u00f6nem y\u00f6netimine 352 milyon dolarl\u0131k bor\u00e7lanma yetkisi verildi\u011fini an\u0131msatan Ba\u015fkan Se\u00e7er, \u201c\u2018Bana bunu niye yapm\u0131yorsunuz\u2019 diyorum. Bir de eski d\u00f6nem bor\u00e7lar\u0131n\u0131 \u00f6detiyorsunuz. Verdi\u011finiz 164 milyon lira. Onun da parasal kar\u015f\u0131l\u0131\u011f\u0131 29 milyon dolar. Hepsi bu\u201d dedi.<br \/>\n\u201cBen Meclis\u2019in d\u00fczenini sa\u011flamakla g\u00f6revliyim\u201d<br \/>\nBa\u015fkan Se\u00e7er, yeni Meclis salonunda toplant\u0131n\u0131n daha verimli ge\u00e7mesi i\u00e7in gerekli d\u00fczenlemelerin yap\u0131ld\u0131\u011f\u0131n\u0131, Meclis \u00fcyeleri, b\u00fcrokratlar ve bas\u0131n mensuplar\u0131n\u0131n toplant\u0131y\u0131 izleyebilecekleri uygun alanlar\u0131n belirlendi\u011fini s\u00f6yledi. Herkesin bu kurallara uymas\u0131 gerekti\u011fini vurgulayan Ba\u015fkan Se\u00e7er, kendisinin Meclis toplant\u0131 d\u00fczeninin bozulmas\u0131na izin vermeyece\u011fini ifade etti. Se\u00e7er, \u201cBuras\u0131 Meclis toplant\u0131 salonu arkada\u015flar, ne yap\u0131yorsunuz siz? Bir mesaj verebilir, pankart a\u00e7abilir, protesto edebilir, ele\u015ftiri yapabilir, ba\u011f\u0131rabilir, \u00e7a\u011f\u0131rabilir bunu kimse men edemez ama Meclis toplant\u0131 salonu bir g\u00f6steri salonuna d\u00f6n\u00fc\u015ft\u00fcr\u00fclemez\u201d diye konu\u015ftu. Bas\u0131n\u0131 susturdu\u011funa ili\u015fkin iddialar\u0131n do\u011fru olmad\u0131\u011f\u0131n\u0131 ifade eden Se\u00e7er, \u201cBen bir \u015fey gizleyecek olsam canl\u0131 yay\u0131na m\u00fcsaade etmem. \u0130lk Belediye Ba\u015fkan\u0131 oldu\u011fumda, ilk Meclis toplant\u0131s\u0131nda ilk \u00f6nergem bu toplant\u0131lar\u0131n canl\u0131 yay\u0131nlanmas\u0131yd\u0131. Ben Meclis\u2019in d\u00fczenini sa\u011flamakla g\u00f6revliyim, Meclis\u2019in d\u00fczenini bozmakla de\u011fil. D\u00fczenini bozana da m\u00fcsaade edemem\u201d dedi.<br \/>\n\u201cTOK\u0130 sizin, bizim de\u011fil; halk\u0131n\u201d<br \/>\nBir Meclis \u00fcyesinin TOK\u0130\u2019yi g\u00fcndeme ta\u015f\u0131yarak yapt\u0131\u011f\u0131 de\u011ferlendirmenin ard\u0131ndan Ba\u015fkan Se\u00e7er, \u201cTOK\u0130 sizin, bizim de\u011fil; halk\u0131n. \u00d6\u011frenin art\u0131k, halk\u0131n, halk\u0131n\u201d vurgusu yapt\u0131. TOK\u0130\u2019nin Akdeniz il\u00e7esi Bar\u0131\u015f Mahallesi\u2019nde ba\u015flatt\u0131\u011f\u0131 kentsel d\u00f6n\u00fc\u015f\u00fcmde hafriyat\u0131n d\u00f6k\u00fcm\u00fc ile ilgili Akdeniz Belediyesi ve B\u00fcy\u00fck\u015fehir b\u00fcrokratlar\u0131 aras\u0131nda olumsuzluk ya\u015fand\u0131\u011f\u0131na ili\u015fkin iddialar\u0131 da de\u011ferlendiren Ba\u015fkan Se\u00e7er, kamuoyunu ayd\u0131nlatmak i\u00e7in konunun muhatab\u0131 \u0130mar A.\u015e. Genel M\u00fcd\u00fcr\u00fc Ali Uyan\u2019a prosed\u00fcrle ilgili soru sordu. Se\u00e7er\u2019in, \u201cBu prosed\u00fcrde \u0130mar A.\u015e.\u2019nin muhatab\u0131 TOK\u0130 mi, TOK\u0130\u2019nin m\u00fcteahhidi mi, Akdeniz Belediyesi mi?\u201d sorusuna Uyan, \u201cTOK\u0130\u2019nin m\u00fcteahhitti\u201d yan\u0131t\u0131n\u0131 verince Ba\u015fkan Se\u00e7er, \u015funlar\u0131 s\u00f6yledi:<br \/>\n\u201c\u015eimdi Say\u0131n G\u00fcltak, m\u00fcteahhidin avukatl\u0131\u011f\u0131n\u0131 m\u0131 yap\u0131yor bize? Hadi TOK\u0130\u2019nin anlar\u0131z, \u2018bizim kurum\u2019 diyor. Bir \u015fey daha soraca\u011f\u0131m. Ba\u015fkanlar\u0131m\u0131z, Meclis \u00fcyelerimiz, b\u00fcrokratlar\u0131m\u0131z bilir. Bu ihalelerde hafriyat pozu yok mu? Yani oraya para yazm\u0131yor mu m\u00fcteahhit? Bu pozu yazarken, bu maliyeti hesaplarken, hafriyat bedelini de TOK\u0130\u2019den almayacak m\u0131 bu m\u00fcteahhit? Ben m\u00fcteahhide ayr\u0131cal\u0131k m\u0131 yapaca\u011f\u0131m? Benden m\u00fcteahhidin haklar\u0131n\u0131 m\u0131 savunuyorsunuz, halk\u0131n haklar\u0131n\u0131 m\u0131? \u0130mar A.\u015e. de halk\u0131n kurumu, belediye de halk\u0131n kurumu ama m\u00fcteahhit halk\u0131n m\u00fcteahhidi de\u011fil. M\u00fcteahhit sizin m\u00fcteahhidiniz, benim m\u00fcteahhidim de\u011fil. \u015eimdi ben bunu anlamakta zorlan\u0131yorum. \u0130\u015fi yapan TOK\u0130, i\u015fi yapt\u0131ran TOK\u0130, y\u00fcklenici bir m\u00fcteahhit. Paray\u0131 \u00f6deyecek olan o. \u00d6deyece\u011fi paray\u0131 TOK\u0130\u2019den alm\u0131\u015f ya da alacak. Siz \u2018onun paras\u0131n\u0131 almay\u0131n\u2019 diyorsunuz bize.\u201d<br \/>\n\u00c7ilek Mahallesi\u2019nde \u00e7al\u0131\u015fmalar gece-g\u00fcnd\u00fcz devam ediyor<br \/>\nG\u00fcndem d\u0131\u015f\u0131 konu\u015fmalarda y\u00f6neltilen sorular\u0131 da yan\u0131tlayan Ba\u015fkan Se\u00e7er, \u00c7ay Mahallesi\u2019nde yap\u0131m\u0131na ba\u015flanan ve \u00c7ilek Mahallesi\u2019nde yap\u0131lacak asfalt \u00e7al\u0131\u015fmas\u0131n\u0131 de\u011ferlendirirken, \u015funlar\u0131 s\u00f6yledi:<br \/>\n\u201cEyl\u00fcl ay\u0131nda bir tart\u0131\u015fma oldu yine burada. Biz k\u0131sa s\u00fcrede tamamlan\u0131p asfalt \u00e7al\u0131\u015fmalar\u0131na girilece\u011fini s\u00f6yledik ve konu\u015ftu\u011fumuz gibi de oldu. \u00c7ay Mahallesi\u2019nde i\u00e7me suyu \u015febeke \u00e7al\u0131\u015fmalar\u0131n\u0131 bitirdik, 10 Ekim itibariyle asfalt \u00e7al\u0131\u015fmalar\u0131 ba\u015flad\u0131. 20 Ekim\u2019de ba\u015flama s\u00f6z\u00fc vermi\u015ftik. 10 g\u00fcn \u00f6nce ba\u015flad\u0131. \u015eu anda da caddelerde \u00e7al\u0131\u015fmalar devam ediyor. Orada yapt\u0131\u011f\u0131m\u0131z sokaklar tamamen Akdeniz Belediyesi\u2019ne ait sokaklar. Ama \u015funun i\u00e7in s\u00f6yl\u00fcyorum. Sokaklar dar oldu\u011fu i\u00e7in yap\u0131lan \u00e7al\u0131\u015fmalarda yama yapt\u0131\u011f\u0131n\u0131z zaman, \u00e7ok daha k\u00f6t\u00fc bir sonu\u00e7 \u00e7\u0131kar diye biz freze ile al\u0131yoruz. Gayet g\u00fczel altyap\u0131s\u0131n\u0131 yap\u0131yoruz ve tamamen caddeyi s\u0131f\u0131rl\u0131yoruz. Orada yap\u0131lan eme\u011fi ve hizmeti g\u00f6rmesi laz\u0131m Say\u0131n Belediye Ba\u015fkan\u0131n\u0131n. Bana olmasa da emek veren, ba\u015fta teknik elemanlar\u0131m\u0131za ve \u00e7al\u0131\u015fanlara te\u015fekk\u00fcr etmeleri gerekir diye d\u00fc\u015f\u00fcn\u00fcyorum. Kendi il\u00e7e s\u0131n\u0131rlar\u0131 i\u00e7erisinde oldu\u011fu i\u00e7in. \u00c7ilek Mahallesi\u2019nde d\u00fcktil boru \u00e7al\u0131\u015fmas\u0131 yap\u0131l\u0131yor. Bunun temini zor. Arkada\u015flar\u0131m\u0131z, belediye ba\u015fkanlar\u0131m\u0131z bilir. Zaten hem b\u00f6lge halk\u0131yla hem muhtar\u0131m\u0131zla biz bu \u00e7al\u0131\u015fmalar\u0131 isti\u015fareli g\u00f6t\u00fcr\u00fcyoruz. \u015eu anda y\u0131lba\u015f\u0131na kadar biz bu \u00e7al\u0131\u015fmalar\u0131 bitirece\u011fimizi s\u00f6yledik. Daha da erkene almak i\u00e7in arkada\u015flar\u0131m\u0131z gece-g\u00fcnd\u00fcz \u00e7al\u0131\u015fmalar\u0131n\u0131 devam ettiriyorlar. Daha sonra asfaltlar\u0131n\u0131 yapaca\u011f\u0131z.\u201d<br \/>\n\u201cDemokrasi ad\u0131na \u00e7ok \u00fcz\u00fcnt\u00fc verici bir durum\u201d<\/p>\n<p>Ba\u015fkan Se\u00e7er, daha \u00f6nceki Meclis toplant\u0131lar\u0131nda reddedilen 265 milyon liral\u0131k bor\u00e7lanma yetkisi talebini \u0131srar karar\u0131yla Meclis\u2019e yeniden sundu. Konu hen\u00fcz g\u00f6r\u00fc\u015f\u00fclmeden bir Meclis \u00fcyesinin \u201cCumhur \u0130ttifak\u0131 olarak d\u00fc\u015f\u00fcncelerimizde de\u011fi\u015fiklik yok\u201d ifadeleri \u00fczerine konu\u015fan Ba\u015fkan Se\u00e7er, \u201cMeclis\u2019te herkesin iradesi h\u00fcrd\u00fcr diye biliyorum. Burada b\u00fct\u00fcn \u00fcyeler ad\u0131na bizim karar\u0131m\u0131z kesin demeniz bence demokrasi ad\u0131na \u00e7ok \u00fcz\u00fcnt\u00fc verici bir durum\u201d dedi.<\/p>\n<p>Vatanda\u015fa hizmet etmek ve \u00e7al\u0131\u015fmalar\u0131n aksamamas\u0131 i\u00e7in Meclis \u00fcyelerini bu konuda ikna etmeye \u00e7al\u0131\u015ft\u0131klar\u0131na dikkat \u00e7eken Se\u00e7er, bor\u00e7lanma yetkisi almalar\u0131 durumunda esnafa ve y\u00fcklenici firmalara daha h\u0131zl\u0131 \u00f6deme yapabileceklerini vurgulad\u0131. Her \u015feyde ak\u0131l almaz bir fiyat art\u0131\u015f\u0131 oldu\u011funu belirten Ba\u015fkan Se\u00e7er, \u201cEski fiyatlarla hizmet vermi\u015f insanlar\u0131n durumunu d\u00fc\u015f\u00fcn\u00fcn. Y\u0131lba\u015f\u0131 geliyor. \u0130\u015fte hepiniz bilirsiniz, bir\u00e7o\u011funuz esnaf. \u0130\u015f insanlar\u0131n\u0131n en korkulu r\u00fcya g\u00f6rd\u00fckleri g\u00fcnler bankalara devre faizini \u00f6deyece\u011fi aylar\u0131n sonudur. Mart sonu, Haziran sonu, Eyl\u00fcl sonu ve Aral\u0131k sonu. \u015eimdi y\u0131lba\u015f\u0131 geliyor. \u2018Aral\u0131k ay\u0131 dert ay\u0131\u2019 derler esnaflar. Ben bu insanlara daha s\u00fcratle \u00f6deme yapabileyim ki bu paran\u0131n \u00e7o\u011funlu\u011fu, belki y\u00fczde 80\u2019i Mersin\u2019de i\u015flem g\u00f6recek, Mersin ekonomisine katk\u0131 yapacak\u201d diye konu\u015ftu.<\/p>\n<p>\u201cBen ne yapaca\u011f\u0131m bu bor\u00e7lanmay\u0131, bu paray\u0131, bu kadar \u0131srarla\u201d<\/p>\n<p>\u00d6nceki toplant\u0131larda hangi hizmete ne kadar para \u00f6dediklerini tek tek ayr\u0131nt\u0131lar\u0131yla anlatt\u0131\u011f\u0131na da dikkat \u00e7eken Ba\u015fkan Se\u00e7er, bu b\u00fct\u00e7elerle 13 il\u00e7enin tamam\u0131na hizmet etmek istediklerini vurgulad\u0131. \u00c7aml\u0131yayla\u2019da ya\u015fayan bir vatanda\u015f\u0131n kendisine mesaj g\u00f6nderip il\u00e7e belediyesinin sorumluluk alan\u0131ndaki bir yol i\u00e7in parke ta\u015f\u0131 istedi\u011fini, buna da olumlu yan\u0131t verdi\u011fini anlatan Se\u00e7er, \u201c\u2018Tabii ki, derhal g\u00f6ndeririz\u2019 dedim. Ben bu parkeyi ne yapaca\u011f\u0131m be karde\u015fim? Ben bu asfalt\u0131 ne yapaca\u011f\u0131m? Bu paray\u0131 ne yapaca\u011f\u0131m? Ben ne yapaca\u011f\u0131m bu bor\u00e7lanmay\u0131, bu paray\u0131, bu kadar \u0131srarla \u0131srarla \u0131srarla. Ben de rahat nefes almak istiyorum\u201d ifadelerine yer verdi.<\/p>\n<p>\u201cBen vatanda\u015f\u0131ma hizmet etmek istiyorum, beni engellemeyin\u201d<\/p>\n<p>2020 y\u0131l\u0131nda 150 projenin y\u00fczde 96\u2019s\u0131n\u0131, parasal olarak ise y\u00fczde 92\u2019sini ger\u00e7ekle\u015ftirdiklerini vurgulayan Ba\u015fkan Se\u00e7er, bu y\u0131l \u015fu ana kadar ise y\u00fczde 80.71\u2019ini parasal olarak hayata ge\u00e7irdiklerini belirtti. Hak edi\u015flerin bekledi\u011fini de s\u00f6zlerine ekleyen Se\u00e7er, \u201cBen vatanda\u015f\u0131ma hizmet etmek istiyorum. \u2018Beni engellemeyin\u2019 diyorum\u201d dedi. \u00d6nceki y\u00f6netimin g\u00f6revi yakla\u015f\u0131k 82 milyon dolarl\u0131k bor\u00e7la devrald\u0131\u011f\u0131n\u0131 ifade eden Ba\u015fkan Se\u00e7er, kendisinin ise devrald\u0131\u011f\u0131 535 milyon dolarl\u0131k bor\u00e7la g\u00f6reve ba\u015flad\u0131\u011f\u0131n\u0131 s\u00f6yledi.<\/p>\n<p>\u201cBu adaletsizlik, bu hakkaniyet de\u011fil\u201d<\/p>\n<p>Geriden gelen bor\u00e7lar\u0131 \u00f6demeye devam ettiklerine dikkat \u00e7eken Ba\u015fkan Se\u00e7er, \u201c\u2018Bu adaletsizlik\u2019 diyorum. Siz diyorsunuz ki \u2018vatanda\u015fa hizmet etme.\u2019 Ama \u00f6nceki d\u00f6neme siz 352 milyon dolar bor\u00e7lanma yetkisi vermi\u015fsiniz. \u2018Bana bunu niye yapm\u0131yorsunuz\u2019 diyorum. Bir de eski d\u00f6nem bor\u00e7lar\u0131n\u0131 \u00f6detiyorsunuz. Verdi\u011finiz 164 milyon lira. Onun da parasal kar\u015f\u0131l\u0131\u011f\u0131 29 milyon dolar. Hepsi bu. 352 milyon dolar, 29 milyon dolar. Diyorum ki \u2018yahu bu hakkaniyet de\u011fil.\u2019 Benim bunu s\u00f6yleme hakk\u0131m vard\u0131r\u201d dedi.<\/p>\n<p>\u201cSiz bor\u00e7lanmay\u0131 engellerseniz Mersin halk\u0131na haks\u0131zl\u0131k yapm\u0131\u015f olursunuz\u201d<\/p>\n<p>Yat\u0131r\u0131m program\u0131n\u0131 harfiyen uygulad\u0131klar\u0131n\u0131 ve baz\u0131 alanlarda hem fiili hem de parasal anlamda y\u00fczde 100\u2019\u00fcn \u00fczerinde ger\u00e7ekle\u015fme oran\u0131 oldu\u011funu vurgulayan Ba\u015fkan Se\u00e7er, bunlar\u0131 yaparken de geriden gelen bor\u00e7lar\u0131 \u00f6demeye devam ettiklerini s\u00f6zlerine ekledi. Ba\u015fkan Se\u00e7er, \u015f\u00f6yle dedi:<\/p>\n<p>\u201cBir taraftan yat\u0131r\u0131m yap\u0131yorsun. Yeni bor\u00e7lar ama totalde bakt\u0131\u011f\u0131n zaman art\u0131-eksi 633 milyon da eski borcu \u00f6d\u00fcyorsun, yeni yat\u0131r\u0131mlar yap\u0131yorsun. Yeni yap\u0131lar yap\u0131yorsun. Bana destek olma durumundas\u0131n\u0131z. Ortada bir problem yok, bir haks\u0131zl\u0131k yok. Yasalara ayk\u0131r\u0131 bir \u015fey yok. Stratejik plana, yat\u0131r\u0131m program\u0131na ayk\u0131r\u0131 bir \u015fey yok. Halk\u0131n yarar\u0131na olmayan bir \u015fey yok. Siz bunu engellerseniz bana haks\u0131zl\u0131k yapm\u0131\u015f olursunuz. Dolay\u0131s\u0131yla Mersin halk\u0131na haks\u0131zl\u0131k yapm\u0131\u015f olursunuz. Benim anlatmak istedi\u011fim bu.\u201d<\/p>\n<p>\u201cDa\u011f\u0131tt\u0131\u011f\u0131m\u0131z un, yapt\u0131\u011f\u0131m\u0131z yol, k\u00f6y\u00fcn\u00fcze g\u00f6t\u00fcrd\u00fc\u011f\u00fcm\u00fcz hizmet proje de\u011fil mi?\u201d<\/p>\n<p>Bir Meclis \u00fcyesinin projelere y\u00f6nelik destek verdiklerini s\u00f6ylemesi \u00fczerine Ba\u015fkan Se\u00e7er, \u201cSanki istenen bor\u00e7lanma yetkisi projelere \u00f6denecek bir para de\u011filmi\u015f gibi e\u011fer bilgi verirseniz halka yanl\u0131\u015f bilgilendirme yapm\u0131\u015f olursunuz. Yani yapt\u0131\u011f\u0131m\u0131z 4. \u00c7evre Yolu proje de\u011fil mi? Yapt\u0131\u011f\u0131m\u0131z k\u00f6pr\u00fcl\u00fc kav\u015faklar yol de\u011fil mi? Verdi\u011fimiz 1 TL ekmek, sosyal hizmetler ya da daire ba\u015fkanl\u0131klar\u0131n\u0131n bir projesi de\u011fil mi? \u00c7ocuklara verdi\u011fimiz s\u00fct\u2026 Daha yeni 64 bin aileye da\u011f\u0131tt\u0131\u011f\u0131m\u0131z 10 kilogram un bir proje de\u011fil mi? Bu paralar bunlara \u00f6denmeyecek mi? Halk bunlar\u0131 izliyor yani, \u2018size destek oluyoruz\u2019. Metroya destek vermeyeydiniz can\u0131m. IBRD hibe kredisine destek vermeyeydiniz. Yani onu da yapmayayd\u0131n\u0131z. Vallahi yani yapmayal\u0131m, Metro da yapmayal\u0131m. IBRD\u2019den hibeli kredi de almayal\u0131m. CNG\u2019li otob\u00fcs de almayal\u0131m. Bunlar proje oluyor da da\u011f\u0131tt\u0131\u011f\u0131m\u0131z un, yapt\u0131\u011f\u0131m\u0131z yol, k\u00f6y\u00fcn\u00fcze g\u00f6t\u00fcrd\u00fc\u011f\u00fcm\u00fcz hizmet proje de\u011fil mi? Onlar i\u00e7in isteniyor zaten. Zaten biz ge\u00e7en y\u0131l bunlar\u0131 size sunmu\u015fuz. Bu, bu, bu projeleri yapaca\u011f\u0131z. \u015eimdi anlatt\u0131m. Bak\u0131n toplamda 2020 y\u0131l\u0131nda proje say\u0131s\u0131 150 diyorum. Ger\u00e7ekle\u015fme oran\u0131ndan bahsediyorum. 2021 y\u0131l\u0131nda 163 proje. Bunlar proje de\u011fil mi? 1,5 milyar lira proje bedeli koymu\u015fum. Bunun %82\u2019si zaten ilk 10 ayda ger\u00e7ekle\u015fmi\u015f\u201d dedi.<\/p>\n<p>Ba\u015fkan Se\u00e7er, Mut\u2019taki OSB arazi yolunun g\u00fcndeme gelmesine \u00fczerine, \u201c\u2018Ba\u015fkan yolu yaps\u0131n\u2019 deniyor. Minimum maliyeti 30 milyon lira. Nas\u0131l olacak \u015fimdi? Gelin empati yap\u0131n. Kendinizi benim yerime koyun. Nas\u0131l olacak? Her taraftan aya\u011f\u0131m\u0131 ba\u011flay\u0131n, her yerde de benden hizmet bekleyin. Yapay\u0131m da biraz rahat b\u0131rak\u0131n. Gideyim Mut\u2019un OSB yolunu da yapay\u0131m, Erdemli Hali\u2019ni de bitireyim. Satmaya izin vermiyorsunuz bari adam\u0131n hak edi\u015fini bor\u00e7lanma ile \u00f6deyeyim. Buradan Erdemli halk\u0131na sesleniyorum; o in\u015faat durursa m\u00fcsebbibi Cumhur \u0130ttifak\u0131d\u0131r. Ba\u015fta Erdemli Meclis \u00fcyeleridir. Anlat\u0131yorum, anlatam\u0131yorum. Bunlar\u0131 halk bilsin\u201d diye konu\u015ftu.<\/p>\n<p>\u201cBen 24 saat \u00e7al\u0131\u015f\u0131yorum\u201d<br \/>\nBa\u015fkan Se\u00e7er, 24 saat aral\u0131ks\u0131z \u00e7al\u0131\u015ft\u0131\u011f\u0131n\u0131 belirterek, \u201c\u015eu g\u00f6z\u00fcme bak\u0131n, kan toplam\u0131\u015f yorgunluktan. Siz 3 saat tahamm\u00fcl edemiyorsunuz. Ben 24 saat \u00e7al\u0131\u015f\u0131yorum. Siz bari 24 saat \u00e7al\u0131\u015fmay\u0131n hi\u00e7 olmazsa ayda bir g\u00fcn, Meclis\u2019te 7 saat tahamm\u00fcl edin. \u2018S\u0131k\u0131ld\u0131k, b\u0131kt\u0131k\u2019 diyorsunuz ama vallahi halk da sizin bu inad\u0131n\u0131zdan s\u0131k\u0131ld\u0131, b\u0131kt\u0131. Az \u00f6nce arkada\u015flar g\u00fczel bir \u015fey s\u00f6yledi. Verin kurtulun. Biz mazeret de \u00fcretmeyiz. Siz verin kurtulun bu i\u015ften, bize ba\u015fka mazeret \u00fcretmeyin. Genel b\u00fct\u00e7e gelirlerinde b\u00fct\u00fcn belediyelere bak\u0131n, \u00f6z kaynaklardan e\u011fer %15\u2019ler, %20\u2019ler varsa bu zaten muazzam bir \u015fey. B\u00f6yle bir \u015fey yok. B\u0131rak\u0131n Allah a\u015fk\u0131na. Ben arsa satarak gelir elde etmiyorum. 1 metrekare bug\u00fcne kadar arsa satmad\u0131m. Bunu da yapar\u0131z ama maharet satmakla gelir elde etmek de\u011fil. Siz bir \u015fey yaratabiliyor musunuz, \u00fcretebiliyor musunuz? Bir akar sa\u011flayabiliyor musunuz? Buna bakmak laz\u0131m\u201d dedi.<br \/>\n\u0130l\u00e7e belediyelerinin bor\u00e7lanma taleplerinin kabul edildi\u011fini, ancak B\u00fcy\u00fck\u015fehir Belediyesi\u2019ne bu olana\u011f\u0131n sa\u011flanmad\u0131\u011f\u0131n\u0131 ifade eden Se\u00e7er, \u201cSiyasi konularda Baro ile i\u015f birli\u011fine \u2018hay\u0131r!\u2019; hekimlerle kontrol yapaca\u011f\u0131z, k\u00f6ylere gidece\u011fiz \u2018hay\u0131r!\u2019; di\u015f hekimleri ile \u2018hay\u0131r!\u2019. Mesele \u015fu; Yeni\u015fehir, Tarsus, Akdeniz, di\u011fer taraf, beri taraf meselesi de\u011fil. Orada oyunuzun rengi ile ayn\u0131 konuda B\u00fcy\u00fck\u015fehir\u2019e geldi mi oyunuzun rengi de\u011fi\u015fiyor. Ge\u00e7en y\u0131l da zaten verilmedi bize yetki\u201d diye konu\u015ftu.<\/p>\n","protected":false},"excerpt":{"rendered":"<p>Mersin B\u00fcy\u00fck\u015fehir Belediye Meclisi\u2019nin 2021 y\u0131l\u0131 Kas\u0131m ay\u0131 Ola\u011fan Toplant\u0131s\u0131n\u0131n 1. Birle\u015fimi, B\u00fcy\u00fck\u015fehir Belediye Ba\u015fkan\u0131 Vahap Se\u00e7er ba\u015fkanl\u0131\u011f\u0131nda Kongre ve Sergi Saray\u0131\u2019nda ger\u00e7ekle\u015ftirildi. Ba\u015fkan Se\u00e7er, daha \u00f6nceki Meclis toplant\u0131lar\u0131nda reddedilen &hellip; <a href=\"https:\/\/akdenizolaygazetesi.com\/?p=15147\" class=\"more-link\">Devam\u0131n\u0131 Oku&#8230;<\/a><\/p>\n","protected":false},"author":2,"featured_media":15149,"comment_status":"open","ping_status":"open","sticky":false,"template":"","format":"standard","meta":[],"categories":[8,1,3,5],"tags":[],"_links":{"self":[{"href":"https:\/\/akdenizolaygazetesi.com\/index.php?rest_route=\/wp\/v2\/posts\/15147"}],"collection":[{"href":"https:\/\/akdenizolaygazetesi.com\/index.php?rest_route=\/wp\/v2\/posts"}],"about":[{"href":"https:\/\/akdenizolaygazetesi.com\/index.php?rest_route=\/wp\/v2\/types\/post"}],"author":[{"embeddable":true,"href":"https:\/\/akdenizolaygazetesi.com\/index.php?rest_route=\/wp\/v2\/users\/2"}],"replies":[{"embeddable":true,"href":"https:\/\/akdenizolaygazetesi.com\/index.php?rest_route=%2Fwp%2Fv2%2Fcomments&post=15147"}],"version-history":[{"count":1,"href":"https:\/\/akdenizolaygazetesi.com\/index.php?rest_route=\/wp\/v2\/posts\/15147\/revisions"}],"predecessor-version":[{"id":15150,"href":"https:\/\/akdenizolaygazetesi.com\/index.php?rest_route=\/wp\/v2\/posts\/15147\/revisions\/15150"}],"wp:featuredmedia":[{"embeddable":true,"href":"https:\/\/akdenizolaygazetesi.com\/index.php?rest_route=\/wp\/v2\/media\/15149"}],"wp:attachment":[{"href":"https:\/\/akdenizolaygazetesi.com\/index.php?rest_route=%2Fwp%2Fv2%2Fmedia&parent=15147"}],"wp:term":[{"taxonomy":"category","embeddable":true,"href":"https:\/\/akdenizolaygazetesi.com\/index.php?rest_route=%2Fwp%2Fv2%2Fcategories&post=15147"},{"taxonomy":"post_tag","embeddable":true,"href":"https:\/\/akdenizolaygazetesi.com\/index.php?rest_route=%2Fwp%2Fv2%2Ftags&post=15147"}],"curies":[{"name":"wp","href":"https:\/\/api.w.org\/{rel}","templated":true}]}}