{"id":15157,"date":"2021-11-10T10:14:59","date_gmt":"2021-11-10T07:14:59","guid":{"rendered":"http:\/\/akdenizolaygazetesi.com\/?p=15157"},"modified":"2021-11-10T10:14:59","modified_gmt":"2021-11-10T07:14:59","slug":"kirsalda-yasayan-cocuklar-ataturk-evini-ziyaret-etti","status":"publish","type":"post","link":"https:\/\/akdenizolaygazetesi.com\/?p=15157","title":{"rendered":"KIRSALDA YA\u015eAYAN \u00c7OCUKLAR ATAT\u00dcRK EV\u0130\u2019N\u0130 Z\u0130YARET ETT\u0130"},"content":{"rendered":"<p>Mersin B\u00fcy\u00fck\u015fehir Belediyesi Sosyal Hizmetler Dairesi b\u00fcnyesinde hizmet veren MERC\u0130 \u00d6\u011frenci Dan\u0131\u015fmanl\u0131k Merkezi\u2019nin \u2018Kent Turu\u2019 projesinin ikinci gezisi ger\u00e7ekle\u015ftirildi. Tarsus\u2019un G\u00fclek Mahallesi\u2019nden \u00f6\u011frencilerin kat\u0131ld\u0131\u011f\u0131 gezi program\u0131 kapsam\u0131nda \u00e7ocuklar Atat\u00fcrk Evi\u2019ni gezdi, ard\u0131ndan d\u00fczenlenen \u00e7e\u015fitli etkinliklere kat\u0131ld\u0131.<br \/>\n\u00c7ocuklar hem anlaml\u0131 hem keyifli bir g\u00fcn ge\u00e7irdi<br \/>\nDezavantajl\u0131 mahallelerde ya\u015fayan \u00e7ocuklara y\u00f6nelik \u00e7e\u015fitli etkinlik ve gezi programlar\u0131n\u0131 i\u00e7eren \u2018Kent Turu\u2019 projesi kapsam\u0131nda G\u00fclek Atat\u00fcrk Ortaokulu \u00f6\u011frencileri, ilk olarak Atat\u00fcrk Evi\u2019ni ziyaret etti. Atat\u00fcrk\u2019\u00fcn e\u015fyalar\u0131n\u0131n oldu\u011fu evi gezen \u00e7ocuklara 10 Kas\u0131m\u2019\u0131n anlam ve \u00f6nemiyle ilgili bilgi verildi. Ard\u0131ndan Arkeoloji M\u00fczesi\u2019ni gezen \u00e7ocuklar, eski \u00e7a\u011flara ait e\u015fyalar\u0131 inceledi. B\u00fcy\u00fck\u015fehir Belediyesi\u2019nin K\u00fclt\u00fcr Park\u2019a kazand\u0131rd\u0131\u011f\u0131 Tarsusi Kafe\u2019de \u00f6\u011fle yeme\u011fi yiyen \u00e7ocuklar, B\u00fcy\u00fck\u015fehir\u2019in Survivor parkurunda yar\u0131\u015f yapt\u0131. Kent merkezinde keyifli bir g\u00fcn ge\u00e7iren \u00e7ocuklar, hem \u00f6\u011frendi hem de doyas\u0131ya e\u011flendi.<br \/>\n\u201cBilmeleri gereken de\u011ferlerin ellerinin alt\u0131nda, ula\u015f\u0131labilir oldu\u011funu g\u00f6rs\u00fcnler\u201d<br \/>\nSosyal Hizmetler Dairesi E\u011fitim Hizmetleri \u015eube M\u00fcd\u00fcrl\u00fc\u011f\u00fc\u2019nde Sosyal Hizmet Uzman\u0131 olarak g\u00f6rev yapan Ceyda Din\u00e7er, \u2018Kent Turu\u2019 projesi hakk\u0131nda bilgiler vererek, \u015f\u00f6yle devam etti:<br \/>\n\u201cMERC\u0130 \u00d6\u011frenci Dan\u0131\u015fma Merkezimizin ba\u015flatm\u0131\u015f oldu\u011fu bu proje kapsam\u0131nda, k\u0131rsal b\u00f6lgemizde ya\u015fayan dezavantajl\u0131 \u00e7ocuklar\u0131m\u0131z\u0131n tarihi ve k\u00fclt\u00fcrel de\u011ferlerimizi g\u00f6rmeleri i\u00e7in \u00f6\u011frencilerimizi belli periyotlarda kentimize getiriyoruz. \u0130stiyoruz ki hem tarihi, k\u00fclt\u00fcrel de\u011ferlerimizi g\u00f6rs\u00fcnler hem de bir g\u00fcn de olsa kentimizde keyifli bir zaman ge\u00e7irsinler. \u00c7\u00fcnk\u00fc daha \u00f6ncesinden hi\u00e7 \u015fehir merkezine gelmemi\u015f, sahilde daha \u00f6nce hamburger yememi\u015f \u00f6\u011frencilerimiz var. Bu projeyi de bu ama\u00e7la ba\u015flatt\u0131k. Bilmeleri gereken de\u011ferlerin ellerinin alt\u0131nda, ula\u015f\u0131labilir oldu\u011funu g\u00f6rs\u00fcnler. \u015eimdiye kadar belki k\u0131rsal mahallelerden buraya gelme f\u0131rsatlar\u0131 olmam\u0131\u015f ama bizler B\u00fcy\u00fck\u015fehir Belediyesi olarak bize ula\u015famayan herkese yava\u015f yava\u015f ula\u015fmay\u0131 planl\u0131yoruz.\u201d<br \/>\n\u201cMersin merkezi hi\u00e7 g\u00f6rmemi\u015ftim\u201d<br \/>\n\u00d6\u011frencilerden Hasan Erten, ilk defa Mersin\u2019in merkezini gezme f\u0131rsat\u0131 buldu\u011funu ifade ederek, \u201cSahili ilk defa g\u00f6rd\u00fcm. \u0130lk defa Atat\u00fcrk Evi\u2019ne gittik. Orada O\u2019nun e\u015fyalar\u0131n\u0131 g\u00f6rd\u00fck. Arkeoloji M\u00fczesi\u2019ne gittik. \u00c7ok g\u00fczel bir duygu hissettim \u00e7\u00fcnk\u00fc ilk defa gidiyordum. O e\u015fyalar\u0131 g\u00f6rmek \u00e7ok g\u00fczel bir duyguydu. Bu benim i\u00e7in \u00e7ok de\u011ferli bir \u015feydi\u201d dedi.<br \/>\n\u201cYeni g\u00f6rece\u011fim yerler i\u00e7in \u00e7ok heyecanl\u0131y\u0131m\u201d<br \/>\nBengisu Yurtseven ise g\u00f6rd\u00fc\u011f\u00fc yeni yerlerin kendini heyecanland\u0131rd\u0131\u011f\u0131n\u0131 belirterek, \u201c\u0130lk defa geldim. Buralar\u0131 g\u00f6rmek \u00e7ok g\u00fczel bir duyguydu, g\u00f6rd\u00fc\u011f\u00fcm i\u00e7in \u00e7ok mutluyum. Atat\u00fcrk\u2019\u00fcn foto\u011fraflar\u0131n\u0131, kulland\u0131\u011f\u0131 e\u015fyalar\u0131n\u0131 g\u00f6rd\u00fcm. \u00c7ok g\u00fczel bir duyguydu ve yeni g\u00f6rece\u011fim yerler i\u00e7in de \u00e7ok heyecanl\u0131y\u0131m. Mersin B\u00fcy\u00fck\u015fehir Belediye Ba\u015fkan\u0131 Vahap Se\u00e7er\u2019e \u00e7ok te\u015fekk\u00fcrlerimi iletmek istiyorum\u201d ifadelerine yer verdi.<br \/>\n\u201cBizlere Atat\u00fcrk\u2019\u00fcn miraslar\u0131n\u0131 g\u00f6sterdiler, onlarla b\u00fcy\u00fcyece\u011fiz\u201d<br \/>\nAtat\u00fcrk\u2019\u00fcn e\u015fyalar\u0131n\u0131, foto\u011fraflar\u0131n\u0131 g\u00f6rmekten duydu\u011fu mutlulu\u011fu anlatan Halil \u0130brahim \u015eahin, \u201cAtat\u00fcrk&#8217;\u00fcn evinde olmaktan gurur duyuyorum. Atat\u00fcrk\u2019le birlikte olmak gurur verici. Bizlere Atat\u00fcrk\u2019\u00fcn miraslar\u0131n\u0131 g\u00f6sterdiler, onlarla b\u00fcy\u00fcyece\u011fiz\u201d diye konu\u015ftu.<\/p>\n","protected":false},"excerpt":{"rendered":"<p>Mersin B\u00fcy\u00fck\u015fehir Belediyesi Sosyal Hizmetler Dairesi b\u00fcnyesinde hizmet veren MERC\u0130 \u00d6\u011frenci Dan\u0131\u015fmanl\u0131k Merkezi\u2019nin \u2018Kent Turu\u2019 projesinin ikinci gezisi ger\u00e7ekle\u015ftirildi. Tarsus\u2019un G\u00fclek Mahallesi\u2019nden \u00f6\u011frencilerin kat\u0131ld\u0131\u011f\u0131 gezi program\u0131 kapsam\u0131nda \u00e7ocuklar Atat\u00fcrk Evi\u2019ni &hellip; <a href=\"https:\/\/akdenizolaygazetesi.com\/?p=15157\" class=\"more-link\">Devam\u0131n\u0131 Oku&#8230;<\/a><\/p>\n","protected":false},"author":2,"featured_media":15158,"comment_status":"open","ping_status":"open","sticky":false,"template":"","format":"standard","meta":[],"categories":[3,5],"tags":[],"_links":{"self":[{"href":"https:\/\/akdenizolaygazetesi.com\/index.php?rest_route=\/wp\/v2\/posts\/15157"}],"collection":[{"href":"https:\/\/akdenizolaygazetesi.com\/index.php?rest_route=\/wp\/v2\/posts"}],"about":[{"href":"https:\/\/akdenizolaygazetesi.com\/index.php?rest_route=\/wp\/v2\/types\/post"}],"author":[{"embeddable":true,"href":"https:\/\/akdenizolaygazetesi.com\/index.php?rest_route=\/wp\/v2\/users\/2"}],"replies":[{"embeddable":true,"href":"https:\/\/akdenizolaygazetesi.com\/index.php?rest_route=%2Fwp%2Fv2%2Fcomments&post=15157"}],"version-history":[{"count":1,"href":"https:\/\/akdenizolaygazetesi.com\/index.php?rest_route=\/wp\/v2\/posts\/15157\/revisions"}],"predecessor-version":[{"id":15159,"href":"https:\/\/akdenizolaygazetesi.com\/index.php?rest_route=\/wp\/v2\/posts\/15157\/revisions\/15159"}],"wp:featuredmedia":[{"embeddable":true,"href":"https:\/\/akdenizolaygazetesi.com\/index.php?rest_route=\/wp\/v2\/media\/15158"}],"wp:attachment":[{"href":"https:\/\/akdenizolaygazetesi.com\/index.php?rest_route=%2Fwp%2Fv2%2Fmedia&parent=15157"}],"wp:term":[{"taxonomy":"category","embeddable":true,"href":"https:\/\/akdenizolaygazetesi.com\/index.php?rest_route=%2Fwp%2Fv2%2Fcategories&post=15157"},{"taxonomy":"post_tag","embeddable":true,"href":"https:\/\/akdenizolaygazetesi.com\/index.php?rest_route=%2Fwp%2Fv2%2Ftags&post=15157"}],"curies":[{"name":"wp","href":"https:\/\/api.w.org\/{rel}","templated":true}]}}