{"id":1516,"date":"2020-11-04T18:22:04","date_gmt":"2020-11-04T15:22:04","guid":{"rendered":"http:\/\/mersinekonomipolitikagazetesi.com\/?p=1516"},"modified":"2020-11-04T18:22:04","modified_gmt":"2020-11-04T15:22:04","slug":"akdeniz-belediyesinden-egitim-seferberligine-destek","status":"publish","type":"post","link":"https:\/\/akdenizolaygazetesi.com\/?p=1516","title":{"rendered":"Akdeniz Belediyesi\u2019nden e\u011fitim seferberli\u011fine destek"},"content":{"rendered":"<p>Akdeniz Belediye Ba\u015fkan\u0131 Muhittin Pamuk, okuma yazma kurslar\u0131ndaki kursiyerleri ziyaret etti.<\/p>\n<p><span style=\"font-size:16px;\"><span style=\"font-family: sans-serif; line-height: 20px; text-align: justify; background-color: rgb(242, 244, 245);\">Cumhurba\u015fkan\u0131 Recep Tayyip Erdo\u011fan ile e\u015fi Emine Erdo\u011fan&#8217;\u0131n himaye ve destekleri ile Milli E\u011fitim Bakanl\u0131\u011f\u0131\u2019n\u0131n koordinasyonunda, ge\u00e7en \u015fubat ay\u0131nda ba\u015flayan &#8216;okuma-yazma seferberli\u011fi&#8217; kurslar\u0131na, yurdun d\u00f6rt bir yan\u0131nda oldu\u011fu gibi Mersin\u2019den de yo\u011fun bir kat\u0131l\u0131m ya\u015fan\u0131yor. Seferberlik kapsam\u0131nda Akdeniz il\u00e7e s\u0131n\u0131rlar\u0131nda bulunan \u015eevket S\u00fcmer Mahallesi&#8217;ndeki Ahmet Mete I\u015f\u0131kara \u0130lkokulu\u2019nda kursiyerler i\u00e7in 6 derslik a\u00e7\u0131l\u0131rken, kurslara farkl\u0131 ya\u015f gruplar\u0131ndan yakla\u015f\u0131k 150 kad\u0131n kat\u0131l\u0131yor.\u00a0<\/span><br style=\"box-sizing: border-box; font-family: sans-serif; font-size: 14px; line-height: 20px; text-align: justify; background-color: rgb(242, 244, 245);\" \/><br \/>\n<span style=\"font-family: sans-serif; line-height: 20px; text-align: justify; background-color: rgb(242, 244, 245);\">Akdeniz Belediye Ba\u015fkan\u0131 Muhittin Pamuk, beraberinde \u0130l\u00e7e Milli E\u011fitim M\u00fcd\u00fcr\u00fc Adem \u015eim\u015fek ile birlikte, okuma- yazma kursuna kat\u0131lan kad\u0131nlar\u0131n bulundu\u011fu s\u0131n\u0131flar\u0131 ziyaret etti.\u00a0<\/span><br style=\"box-sizing: border-box; font-family: sans-serif; font-size: 14px; line-height: 20px; text-align: justify; background-color: rgb(242, 244, 245);\" \/><br \/>\n<span style=\"font-family: sans-serif; line-height: 20px; text-align: justify; background-color: rgb(242, 244, 245);\">\u201cSonuna kadar yan\u0131n\u0131zday\u0131z, ne gerekiyorsa yapmaya haz\u0131r\u0131z\u201d\u00a0<\/span><br style=\"box-sizing: border-box; font-family: sans-serif; font-size: 14px; line-height: 20px; text-align: justify; background-color: rgb(242, 244, 245);\" \/><br \/>\n<span style=\"font-family: sans-serif; line-height: 20px; text-align: justify; background-color: rgb(242, 244, 245);\">Kursiyerlerle sohbet edip talepleri olup olmad\u0131\u011f\u0131n\u0131 soran Ba\u015fkan Pamuk, i\u00e7inde k\u0131rtasiye malzemesi olan \u00e7antalar\u0131 okuma-yazma seferberli\u011fine kat\u0131lan kad\u0131nlara hediye etti. Anneleriyle birlikte s\u0131n\u0131flara giren k\u00fc\u00e7\u00fck \u00e7ocuklar\u0131 da unutmayan Pamuk, onlar\u0131 da oyuncaklarla sevindirdi. Kursiyerlere hitap eden Pamuk, \u201cSizlerden ricam, kurslara mutlaka devam etmenizdir. Ondan sonra da sizleri ortaokula, liseye kaydedelim. Diplomalar\u0131n\u0131z\u0131 al\u0131n ve in\u015fallah ikinci kademeye ge\u00e7ti\u011finizde daha farkl\u0131 etkinliklerle e\u011fitimlere devam edece\u011fiz. Yeter ki sizler kurslara kat\u0131l\u0131n. Hi\u00e7 merak etmeyin, sonuna kadar yan\u0131n\u0131zday\u0131z, ne gerekiyorsa yerine getirmeye haz\u0131r\u0131z. Sizlere ba\u015far\u0131lar diliyorum\u201d dedi.\u00a0<\/span><br style=\"box-sizing: border-box; font-family: sans-serif; font-size: 14px; line-height: 20px; text-align: justify; background-color: rgb(242, 244, 245);\" \/><br \/>\n<span style=\"font-family: sans-serif; line-height: 20px; text-align: justify; background-color: rgb(242, 244, 245);\">\u201cOkuma-yazma kurslar\u0131na bin 300 kursiyerimiz kat\u0131l\u0131yor\u201d\u00a0<\/span><br style=\"box-sizing: border-box; font-family: sans-serif; font-size: 14px; line-height: 20px; text-align: justify; background-color: rgb(242, 244, 245);\" \/><br \/>\n<span style=\"font-family: sans-serif; line-height: 20px; text-align: justify; background-color: rgb(242, 244, 245);\">Ard\u0131ndan kurslara ili\u015fkin bir a\u00e7\u0131klama yapan Pamuk, \u201cCumhurba\u015fkan\u0131m\u0131z\u0131n e\u015fleri Emine Erdo\u011fan\u2019\u0131n himayelerinde, t\u00fcm T\u00fcrkiye\u2019de okuma-yazma seferberli\u011fi ba\u015flad\u0131. Bizler de Akdeniz\u2019de Akdeniz Kaymakaml\u0131\u011f\u0131, Akdeniz Belediyesi, \u0130l\u00e7e E\u011fitim ve \u0130l\u00e7e Halk E\u011fitim M\u00fcd\u00fcrl\u00fckleri i\u015fbirli\u011finde okuma-yazma seferberli\u011fine destek oluyor, katk\u0131 sa\u011fl\u0131yoruz. Ger\u00e7ekten \u00e7ok yo\u011fun bir ilgi g\u00f6r\u00fcyoruz. \u015eu an il\u00e7emizde bin 300 civar\u0131nda kursiyerimiz okuma-yazma kurslar\u0131m\u0131za kat\u0131lmaktad\u0131r. Akdeniz Belediyesi olarak kursiyerlerimize k\u0131rtasiye deste\u011fi de sa\u011fl\u0131yoruz. Kampanya s\u00fcresince yo\u011fun kurs s\u00fcrecimiz devam edecek&#8221; diye konu\u015ftu.\u00a0<\/span><br style=\"box-sizing: border-box; font-family: sans-serif; font-size: 14px; line-height: 20px; text-align: justify; background-color: rgb(242, 244, 245);\" \/><br \/>\n<span style=\"font-family: sans-serif; line-height: 20px; text-align: justify; background-color: rgb(242, 244, 245);\">\u201cOkuma-yazma \u00f6\u011frenip, bir yerlere gelebilmek istiyoruz\u201d\u00a0<\/span><br style=\"box-sizing: border-box; font-family: sans-serif; font-size: 14px; line-height: 20px; text-align: justify; background-color: rgb(242, 244, 245);\" \/><br \/>\n<span style=\"font-family: sans-serif; line-height: 20px; text-align: justify; background-color: rgb(242, 244, 245);\">Okuma-yazma kursuna kat\u0131lan kad\u0131nlar da kendilerine bu f\u0131rsat\u0131n sunulmas\u0131ndan dolay\u0131 \u015f\u00fckran ve te\u015fekk\u00fcrlerini dile getirdiler, kurslar\u0131n devam etmesini talep ettiler. Okuma-yazma bilmedikleri i\u00e7in hastaneye veya bir kamu kurumuna gittiklerinde kendilerini ifade edemediklerini, sorunlar\u0131n\u0131 anlatamad\u0131klar\u0131n\u0131 belirten kad\u0131nlar, bu kurslar sayesinde kendilerine olan \u00f6zg\u00fcvenlerinin artt\u0131\u011f\u0131n\u0131 s\u00f6ylediler.\u00a0<\/span><\/span><\/p>\n","protected":false},"excerpt":{"rendered":"<p>Akdeniz Belediye Ba\u015fkan\u0131 Muhittin Pamuk, okuma yazma kurslar\u0131ndaki kursiyerleri ziyaret etti. Cumhurba\u015fkan\u0131 Recep Tayyip Erdo\u011fan ile e\u015fi Emine Erdo\u011fan&#8217;\u0131n himaye ve destekleri ile Milli E\u011fitim Bakanl\u0131\u011f\u0131\u2019n\u0131n koordinasyonunda, ge\u00e7en \u015fubat ay\u0131nda &hellip; <a href=\"https:\/\/akdenizolaygazetesi.com\/?p=1516\" class=\"more-link\">Devam\u0131n\u0131 Oku&#8230;<\/a><\/p>\n","protected":false},"author":1,"featured_media":0,"comment_status":"open","ping_status":"open","sticky":false,"template":"","format":"standard","meta":[],"categories":[],"tags":[],"_links":{"self":[{"href":"https:\/\/akdenizolaygazetesi.com\/index.php?rest_route=\/wp\/v2\/posts\/1516"}],"collection":[{"href":"https:\/\/akdenizolaygazetesi.com\/index.php?rest_route=\/wp\/v2\/posts"}],"about":[{"href":"https:\/\/akdenizolaygazetesi.com\/index.php?rest_route=\/wp\/v2\/types\/post"}],"author":[{"embeddable":true,"href":"https:\/\/akdenizolaygazetesi.com\/index.php?rest_route=\/wp\/v2\/users\/1"}],"replies":[{"embeddable":true,"href":"https:\/\/akdenizolaygazetesi.com\/index.php?rest_route=%2Fwp%2Fv2%2Fcomments&post=1516"}],"version-history":[{"count":0,"href":"https:\/\/akdenizolaygazetesi.com\/index.php?rest_route=\/wp\/v2\/posts\/1516\/revisions"}],"wp:attachment":[{"href":"https:\/\/akdenizolaygazetesi.com\/index.php?rest_route=%2Fwp%2Fv2%2Fmedia&parent=1516"}],"wp:term":[{"taxonomy":"category","embeddable":true,"href":"https:\/\/akdenizolaygazetesi.com\/index.php?rest_route=%2Fwp%2Fv2%2Fcategories&post=1516"},{"taxonomy":"post_tag","embeddable":true,"href":"https:\/\/akdenizolaygazetesi.com\/index.php?rest_route=%2Fwp%2Fv2%2Ftags&post=1516"}],"curies":[{"name":"wp","href":"https:\/\/api.w.org\/{rel}","templated":true}]}}