{"id":15160,"date":"2021-11-10T10:18:11","date_gmt":"2021-11-10T07:18:11","guid":{"rendered":"http:\/\/akdenizolaygazetesi.com\/?p=15160"},"modified":"2021-11-10T10:18:11","modified_gmt":"2021-11-10T07:18:11","slug":"ataturkun-ebediyete-intikalinin-83-yilinda-bir-kez-daha-sevgi-ve-minnetle-aniyoruz","status":"publish","type":"post","link":"https:\/\/akdenizolaygazetesi.com\/?p=15160","title":{"rendered":"&#8216;Atat\u00fcrk\u2019\u00fcn ebediyete intikalinin 83. y\u0131l\u0131nda bir kez daha sevgi ve minnetle an\u0131yoruz&#8217;"},"content":{"rendered":"<p>Mersin Yat\u0131r\u0131mc\u0131 \u0130\u015f \u0130nsanlar\u0131 Derne\u011fi (MERYAD) Ba\u015fkan\u0131 Co\u015fkun Do\u011fmu\u015f, 10 Kas\u0131m Atat\u00fcrk\u2019\u00fc anma g\u00fcn\u00fcn\u00fcn 83. Y\u0131l d\u00f6n\u00fcm\u00fc dolay\u0131s\u0131yla bir mesaj yay\u0131mlad\u0131.<\/p>\n<p>Ba\u015fkan Do\u011fmu\u015f mesaj\u0131nda: Cumhuriyetimizin kurucusu b\u00fcy\u00fck komutan Mustafa Kemal Atat\u00fcrk\u2019\u00fcn ebediyete intikalinin 83. y\u0131l\u0131nda bir kez daha sevgi ve minnetle an\u0131yoruz. <\/p>\n<p>\u00dclkemizin kurtar\u0131c\u0131s\u0131 olan ve tarih boyunca insanl\u0131\u011f\u0131n yeti\u015ftirdi\u011fi en b\u00fcy\u00fck komutanlardan biri olan Gazi Mustafa Kemal Atat\u00fcrk, silah arkada\u015flar\u0131yla birlikte vatan\u0131 u\u011fruna b\u00fcy\u00fck m\u00fccadeleler vererek bu \u00fclkeyi bizlere arma\u011fan etmi\u015ftir. Mustafa Kemal Atat\u00fcrk, b\u00fcy\u00fck bir komutan olarak milletimizle birlikte istiklal m\u00fccadelesini zafere ula\u015ft\u0131rm\u0131\u015f, bar\u0131\u015f\u00e7\u0131 kimli\u011fi, insani de\u011ferle \u00f6nem vermesi ile de d\u00fcnyan\u0131n sayg\u0131n liderleri aras\u0131nda yerini alm\u0131\u015ft\u0131r. <\/p>\n<p>Atat\u00fcrk ve kahraman atalar\u0131m\u0131z\u0131n bizlere b\u0131rakm\u0131\u015f oldu\u011fu de\u011ferli miras\u0131 gelece\u011fe ta\u015f\u0131mak, b\u00fcy\u00fck bedeller \u00f6denerek kazan\u0131lan vatan\u0131m\u0131za ve ba\u011f\u0131ms\u0131zl\u0131\u011f\u0131m\u0131za sahip \u00e7\u0131kmak hepimizin g\u00f6revidir. T\u00fcrkiye Cumhuriyeti \u00e7at\u0131s\u0131 alt\u0131nda b\u00f6l\u00fcnmez b\u00fct\u00fcnl\u00fc\u011f\u00fcn\u00fc sonsuza kadar koruma ve y\u00fcceltme azim ve kararl\u0131\u011f\u0131 ile kutsal emaneti sonsuza kadar koruma ve y\u00fcceltme azim ve kararl\u0131l\u0131\u011f\u0131 ile kutsal emaneti, gelecek nesillere ta\u015f\u0131yaca\u011f\u0131z. \u2019Benim naciz v\u00fccudum elbet bir g\u00fcn toprak olacakt\u0131r, ancak T\u00fcrkiye Cumhuriyeti ilelebet payidar kalacakt\u0131r\u2019 s\u00f6z\u00fc ile B\u00fcy\u00fck Atam\u0131z\u0131 and\u0131\u011f\u0131m\u0131z bug\u00fcn de onun ilkeleriyle onun g\u00f6sterdi\u011fi hedefe do\u011fru T\u00fcrk milletinin ve T\u00fcrk vatan\u0131n\u0131n T\u00fcrkiye Cumhuriyeti \u00e7at\u0131s\u0131 alt\u0131nda b\u00f6l\u00fcnmez b\u00fct\u00fcnl\u00fc\u011f\u00fcn\u00fc sonsuza kadar koruma ve y\u00fcceltme azim ve kararl\u0131l\u0131\u011f\u0131 ile ald\u0131\u011f\u0131m\u0131z kutsal emaneti, gelecek nesillere ta\u015f\u0131yaca\u011f\u0131z. <\/p>\n<p>Cumhuriyetimizin kurucusu, b\u00fcy\u00fck lider, e\u015fsiz devlet adam\u0131 Mustafa Kemal Atat\u00fcrk\u2019\u00fc, silah arkada\u015flar\u0131n\u0131 ve \u00fclkemiz i\u00e7in sava\u015fan b\u00fct\u00fcn kahramanlar\u0131m\u0131z\u0131 bir kez daha sevgi, sayg\u0131 ve \u015f\u00fckranla an\u0131yorum\u201d dedi.<\/p>\n","protected":false},"excerpt":{"rendered":"<p>Mersin Yat\u0131r\u0131mc\u0131 \u0130\u015f \u0130nsanlar\u0131 Derne\u011fi (MERYAD) Ba\u015fkan\u0131 Co\u015fkun Do\u011fmu\u015f, 10 Kas\u0131m Atat\u00fcrk\u2019\u00fc anma g\u00fcn\u00fcn\u00fcn 83. Y\u0131l d\u00f6n\u00fcm\u00fc dolay\u0131s\u0131yla bir mesaj yay\u0131mlad\u0131. Ba\u015fkan Do\u011fmu\u015f mesaj\u0131nda: Cumhuriyetimizin kurucusu b\u00fcy\u00fck komutan Mustafa Kemal &hellip; <a href=\"https:\/\/akdenizolaygazetesi.com\/?p=15160\" class=\"more-link\">Devam\u0131n\u0131 Oku&#8230;<\/a><\/p>\n","protected":false},"author":2,"featured_media":15161,"comment_status":"open","ping_status":"open","sticky":false,"template":"","format":"standard","meta":[],"categories":[3,5],"tags":[],"_links":{"self":[{"href":"https:\/\/akdenizolaygazetesi.com\/index.php?rest_route=\/wp\/v2\/posts\/15160"}],"collection":[{"href":"https:\/\/akdenizolaygazetesi.com\/index.php?rest_route=\/wp\/v2\/posts"}],"about":[{"href":"https:\/\/akdenizolaygazetesi.com\/index.php?rest_route=\/wp\/v2\/types\/post"}],"author":[{"embeddable":true,"href":"https:\/\/akdenizolaygazetesi.com\/index.php?rest_route=\/wp\/v2\/users\/2"}],"replies":[{"embeddable":true,"href":"https:\/\/akdenizolaygazetesi.com\/index.php?rest_route=%2Fwp%2Fv2%2Fcomments&post=15160"}],"version-history":[{"count":1,"href":"https:\/\/akdenizolaygazetesi.com\/index.php?rest_route=\/wp\/v2\/posts\/15160\/revisions"}],"predecessor-version":[{"id":15162,"href":"https:\/\/akdenizolaygazetesi.com\/index.php?rest_route=\/wp\/v2\/posts\/15160\/revisions\/15162"}],"wp:featuredmedia":[{"embeddable":true,"href":"https:\/\/akdenizolaygazetesi.com\/index.php?rest_route=\/wp\/v2\/media\/15161"}],"wp:attachment":[{"href":"https:\/\/akdenizolaygazetesi.com\/index.php?rest_route=%2Fwp%2Fv2%2Fmedia&parent=15160"}],"wp:term":[{"taxonomy":"category","embeddable":true,"href":"https:\/\/akdenizolaygazetesi.com\/index.php?rest_route=%2Fwp%2Fv2%2Fcategories&post=15160"},{"taxonomy":"post_tag","embeddable":true,"href":"https:\/\/akdenizolaygazetesi.com\/index.php?rest_route=%2Fwp%2Fv2%2Ftags&post=15160"}],"curies":[{"name":"wp","href":"https:\/\/api.w.org\/{rel}","templated":true}]}}