{"id":15167,"date":"2021-11-11T12:49:53","date_gmt":"2021-11-11T09:49:53","guid":{"rendered":"http:\/\/akdenizolaygazetesi.com\/?p=15167"},"modified":"2021-11-11T12:49:53","modified_gmt":"2021-11-11T09:49:53","slug":"baskan-gultak-mecliste-yine-engellendi","status":"publish","type":"post","link":"https:\/\/akdenizolaygazetesi.com\/?p=15167","title":{"rendered":"Ba\u015fkan G\u00fcltak, Meclis\u2019te yine engellendi!"},"content":{"rendered":"<p>Akdeniz Belediye Ba\u015fkan\u0131 G\u00fcltak; B\u00fcy\u00fck\u015fehir Belediye Meclisi\u2019nin d\u00fcnk\u00fc toplant\u0131s\u0131nda \u00f6nce konu\u015fmas\u0131n\u0131n engellenip toplant\u0131ya ara verilmesi, \u00e7ekim yapmak isteyen gazetecilerin de engellenmesiyle sonu\u00e7lanan gerilime ili\u015fkin bir bas\u0131n toplant\u0131s\u0131 d\u00fczenledi. Ba\u015fkan G\u00fcltak; &#8220;Anla\u015f\u0131l\u0131yor ki burada ama\u00e7, b\u00fcy\u00fck m\u00fccadeleler sonucu Mersin\u2019de ilk kez ba\u015flamas\u0131n\u0131 sa\u011flad\u0131\u011f\u0131m\u0131z ve adeta devrim niteli\u011fi ta\u015f\u0131yan yerinde kentsel d\u00f6n\u00fc\u015f\u00fcm projesini engellemek, halk\u0131m\u0131z\u0131n huzurlu gelece\u011fi i\u00e7in ba\u015flatt\u0131\u011f\u0131m\u0131z hizmet ve \u00e7al\u0131\u015fmalar\u0131m\u0131z\u0131 sekteye u\u011fratmakt\u0131r&#8221; dedi. \u00d6te yandan, toplant\u0131y\u0131 takip eden bas\u0131n mensuplar\u0131 da Mersin B\u00fcy\u00fck\u015fehir Belediyesi Meclisi\u2019nin d\u00fcn yap\u0131lan birle\u015fimini takip eden gazetecilere y\u00f6nelik hakaretamiz s\u00f6zler nedeniyle tepkilerini dile getirdi.<br \/>\nBa\u015fkan G\u00fcltak, Meclis\u2019te yine engellendi!<br \/>\n\u00c7evre ve \u015eehircilik Bakanl\u0131\u011f\u0131\u2019na ba\u011fl\u0131 Toplu Konut \u0130daresi (TOK\u0130) taraf\u0131ndan Bar\u0131\u015f Mahallesi\u2019nde ger\u00e7ekle\u015fen y\u0131k\u0131mla ortaya \u00e7\u0131kan in\u015faat at\u0131klar\u0131 ve hafriyat\u0131n b\u00f6lgeden ta\u015f\u0131nmas\u0131 i\u00e7in B\u00fcy\u00fck\u015fehir Belediyesi\u2019nin \u00fccret talep etmesi, d\u00fcn yap\u0131lan Meclis toplant\u0131s\u0131nda gerilime neden olmu\u015ftu. Konuyla ilgili a\u00e7\u0131klama yap\u0131p Mersin kamuoyunu bilgilendirmek isteyen Akdeniz Belediye Ba\u015fkan\u0131 M. Mustafa G\u00fcltak\u2019\u0131n s\u00f6z\u00fc kesildi. Ba\u015fkan G\u00fcltak\u2019\u0131n yapmak istedi\u011fi a\u00e7\u0131klama ile ilgili g\u00f6rselleri \u00e7ekmek isteyen bas\u0131n mensuplar\u0131 hakaretamiz s\u00f6zlere maruz kald\u0131. Toplant\u0131, verilen uzun aradan sonra yeniden ba\u015flad\u0131.<br \/>\n\u201cKentimizin sorun ve s\u0131k\u0131nt\u0131lar\u0131n\u0131 dile getiriyoruz, kendimizin de\u011fil\u201d<br \/>\nAkdeniz Belediye Ba\u015fkan\u0131 G\u00fcltak, B\u00fcy\u00fck\u015fehir Belediyesi Meclis toplant\u0131s\u0131nda ya\u015fanan tart\u0131\u015fma ve gerilime ili\u015fkin bas\u0131n toplant\u0131s\u0131 d\u00fczenledi. B\u00fcy\u00fck\u015fehir Meclisi\u2019nde konu\u015fmas\u0131n\u0131n engellenmesi ve gazetecilere m\u00fcdahale edilmesinden duydu\u011fu rahats\u0131zl\u0131\u011f\u0131 dile getiren Ba\u015fkan G\u00fcltak; \u201cBen Meclis toplant\u0131s\u0131nda; hi\u00e7bir hakk\u0131 olmamas\u0131na ra\u011fmen, Mersin B\u00fcy\u00fck\u015fehir Belediyesi\u2019nin, Bar\u0131\u015f Mahallesi\u2019nde kentsel d\u00f6n\u00fc\u015f\u00fcm projesi ile ba\u015flayan y\u0131k\u0131mla ortaya \u00e7\u0131kan in\u015faat ve hafriyat at\u0131klar\u0131n\u0131n nakliyesi i\u00e7in talep etti\u011fi \u00fccrete ili\u015fkin Mersin kamuoyunu bilgilendirmek istedim. Fakat daha \u00f6nce de yap\u0131ld\u0131\u011f\u0131 \u00fczere, yine s\u00f6z\u00fcm\u00fcz kesildi, Meclisi takip eden bas\u0131n mensuplar\u0131na m\u00fcdahale edildi ve toplant\u0131ya uzun bir s\u00fcre ara verildi. Meclis toplant\u0131lar\u0131nda s\u00f6z al\u0131p kentimizin, il\u00e7emizin ve insanlar\u0131m\u0131z\u0131 ya\u015fad\u0131\u011f\u0131 sorunlar\u0131, s\u0131k\u0131nt\u0131lar\u0131 ve taleplerini iletiyoruz. Yoksa orada, kendi \u015fahsi sorunlar\u0131m\u0131z\u0131 anlatm\u0131yoruz\u201d dedi.<br \/>\n\u201cProjeye hi\u00e7bir dahli olmayan B\u00fcy\u00fck\u015fehir Belediyesi neden \u00fccret talep ediyor?\u201d<br \/>\nBar\u0131\u015f Mahallesi kentsel d\u00f6n\u00fc\u015f\u00fcm projesi kapsam\u0131ndaki y\u0131k\u0131m \u00e7al\u0131\u015fmalar\u0131n\u0131 belediye olarak kendilerinin ger\u00e7ekle\u015ftirdi\u011finin alt\u0131n\u0131 \u00e7izen Ba\u015fkan G\u00fcltak;  \u201cY\u0131k\u0131mla olu\u015fan at\u0131klar\u0131n mahalleden \u00e7\u0131kar\u0131lmas\u0131 i\u00e7in gereken ihaleyi de biz yapt\u0131k. Bu nakliye kar\u015f\u0131l\u0131\u011f\u0131nda y\u00fcklenici firmaya verilecek \u00fccreti de kamyon ba\u015f\u0131na 0.01 kuru\u015f olarak belirledik. Fakat B\u00fcy\u00fck\u015fehir Belediyesi, bu i\u015fe hi\u00e7bir dahli olmamas\u0131na ra\u011fmen haks\u0131z \u015fekilde kamyon ba\u015f\u0131na nakliye \u00fccreti istemektedir. B\u00fcy\u00fck\u015fehir Belediyesi\u2019nden nakliye i\u00e7in kamyon istemedik. Y\u0131k\u0131nt\u0131 at\u0131klar\u0131n\u0131 d\u00f6kmek i\u00e7in yer de talep etmedik. Peki, buna ra\u011fmen hi\u00e7bir yasa ve y\u00f6netmelikte de olmayan bu \u00fccret neden isteniyor?\u201d diye sordu.<br \/>\n\u201cAt\u0131klar\u0131 kendi tesisimizde kullan\u0131yor, \u00e7evre kirlili\u011fi yaratm\u0131yoruz\u201d<br \/>\nS\u00f6zlerini; \u201c\u0130n\u015faat y\u0131k\u0131nt\u0131 at\u0131klar\u0131n\u0131, Akdeniz Belediyesi taraf\u0131ndan K\u00fcrk\u00e7\u00fc Mahallesi\u2019nde ilk kez kurulacak s\u0131cak ve so\u011fuk asfalt \u00fcretim tesislerinin zemin altyap\u0131s\u0131nda kullanmak \u00fczere, yine belediyeye ait alana ta\u015f\u0131yoruz. B\u00f6ylelikle tonlarca in\u015faat at\u0131\u011f\u0131n\u0131 geri d\u00f6n\u00fc\u015ft\u00fcr\u00fcyor, \u00e7evresel kirlilik yaratm\u0131yoruz\u201d \u015feklinde s\u00fcrd\u00fcren Ba\u015fkan G\u00fcltak; \u201cAnla\u015f\u0131l\u0131yor ki burada ama\u00e7; b\u00fcy\u00fck ve uzun m\u00fccadeleler sonucu Mersin ve Akdeniz\u2019de ilk kez bizim d\u00f6nemimizde ba\u015flamas\u0131n\u0131 sa\u011flad\u0131\u011f\u0131m\u0131z ve adeta devrim niteli\u011fi ta\u015f\u0131yan yerinde kentsel d\u00f6n\u00fc\u015f\u00fcm projesini engellemek, halk\u0131m\u0131z\u0131n huzurlu gelece\u011fi i\u00e7in ba\u015flatt\u0131\u011f\u0131m\u0131z hizmet ve \u00e7al\u0131\u015fmalar\u0131m\u0131z\u0131 sekteye u\u011fratmak\u201d ifadelerini kulland\u0131.<br \/>\n\u201cYeni ve y\u00fcksek bir maliyet, vatanda\u015flar\u0131m\u0131z\u0131n \u00f6deyece\u011fi farklara yans\u0131r\u201d<br \/>\nBa\u015fkan G\u00fcltak; Mersin B\u00fcy\u00fck\u015fehir Belediyesi\u2019ne, talep edilen bu \u00f6demeyi yapmalar\u0131 halinde yakla\u015f\u0131k 1 milyon lira tutar\u0131nda yeni bir maliyetin ortaya \u00e7\u0131kaca\u011f\u0131na dikkati \u00e7ekerek; \u201cTabi nihayetinde bizler de ortaya \u00e7\u0131kan bu yeni maliyeti TOK\u0130\u2019den talep etmek zorunda kalaca\u011f\u0131z. Sonras\u0131nda da TOK\u0130, ortaya \u00e7\u0131kan bu yeni maliyeti Bar\u0131\u015f Mahallesi sakinlerine yans\u0131tacak. Sonu\u00e7ta hem kamu zarar\u0131 olu\u015facak, hem de Bar\u0131\u015f Mahallesi kentsel d\u00f6n\u00fc\u015f\u00fcm projesine kat\u0131lan hak sahibi vatanda\u015flar\u0131m\u0131z\u0131n \u00f6deyece\u011fi farklar artacak\u201d diye konu\u015ftu.<br \/>\n\u201cAkdeniz\u2019e pozitif ayr\u0131mc\u0131l\u0131k yap\u0131lmas\u0131 talebimiz yanl\u0131\u015f anla\u015f\u0131lm\u0131\u015f\u201d<br \/>\n\u201cDi\u011fer il\u00e7elerimize nazaran 25 y\u0131l geriden gelen, y\u0131llarca ihmal edilip kaderine terk edilen Akdeniz\u2019e pozitif ayr\u0131mc\u0131l\u0131k yap\u0131n\u2019 derken, bunu kast etmemi\u015ftik\u201d diyen Ba\u015fkan G\u00fcltak; \u201cFakat san\u0131r\u0131m birileri bu \u00e7a\u011fr\u0131m\u0131z\u0131 yanl\u0131\u015f anlad\u0131. Mersin B\u00fcy\u00fck\u015fehir Belediye Ba\u015fkan\u0131 Say\u0131n Se\u00e7er, s\u00f6zlerimi manip\u00fcle etmek, yanl\u0131\u015f bilgilerle \u00f6n\u00fcm\u00fc kesmek istedi. Evet, belki o salonda bunu bir \u00f6l\u00e7\u00fcde yapt\u0131. Ama \u015fimdi burada s\u00f6z\u00fcm\u00fc kesemez. M\u00fcteahhitlerin i\u015f takibini yapt\u0131\u011f\u0131m iftiras\u0131 ve alg\u0131s\u0131n\u0131 yaratamaz. D\u00fcn engellendi\u011fimiz ve iftiraya maruz kald\u0131\u011f\u0131m\u0131z konuda, resmi belge ve bilgileri, \u015fimdi burada bas\u0131n mensuplar\u0131na teslim ediyorum. e\u011fer bu tip engelleme ve m\u00fcdahaleler devam ederse, bir g\u00fcn sonras\u0131nda bas\u0131n mensuplar\u0131m\u0131z ile bir araya gelip meram\u0131m\u0131z\u0131, derdimizi anlataca\u011f\u0131m\u201d \u015feklinde konu\u015ftu.<br \/>\nGazeteciler de tepkilerini dile getirdi<br \/>\nToplant\u0131da, \u201cMersin B\u00fcy\u00fck\u015fehir Belediyesi\u2019nin lisansl\u0131 depolama alan\u0131 var m\u0131 yok mu? Ve Mersin B\u00fcy\u00fck\u015fehir Belediyesi, 3\u2019\u00fcnc\u00fc ve 4\u2019\u00fcnc\u00fc \u00e7evre yolundaki baz\u0131 dere yataklar\u0131na ve lisansl\u0131 olmayan yerlere dolgu maddesi d\u00f6k\u00fcyor mu d\u00f6km\u00fcyor mu?\u2019 sorular\u0131n\u0131 da y\u00f6nelten Ba\u015fkan Mustafa G\u00fcltak, bas\u0131n mensuplar\u0131n\u0131n sorular\u0131n\u0131 da yan\u0131tlad\u0131.<br \/>\nToplant\u0131y\u0131 takip eden gazetecilere; \u201cBar\u0131\u015f Mahallesi riskli alan i\u00e7erisinde kalan yap\u0131lar\u0131n y\u0131k\u0131lmas\u0131 ve enkaz\u0131n kald\u0131r\u0131lmas\u0131 i\u015fine ait resmi s\u00f6zle\u015fme; Kentsel D\u00f6n\u00fc\u015f\u00fcm ve Geli\u015fim Proje Alan\u0131 ile Meclis \u00c7al\u0131\u015fma Y\u00f6netmeli\u011fi\u2019ne ili\u015fkin resmi belgeler da\u011f\u0131t\u0131ld\u0131. S\u00f6z alan bas\u0131n mensuplar\u0131, B\u00fcy\u00fck\u015fehir Meclis toplant\u0131s\u0131n\u0131 takip eden gazetecilerin salondan \u00e7\u0131kar\u0131lmas\u0131 ve hakaretamiz s\u00f6zlere maruz kalmas\u0131na da tepkilerini dile getirdi. <\/p>\n","protected":false},"excerpt":{"rendered":"<p>Akdeniz Belediye Ba\u015fkan\u0131 G\u00fcltak; B\u00fcy\u00fck\u015fehir Belediye Meclisi\u2019nin d\u00fcnk\u00fc toplant\u0131s\u0131nda \u00f6nce konu\u015fmas\u0131n\u0131n engellenip toplant\u0131ya ara verilmesi, \u00e7ekim yapmak isteyen gazetecilerin de engellenmesiyle sonu\u00e7lanan gerilime ili\u015fkin bir bas\u0131n toplant\u0131s\u0131 d\u00fczenledi. Ba\u015fkan G\u00fcltak; &hellip; <a href=\"https:\/\/akdenizolaygazetesi.com\/?p=15167\" class=\"more-link\">Devam\u0131n\u0131 Oku&#8230;<\/a><\/p>\n","protected":false},"author":2,"featured_media":15168,"comment_status":"open","ping_status":"open","sticky":false,"template":"","format":"standard","meta":[],"categories":[1,3,5],"tags":[],"_links":{"self":[{"href":"https:\/\/akdenizolaygazetesi.com\/index.php?rest_route=\/wp\/v2\/posts\/15167"}],"collection":[{"href":"https:\/\/akdenizolaygazetesi.com\/index.php?rest_route=\/wp\/v2\/posts"}],"about":[{"href":"https:\/\/akdenizolaygazetesi.com\/index.php?rest_route=\/wp\/v2\/types\/post"}],"author":[{"embeddable":true,"href":"https:\/\/akdenizolaygazetesi.com\/index.php?rest_route=\/wp\/v2\/users\/2"}],"replies":[{"embeddable":true,"href":"https:\/\/akdenizolaygazetesi.com\/index.php?rest_route=%2Fwp%2Fv2%2Fcomments&post=15167"}],"version-history":[{"count":1,"href":"https:\/\/akdenizolaygazetesi.com\/index.php?rest_route=\/wp\/v2\/posts\/15167\/revisions"}],"predecessor-version":[{"id":15169,"href":"https:\/\/akdenizolaygazetesi.com\/index.php?rest_route=\/wp\/v2\/posts\/15167\/revisions\/15169"}],"wp:featuredmedia":[{"embeddable":true,"href":"https:\/\/akdenizolaygazetesi.com\/index.php?rest_route=\/wp\/v2\/media\/15168"}],"wp:attachment":[{"href":"https:\/\/akdenizolaygazetesi.com\/index.php?rest_route=%2Fwp%2Fv2%2Fmedia&parent=15167"}],"wp:term":[{"taxonomy":"category","embeddable":true,"href":"https:\/\/akdenizolaygazetesi.com\/index.php?rest_route=%2Fwp%2Fv2%2Fcategories&post=15167"},{"taxonomy":"post_tag","embeddable":true,"href":"https:\/\/akdenizolaygazetesi.com\/index.php?rest_route=%2Fwp%2Fv2%2Ftags&post=15167"}],"curies":[{"name":"wp","href":"https:\/\/api.w.org\/{rel}","templated":true}]}}