{"id":1517,"date":"2020-11-04T18:22:04","date_gmt":"2020-11-04T15:22:04","guid":{"rendered":"http:\/\/mersinekonomipolitikagazetesi.com\/?p=1517"},"modified":"2020-11-04T18:22:04","modified_gmt":"2020-11-04T15:22:04","slug":"ailecek-saskiniz-filminin-yildizlari-forum-mersinde","status":"publish","type":"post","link":"https:\/\/akdenizolaygazetesi.com\/?p=1517","title":{"rendered":"&#8216;Ailecek \u015ea\u015fk\u0131n\u0131z&#8217; filminin y\u0131ld\u0131zlar\u0131 Forum Mersin&#8217;de"},"content":{"rendered":"<p>Forum Mersin Al\u0131\u015f Veri\u015f Merkezi, &#8216;Ailecek \u015ea\u015fk\u0131n\u0131z&#8217; filminin y\u0131ld\u0131zlar\u0131 Ahmet Kural ve Murat Cemcir\u2019i hayranlar\u0131yla bulu\u015fturacak.<\/p>\n<p><span style=\"font-size:16px;\"><span style=\"font-family: sans-serif; line-height: 20px; text-align: justify; background-color: rgb(242, 244, 245);\">Filmin Mersin galas\u0131 i\u00e7in Mersin\u2019e gelecek \u00fcnl\u00fc oyuncular, d\u00fczenlenecek mini s\u00f6yle\u015finin ard\u0131ndan hayranlar\u0131yla beraber film g\u00f6sterimine kat\u0131lacak.\u00a0<\/span><br style=\"box-sizing: border-box; font-family: sans-serif; font-size: 14px; line-height: 20px; text-align: justify; background-color: rgb(242, 244, 245);\" \/><br \/>\n<span style=\"font-family: sans-serif; line-height: 20px; text-align: justify; background-color: rgb(242, 244, 245);\">Forum Mersin, 14 Mart \u00c7ar\u015famba g\u00fcn\u00fc Ahmet Kural ve Murat Cemcir\u2019in yeni filmi &#8216;Ailecek \u015ea\u015fk\u0131n\u0131z\u2019\u0131n Mersin galas\u0131na ev sahipli\u011fi yapacak. Saat 16.30\u2019da Forum Mersin\u2019de hayranlar\u0131yla bulu\u015facak olan ikili, d\u00fczenlenecek s\u00f6yle\u015finin ard\u0131ndan yine hayranlar\u0131yla beraber film g\u00f6sterimine kat\u0131lacak.\u00a0<\/span><\/span><\/p>\n","protected":false},"excerpt":{"rendered":"<p>Forum Mersin Al\u0131\u015f Veri\u015f Merkezi, &#8216;Ailecek \u015ea\u015fk\u0131n\u0131z&#8217; filminin y\u0131ld\u0131zlar\u0131 Ahmet Kural ve Murat Cemcir\u2019i hayranlar\u0131yla bulu\u015fturacak. Filmin Mersin galas\u0131 i\u00e7in Mersin\u2019e gelecek \u00fcnl\u00fc oyuncular, d\u00fczenlenecek mini s\u00f6yle\u015finin ard\u0131ndan hayranlar\u0131yla beraber &hellip; <a href=\"https:\/\/akdenizolaygazetesi.com\/?p=1517\" class=\"more-link\">Devam\u0131n\u0131 Oku&#8230;<\/a><\/p>\n","protected":false},"author":1,"featured_media":0,"comment_status":"open","ping_status":"open","sticky":false,"template":"","format":"standard","meta":[],"categories":[],"tags":[],"_links":{"self":[{"href":"https:\/\/akdenizolaygazetesi.com\/index.php?rest_route=\/wp\/v2\/posts\/1517"}],"collection":[{"href":"https:\/\/akdenizolaygazetesi.com\/index.php?rest_route=\/wp\/v2\/posts"}],"about":[{"href":"https:\/\/akdenizolaygazetesi.com\/index.php?rest_route=\/wp\/v2\/types\/post"}],"author":[{"embeddable":true,"href":"https:\/\/akdenizolaygazetesi.com\/index.php?rest_route=\/wp\/v2\/users\/1"}],"replies":[{"embeddable":true,"href":"https:\/\/akdenizolaygazetesi.com\/index.php?rest_route=%2Fwp%2Fv2%2Fcomments&post=1517"}],"version-history":[{"count":0,"href":"https:\/\/akdenizolaygazetesi.com\/index.php?rest_route=\/wp\/v2\/posts\/1517\/revisions"}],"wp:attachment":[{"href":"https:\/\/akdenizolaygazetesi.com\/index.php?rest_route=%2Fwp%2Fv2%2Fmedia&parent=1517"}],"wp:term":[{"taxonomy":"category","embeddable":true,"href":"https:\/\/akdenizolaygazetesi.com\/index.php?rest_route=%2Fwp%2Fv2%2Fcategories&post=1517"},{"taxonomy":"post_tag","embeddable":true,"href":"https:\/\/akdenizolaygazetesi.com\/index.php?rest_route=%2Fwp%2Fv2%2Ftags&post=1517"}],"curies":[{"name":"wp","href":"https:\/\/api.w.org\/{rel}","templated":true}]}}