{"id":15170,"date":"2021-11-11T12:52:05","date_gmt":"2021-11-11T09:52:05","guid":{"rendered":"http:\/\/akdenizolaygazetesi.com\/?p=15170"},"modified":"2021-11-11T12:52:05","modified_gmt":"2021-11-11T09:52:05","slug":"baskan-yilmaz-ulu-onderimiz-ataturk-20nci-yuzyilin-siyaset-ve-savas-dehasidir","status":"publish","type":"post","link":"https:\/\/akdenizolaygazetesi.com\/?p=15170","title":{"rendered":"Ba\u015fkan Y\u0131lmaz; \u201cUlu \u00d6nderimiz Atat\u00fcrk, 20\u2019nci Y\u00fczy\u0131l\u0131n Siyaset ve Sava\u015f Dehas\u0131d\u0131r\u201d"},"content":{"rendered":"<p>Cumhuriyetimizin kurucusu Ulu \u00d6nder Gazi Mustafa Kemal Atat\u00fcrk, ebediyete intikalinin 83&#8217;\u00fcnc\u00fc y\u0131l d\u00f6n\u00fcm\u00fcnde t\u00fcm yurtta oldu\u011fu gibi Toroslar&#8217;da da d\u00fczenlenen t\u00f6renle an\u0131ld\u0131.<\/p>\n<p>Toroslar Belediye Ba\u015fkan\u0131 Ats\u0131z Af\u015f\u0131n Y\u0131lmaz; \u201cUlu \u00d6nderimiz Atat\u00fcrk, 20\u2019nci y\u00fczy\u0131l\u0131n siyaset ve sava\u015f dehas\u0131d\u0131r. Bunu d\u00fcnyan\u0131n t\u00fcm otoriteleri kabul etmektedir. O\u2019nun izinden, yolundan asla ayr\u0131lmayaca\u011f\u0131z. Ulu \u00d6nderimizi rahmet, minnet ve \u00f6zlemle an\u0131yoruz&#8221; dedi.<\/p>\n<p>Toroslar Belediyesi, Ulu \u00d6nder Atat\u00fcrk&#8217;\u00fc Belediye hizmet binas\u0131 \u00f6n\u00fcnde d\u00fczenlendi\u011fi \u00c7elenk Sunma T\u00f6reniyle yad etti. Belediye personelinin ve \u00e7evredeki vatanda\u015flar\u0131n haz\u0131r bulundu\u011fu t\u00f6rende Ba\u015fkan Y\u0131lmaz, t\u00f6rene kat\u0131lan minik \u00e7ocuklarla birlikte Atat\u00fcrk\u2019\u00fc and\u0131.<\/p>\n<p>\u00c7elenk sunumunun ard\u0131ndan saatler 09.05&#8217;i g\u00f6sterdi\u011fi anda siren sesi e\u015fli\u011finde sayg\u0131 duru\u015fu ve \u0130stiklal Mar\u015f\u0131 okunarak \u015eanl\u0131 T\u00fcrk Bayra\u011f\u0131 yar\u0131ya indirildi.<\/p>\n<p>\u201cAtam\u0131z\u0131n \u0130zinde Cumhuriyetimizi \u0130lelebet Ya\u015fataca\u011f\u0131z\u201d<\/p>\n<p>\u201cBizler var olduk\u00e7a, \u00e7ocuklar\u0131m\u0131z ve gen\u00e7lerimiz var olduk\u00e7a T\u00fcrkiye Cumhuriyeti ilelebet ya\u015fayacakt\u0131r\u201d diyen Ba\u015fkan Y\u0131lmaz; \u201c10 Kas\u0131m, Ulu \u00d6nderimiz Gazi Mustafa Kemal Atat\u00fcrk\u2019\u00fcn ebediyete intikal etti\u011fi g\u00fcn. Mustafa Kemal Atat\u00fcrk, Balkanlar\u2019da, Kafkaslar\u2019da, Yemen\u2019de yorulmu\u015f bir milletin, s\u0131k\u0131nt\u0131ya girmi\u015f bir devletin yan\u0131 s\u0131ra Anadolu\u2019yu i\u015fgal eden emperyalist g\u00fc\u00e7lerin her t\u00fcrl\u00fc plan\u0131na ve program\u0131na ra\u011fmen Kurtulu\u015f Sava\u015f\u0131m\u0131z\u0131 kazand\u0131. Kendisi, 19 May\u0131s 1919\u2019da \u0130stanbul\u2019dan Band\u0131rma Vapuruyla Samsun\u2019a gitmek \u00fczere ayr\u0131l\u0131rken, Anadolu\u2019da, \u00fclkenin her yerinde ayd\u0131nlar\u0131n bir k\u0131sm\u0131 \u201cAmerikan mandas\u0131na, bir k\u0131sm\u0131 \u0130ngiliz\u2019in kontrol\u00fc alt\u0131na ge\u00e7elim, ba\u015faram\u0131yoruz\u201d diyordu. Bir k\u0131sm\u0131 y\u0131lg\u0131nd\u0131, bir k\u0131sm\u0131 ise kendi menfaatlerini d\u00fc\u015f\u00fcn\u00fcyordu. Buna ra\u011fmen b\u00fcy\u00fck bir inan\u00e7 ve iradeyle 19 May\u0131s 1919\u2019da Samsun\u2019a \u00e7\u0131kt\u0131. Erzurum, Sivas Kongreleriyle ve Amasya Genelgesiyle milli iradeyi ortaya koydu. Bu g\u00fc\u00e7le milletimiz, kazma, k\u00fcrekle Kurtulu\u015f Sava\u015f\u0131\u2019n\u0131 verdi. Bununla da kalmad\u0131. \u00c7anakkale Sava\u015f\u0131\u2019nda binlerce ayd\u0131n\u0131, \u00f6\u011frencisi \u015fehit olmu\u015f bir toplumda yeni bir Cumhuriyet in\u015fa etti. Ve bug\u00fcn kendilerini medeni kabul eden bir\u00e7ok \u00fclkeden ve toplumdan daha \u00f6nce kad\u0131nlar\u0131m\u0131za b\u00fcy\u00fck haklar, insan\u0131m\u0131za \u00f6zg\u00fcrl\u00fckler verdi. Biz halen O\u2019nun bak\u0131\u015f\u0131 ve g\u00f6r\u00fc\u015f\u00fcyle Cumhuriyetimizi ilelebet ya\u015fatmak \u00fczere ayn\u0131 iradeyi ta\u015f\u0131yoruz\u201d \u015feklinde konu\u015ftu.<\/p>\n<p>Ba\u015fkan Y\u0131lmaz, Cumhuriyet Meydan\u0131&#8217;nda d\u00fczenlenen \u00c7elenk Sunma ve Anma Program\u0131nda da Mersin protokol\u00fcyle bir araya geldi.<\/p>\n<p>M\u0130N\u0130KLER, ATAT\u00dcRK EV\u0130\u2019N\u0130 Z\u0130YARET ETT\u0130<\/p>\n<p>Toroslar Belediyesi \u00f6n\u00fcnde d\u00fczenlenen Atat\u00fcrk\u2019\u00fc anma program\u0131na kat\u0131lan minik \u00e7ocuklar daha sonra Toroslar Belediyesi G\u00f6n\u00fcl Ba\u011f\u0131 \u00c7ocuk Dan\u0131\u015fma Birimi \u00e7al\u0131\u015fanlar\u0131yla birlikte Atat\u00fcrk Evi\u2019ni ziyaret etti.<\/p>\n<p>Atat\u00fcrk bask\u0131l\u0131 ti\u015f\u00f6rtler giyen \u00e7ocuklar\u0131n g\u00f6zlerindeki Atat\u00fcrk sevgisi ise g\u00f6r\u00fclmeye de\u011ferdi.<br \/>\nBurada, Toroslar Belediye Ba\u015fkan\u0131 Ats\u0131z Af\u015f\u0131n Y\u0131lmaz\u2019\u0131n \u00e7ocuklar i\u00e7in haz\u0131rlatt\u0131\u011f\u0131 Ulu \u00d6nder Gazi Mustafa Kemal Atat\u00fcrk&#8217;\u00fcn eseri olan &#8220;Nutuk&#8221; kitab\u0131 da miniklere hediye edildi.<\/p>\n","protected":false},"excerpt":{"rendered":"<p>Cumhuriyetimizin kurucusu Ulu \u00d6nder Gazi Mustafa Kemal Atat\u00fcrk, ebediyete intikalinin 83&#8217;\u00fcnc\u00fc y\u0131l d\u00f6n\u00fcm\u00fcnde t\u00fcm yurtta oldu\u011fu gibi Toroslar&#8217;da da d\u00fczenlenen t\u00f6renle an\u0131ld\u0131. Toroslar Belediye Ba\u015fkan\u0131 Ats\u0131z Af\u015f\u0131n Y\u0131lmaz; \u201cUlu \u00d6nderimiz &hellip; <a href=\"https:\/\/akdenizolaygazetesi.com\/?p=15170\" class=\"more-link\">Devam\u0131n\u0131 Oku&#8230;<\/a><\/p>\n","protected":false},"author":2,"featured_media":15171,"comment_status":"open","ping_status":"open","sticky":false,"template":"","format":"standard","meta":[],"categories":[34,3,10],"tags":[],"_links":{"self":[{"href":"https:\/\/akdenizolaygazetesi.com\/index.php?rest_route=\/wp\/v2\/posts\/15170"}],"collection":[{"href":"https:\/\/akdenizolaygazetesi.com\/index.php?rest_route=\/wp\/v2\/posts"}],"about":[{"href":"https:\/\/akdenizolaygazetesi.com\/index.php?rest_route=\/wp\/v2\/types\/post"}],"author":[{"embeddable":true,"href":"https:\/\/akdenizolaygazetesi.com\/index.php?rest_route=\/wp\/v2\/users\/2"}],"replies":[{"embeddable":true,"href":"https:\/\/akdenizolaygazetesi.com\/index.php?rest_route=%2Fwp%2Fv2%2Fcomments&post=15170"}],"version-history":[{"count":1,"href":"https:\/\/akdenizolaygazetesi.com\/index.php?rest_route=\/wp\/v2\/posts\/15170\/revisions"}],"predecessor-version":[{"id":15172,"href":"https:\/\/akdenizolaygazetesi.com\/index.php?rest_route=\/wp\/v2\/posts\/15170\/revisions\/15172"}],"wp:featuredmedia":[{"embeddable":true,"href":"https:\/\/akdenizolaygazetesi.com\/index.php?rest_route=\/wp\/v2\/media\/15171"}],"wp:attachment":[{"href":"https:\/\/akdenizolaygazetesi.com\/index.php?rest_route=%2Fwp%2Fv2%2Fmedia&parent=15170"}],"wp:term":[{"taxonomy":"category","embeddable":true,"href":"https:\/\/akdenizolaygazetesi.com\/index.php?rest_route=%2Fwp%2Fv2%2Fcategories&post=15170"},{"taxonomy":"post_tag","embeddable":true,"href":"https:\/\/akdenizolaygazetesi.com\/index.php?rest_route=%2Fwp%2Fv2%2Ftags&post=15170"}],"curies":[{"name":"wp","href":"https:\/\/api.w.org\/{rel}","templated":true}]}}