{"id":15173,"date":"2021-11-11T12:53:43","date_gmt":"2021-11-11T09:53:43","guid":{"rendered":"http:\/\/akdenizolaygazetesi.com\/?p=15173"},"modified":"2021-11-11T12:53:43","modified_gmt":"2021-11-11T09:53:43","slug":"baskan-yilmaz-turkiye-ile-azerbaycan-el-ele","status":"publish","type":"post","link":"https:\/\/akdenizolaygazetesi.com\/?p=15173","title":{"rendered":"Ba\u015fkan Y\u0131lmaz; \u201cT\u00fcrkiye ile Azerbaycan El Ele\u201d"},"content":{"rendered":"<p>Karaba\u011f Zaferi\u2019nin birinci y\u0131l d\u00f6n\u00fcm\u00fcnde Tek Millet, \u0130ki Devlet\u2019in hikayesi, Toroslar\u2019da panele ta\u015f\u0131nd\u0131. T\u00fcrkiye ile Azerbaycan\u2019\u0131n karde\u015flik ba\u011flar\u0131na, kahramanl\u0131klar\u0131na dikkat \u00e7ekilen panelin konuklar\u0131 ise Azerbaycanl\u0131 B\u00fcy\u00fckel\u00e7i ve akademisyenler oldu.<\/p>\n<p>Toroslar Belediye Ba\u015fkan\u0131 Ats\u0131z Af\u015f\u0131n Y\u0131lmaz\u2019\u0131n ev sahipli\u011finde ger\u00e7ekle\u015fen panele; Azerbaycan eski D\u0131\u015fi\u015fleri Bakan\u0131 ve Bosna Hersek B\u00fcy\u00fckel\u00e7isi Prof. Dr. Vilayet Guliyev, \u00c7a\u011f \u00dcniversitesi \u00d6\u011fretim \u00dcyesi Do\u00e7. Dr. Murat Ko\u00e7, \u00dcsk\u00fcdar \u00dcniversitesi \u00d6\u011fretim \u00dcyesi Dr. Tura\u00e7 Aliyeva ile Kahramanmara\u015f S\u00fct\u00e7\u00fc \u0130mam \u00dcniversitesi \u00d6\u011fretim \u00dcyesi Dr. Merziye Memmedli konu\u015fmac\u0131 olarak kat\u0131ld\u0131.<\/p>\n<p>\u00c7a\u011f \u00dcniversitesi \u00d6\u011fretim \u00dcyesi Prof. Dr. Khaladdin \u0130brahimli\u2019nin moderat\u00f6rl\u00fc\u011f\u00fcn\u00fc yapt\u0131\u011f\u0131 panelde; Karaba\u011f Zaferi\u2019ne giden s\u00fcre\u00e7 anlat\u0131l\u0131rken, T\u00fcrkiye ile Azerbaycan devletlerinin dayan\u0131\u015fmas\u0131na, savunma ve teknolojik alanlardaki i\u015fbirli\u011fine de vurgu yap\u0131ld\u0131.<\/p>\n<p>Ba\u015fkan Y\u0131lmaz; \u201cT\u00fcrkiye ile Azerbaycan El Ele\u201d<\/p>\n<p>Toroslar Belediye Ba\u015fkan\u0131 Ats\u0131z Af\u015f\u0131n Y\u0131lmaz, Karaba\u011f Zaferi\u2019nin y\u0131l d\u00f6n\u00fcm\u00fcnde Azerbaycanl\u0131 konuklar\u0131n\u0131 a\u011f\u0131rlaman\u0131n mutlulu\u011funu ya\u015fad\u0131klar\u0131n\u0131 belirterek, panele kat\u0131l\u0131mlar\u0131ndan dolay\u0131 te\u015fekk\u00fcr etti.<\/p>\n<p>Ba\u015fkan Y\u0131lmaz; \u201c46 ya\u015f\u0131nday\u0131m. Azerbaycan bayra\u011f\u0131n\u0131n \u00e7ok k\u0131ymetli oldu\u011fu zamanlardan, Azerbaycan\u2019da ya\u015fanan s\u0131k\u0131nt\u0131lar\u0131n, bu kentin sokaklar\u0131nda protesto edildi\u011fi g\u00fcnlerden geldik. Karaba\u011f Zaferi kutlu olsun. Bu yolda emek veren, can veren, kan veren t\u00fcm kahramanlar\u0131m\u0131z\u0131, \u015fehitlerimizi, gazilerimizi yad ediyoruz. T\u00fcrkiye ve Azerbaycan dilde, fikirde, i\u015fte birlik oldu, el ele g\u00f6n\u00fcl g\u00f6n\u00fcle vererek 30 y\u0131ld\u0131r i\u015fgal alt\u0131nda bulunan Karaba\u011f topraklar\u0131n\u0131 \u00f6zg\u00fcrl\u00fc\u011f\u00fcne kavu\u015fturdu. Hem de bunu bizim m\u00fchendislerimizin, gen\u00e7lerimizin \u00fcretti\u011fi S\u0130HA\u2019lar ile yapt\u0131k. Son iki y\u00fcz y\u0131l\u0131n sava\u015f stratejilerini de\u011fi\u015ftirerek yapt\u0131k. Bug\u00fcn art\u0131k S\u0130HA\u2019lar\u0131m\u0131z var diye milyarlarca dolarl\u0131k tank ve sava\u015f sanayisi tart\u0131\u015f\u0131l\u0131yor. Karaba\u011f s\u00fcrecinde 44 g\u00fcn boyunca deste\u011fini, duas\u0131n\u0131 esirgemeyen milletimizden Allah raz\u0131 olsun. Biz bir ve beraber oldu\u011fumuz s\u00fcrece daha da g\u00fc\u00e7lenip b\u00fcy\u00fcyece\u011fiz\u201d dedi.<\/p>\n<p>Prof. Dr. Khaladdin \u0130brahimli; \u201cBar\u0131\u015f\u0131n De\u011ferini En \u0130yi Sava\u015fanlar Bilir\u201d<\/p>\n<p>Panelin moderat\u00f6rl\u00fc\u011f\u00fcn\u00fc yapan \u00c7a\u011f \u00dcniversitesi \u00d6\u011fretim \u00dcyesi Prof. Dr. Khaladdin \u0130brahimli; \u201cKaraba\u011f Zaferi Azerbaycan tarihinde \u00e7ok \u00f6nemli bir g\u00fcn. Bu program\u0131 d\u00fczenleyen Toroslar Belediye Ba\u015fkan\u0131m\u0131z Say\u0131n Ats\u0131z Af\u015f\u0131n Y\u0131lmaz\u2019a \u00e7ok te\u015fekk\u00fcr ederiz. T\u00fcrk halk\u0131 bar\u0131\u015fsever bir halkt\u0131r. Atat\u00fcrk tesad\u00fcfen \u201cYurtta Sulh, Cihanda Sulh\u201d demedi. Sava\u015f\u0131 d\u00fcnyada en iyi bilenlerden biriydi ama bar\u0131\u015ftan yanayd\u0131. Bar\u0131\u015f\u0131n de\u011ferini en iyi sava\u015fanlar bilir. Azerbaycan halk\u0131n\u0131n topraklar\u0131n\u0131 geri almas\u0131 \u00e7ok \u00f6nemli\u201d diye konu\u015ftu.<\/p>\n<p>Azerbaycan Eski D\u0131\u015f\u0131\u015fleri Bakan\u0131 ve B\u00fcy\u00fckel\u00e7i Guliyev; \u201cBiz Birlikte G\u00fc\u00e7l\u00fcy\u00fcz\u201d<\/p>\n<p>Azerbaycan eski D\u0131\u015fi\u015fleri Bakan\u0131 ve Bosna Hersek B\u00fcy\u00fckel\u00e7isi Prof. Dr. Vilayet Guliyev de Karaba\u011f Zaferi\u2019nin T\u00fcrk d\u00fcnyas\u0131n\u0131n gelece\u011fi oldu\u011funa dikkat \u00e7ekerek; \u201cAzerbaycan T\u00fcrkleri hayatlar\u0131nda en b\u00fcy\u00fck bayram\u0131 ya\u015f\u0131yorlar. 30 sene bask\u0131yla ya\u015fad\u0131k. B\u00fct\u00fcn bunlar\u0131n nas\u0131l sonu\u00e7lanaca\u011f\u0131n\u0131 kimse bilmedi. Sava\u015flar sonunda bar\u0131\u015fla neticelenir. Biri kazan\u0131r. Yola devam etmek laz\u0131m. Bizler, halk\u0131m\u0131z, siyasiler inand\u0131k ki mutlaka bir son sava\u015f olacak. Kaybetti\u011fimiz topraklar\u0131, gururumuzu, benli\u011fimizi geri kazanaca\u011f\u0131z. B\u00fcy\u00fck T\u00fcrkiye\u2019nin, karde\u015flerimizin yard\u0131m\u0131yla zaferi elde ettik. T\u00fcrkiye ve Azerbaycan, siyasi, ekonomik ve diplomatik faaliyetlerde birbirinin yan\u0131nda olacak ve bu gurur daha da ta\u00e7lanacak. Toroslar Belediye Ba\u015fkan\u0131m\u0131za bizleri a\u011f\u0131rlad\u0131\u011f\u0131 i\u00e7in te\u015fekk\u00fcr ederiz. Biz birlikte g\u00fc\u00e7l\u00fcy\u00fcz ve birlikte yolumuza devam edece\u011fiz\u201d \u015feklinde konu\u015ftu.<\/p>\n<p>Dr. Merziye Memmedli; \u201cD\u00fcnya Var Olduk\u00e7a Karde\u015fli\u011fimiz Asla Bitmeyecektir\u201d<\/p>\n<p>Kahramanmara\u015f S\u00fct\u00e7\u00fc \u0130mam \u00dcniversitesi \u00d6\u011fretim \u00dcyesi Dr. Merziye Memmedli de yapt\u0131\u011f\u0131 konu\u015fmada Karaba\u011f\u2019\u0131n tarihi s\u00fcrecini anlatt\u0131. Memmedli; \u201cAzerbaycan ve T\u00fcrkiye i\u015fbirli\u011fi devam ettik\u00e7e, Turan d\u00fcnyas\u0131na, Orta Asya T\u00fcrk Devletlerine \u00f6rnek olacakt\u0131r. Sava\u015f boyunca T\u00fcrkiye karde\u015fli\u011fi ile T\u00fcrk d\u00fcnyas\u0131na bu i\u015fbirli\u011fini g\u00f6stermi\u015f olduk. Karaba\u011f Sava\u015f\u0131, 10 Kas\u0131m\u2019da sonu\u00e7lanm\u0131\u015ft\u0131. Azerbaycan Cumhurba\u015fkan\u0131 \u0130lham Aliyev, 10 Kas\u0131m tarihinin T\u00fcrkiye Cumhuriyeti kurucusu Mustafa Kemal Atat\u00fcrk\u2019\u00fcn vefat g\u00fcn\u00fcne denk geldi\u011fi i\u00e7in bu tarihi geriye \u00e7ekti\u011fini bilmekteyiz. Aliyev, bayram olarak kutlad\u0131\u011f\u0131m\u0131z g\u00fcn\u00fcn Atat\u00fcrk\u2019\u00fcn \u00f6l\u00fcm y\u0131ld\u00f6n\u00fcm\u00fc olmas\u0131n\u0131 istemedi. Bu da karde\u015fli\u011fimizin bir g\u00f6stergesidir. Bir ve beraber oldu\u011fumuz s\u00fcrece d\u00fcnya var olduk\u00e7a bu karde\u015flik asla bitmeyecektir\u201d ifadelerini kulland\u0131.<\/p>\n<p>Do\u00e7. Dr. Murat Ko\u00e7; \u201cKaraba\u011f\u2019da Esen R\u00fczgar, Bu Panelle Akdeniz\u2019e Ta\u015f\u0131nd\u0131\u201d<\/p>\n<p>\u00c7a\u011f \u00dcniversitesi \u00d6\u011fretim \u00dcyesi Do\u00e7. Dr. Murat Ko\u00e7 ise; \u201c2000 y\u0131l\u0131n\u0131 2001 y\u0131l\u0131na ba\u011flayan k\u0131\u015f ay\u0131nda Azerbaycan ordusunu e\u011fitmek \u00fczere giden bir binba\u015f\u0131yd\u0131m. O g\u00fcn oraya giderken bizim intikalimizi sa\u011flayan arkada\u015f\u0131m\u0131z bir askerdi. Karaba\u011f konusunu konu\u015furken, bize \u015f\u00f6yle demi\u015fti. \u201cKaraba\u011f, geri al\u0131nmad\u0131k\u00e7a biz askerler olarak ba\u015f\u0131m\u0131z\u0131 yerden kald\u0131rmayaca\u011f\u0131z bu \u00fclkede\u201d Bug\u00fcn ba\u015f\u0131m\u0131z\u0131n yerden kalkt\u0131\u011f\u0131 g\u00fcn\u00fcn\u00fcn y\u0131l d\u00f6n\u00fcm\u00fcd\u00fcr. D\u00fczenlenen bu anlaml\u0131 programla Karaba\u011f\u2019da esen r\u00fczgar, Akdeniz\u2019in k\u0131y\u0131s\u0131na kadar geldiyse mutlaka bir mesafe ket etmi\u015fizdir. Akdeniz\u2019e ta\u015f\u0131nan bu r\u00fczgar Akdeniz\u2019in de \u00f6tesine ge\u00e7ip Atat\u00fcrk\u2019\u00fcn i\u015faret etti\u011fi hudutlar\u0131n \u00f6tesinde varl\u0131k bulunmak \u00fczere y\u00fcksek enerjiyi bar\u0131nd\u0131r\u0131yor. Karaba\u011f ile beraber T\u00fcrk d\u00fcnyas\u0131n\u0131n bir b\u00fct\u00fcnl\u00fck i\u00e7inde bat\u0131ya do\u011fru uzan\u0131rken eksik par\u00e7a tamamlanm\u0131\u015ft\u0131r. Bu eksik par\u00e7an\u0131n tamamlanmas\u0131 demek, b\u00fcy\u00fck Turan d\u00fcnyas\u0131n\u0131n ak\u0131\u015f\u0131 i\u00e7erisindeki y\u00fcksek enerjilerin birle\u015fmesi demektir. Askeri harekat anlam\u0131nda K\u0131br\u0131s Bar\u0131\u015f Harekat\u0131ndan sonra ileri olarak yap\u0131lan bir di\u011fer hareket olarak tarihe ge\u00e7mi\u015ftir\u201d dedi.<\/p>\n<p>Dr. Tura\u00e7 Aliyeva; \u201c\u00c7ocuklar\u0131m\u0131z\u0131n Bu Platformlarda, Sava\u015ftan Ba\u015far\u0131ya Giden Yolu Anlatmalar\u0131 En B\u00fcy\u00fck Temennimiz\u201d<\/p>\n<p>\u00dcsk\u00fcdar \u00dcniversitesi \u00d6\u011fretim \u00dcyesi Dr. Tura\u00e7 Aliyeva da Mersin Toroslar\u2019da Karaba\u011f Zaferi\u2019ni kutlaman\u0131n onurunu ya\u015fad\u0131klar\u0131n\u0131 ifade ederek; \u201c30 ya\u015f\u0131nday\u0131m. \u00c7ocuklu\u011fum, sava\u015f d\u00f6nemine denk geldi. Okula gitti\u011fimde annemin bana s\u00f6yledi\u011fi \u201cYa herkese yetecek kadar yemek g\u00f6t\u00fcreceksin, ya da hi\u00e7 g\u00f6t\u00fcrmeyeceksin. Akrabalar\u0131m\u0131z\u0131n adlar\u0131n\u0131 hi\u00e7bir yerde ge\u00e7irmeyeceksin\u201d ifadelerini unutam\u0131yorum. Umut ediyorum ki bu co\u011frafyada art\u0131k \u00e7ocuklar\u0131m\u0131z a\u011flamaz. Umar\u0131m, 30 sene sonra bir \u00e7ocuk sava\u015f\u0131n hayat\u0131n\u0131 nas\u0131l etkiledi\u011fini de\u011fil, sava\u015ftan ba\u015far\u0131ya giden yolu anlat\u0131r\u201d diye konu\u015ftu.<\/p>\n<p>Konu\u015fmalar\u0131n ard\u0131ndan Ba\u015fkan Y\u0131lmaz, konuklar\u0131na te\u015fekk\u00fcr ederek plaket takdim etti.<\/p>\n","protected":false},"excerpt":{"rendered":"<p>Karaba\u011f Zaferi\u2019nin birinci y\u0131l d\u00f6n\u00fcm\u00fcnde Tek Millet, \u0130ki Devlet\u2019in hikayesi, Toroslar\u2019da panele ta\u015f\u0131nd\u0131. T\u00fcrkiye ile Azerbaycan\u2019\u0131n karde\u015flik ba\u011flar\u0131na, kahramanl\u0131klar\u0131na dikkat \u00e7ekilen panelin konuklar\u0131 ise Azerbaycanl\u0131 B\u00fcy\u00fckel\u00e7i ve akademisyenler oldu. Toroslar &hellip; <a href=\"https:\/\/akdenizolaygazetesi.com\/?p=15173\" class=\"more-link\">Devam\u0131n\u0131 Oku&#8230;<\/a><\/p>\n","protected":false},"author":2,"featured_media":15174,"comment_status":"open","ping_status":"open","sticky":false,"template":"","format":"standard","meta":[],"categories":[1,3,5],"tags":[],"_links":{"self":[{"href":"https:\/\/akdenizolaygazetesi.com\/index.php?rest_route=\/wp\/v2\/posts\/15173"}],"collection":[{"href":"https:\/\/akdenizolaygazetesi.com\/index.php?rest_route=\/wp\/v2\/posts"}],"about":[{"href":"https:\/\/akdenizolaygazetesi.com\/index.php?rest_route=\/wp\/v2\/types\/post"}],"author":[{"embeddable":true,"href":"https:\/\/akdenizolaygazetesi.com\/index.php?rest_route=\/wp\/v2\/users\/2"}],"replies":[{"embeddable":true,"href":"https:\/\/akdenizolaygazetesi.com\/index.php?rest_route=%2Fwp%2Fv2%2Fcomments&post=15173"}],"version-history":[{"count":1,"href":"https:\/\/akdenizolaygazetesi.com\/index.php?rest_route=\/wp\/v2\/posts\/15173\/revisions"}],"predecessor-version":[{"id":15175,"href":"https:\/\/akdenizolaygazetesi.com\/index.php?rest_route=\/wp\/v2\/posts\/15173\/revisions\/15175"}],"wp:featuredmedia":[{"embeddable":true,"href":"https:\/\/akdenizolaygazetesi.com\/index.php?rest_route=\/wp\/v2\/media\/15174"}],"wp:attachment":[{"href":"https:\/\/akdenizolaygazetesi.com\/index.php?rest_route=%2Fwp%2Fv2%2Fmedia&parent=15173"}],"wp:term":[{"taxonomy":"category","embeddable":true,"href":"https:\/\/akdenizolaygazetesi.com\/index.php?rest_route=%2Fwp%2Fv2%2Fcategories&post=15173"},{"taxonomy":"post_tag","embeddable":true,"href":"https:\/\/akdenizolaygazetesi.com\/index.php?rest_route=%2Fwp%2Fv2%2Ftags&post=15173"}],"curies":[{"name":"wp","href":"https:\/\/api.w.org\/{rel}","templated":true}]}}