{"id":1518,"date":"2020-11-04T18:22:04","date_gmt":"2020-11-04T15:22:04","guid":{"rendered":"http:\/\/mersinekonomipolitikagazetesi.com\/?p=1518"},"modified":"2020-11-04T18:22:04","modified_gmt":"2020-11-04T15:22:04","slug":"merced-akkuyu-nukleerini-istemiyoruz","status":"publish","type":"post","link":"https:\/\/akdenizolaygazetesi.com\/?p=1518","title":{"rendered":"MER\u00c7ED: \u201cAKKUYU N\u00dcKLEER\u0130N\u0130 \u0130STEM\u0130YORUZ\u201d"},"content":{"rendered":"<p>MER\u00c7ED, Mersinde planlanan Akkuyu N\u00fckleer Santrali Projesine tepkili olduklar\u0131na dikkat \u00e7ekerek: \u201cYap\u0131lacak olan N\u00fckleer Santralleri do\u011fru bulmuyoruz ve Fuku\u015fima ve \u00c7ernobilde meydana gelen n\u00fckleer santral felaketine aday olacak\u201d dedi.<\/p>\n<div>\n<div>\n<div>\n<div>\n<div>\n<div>\n<div>\n<div>\n<div>\n<div>\n<div>\n<div id=\":4\">\n<div id=\":2\">\n<div>\n<div role=\"main\">\n<table cellpadding=\"0\" role=\"presentation\" style=\"width:1630px;\">\n<tbody>\n<tr>\n<td>\n<div>\n<div>\n<div>\n<div role=\"list\">\n<div role=\"listitem\" style=\"clear:both;\" tabindex=\"-1\">\n<div>\n<div>\n<div id=\":196\">\n<div data-legacy-message-id=\"16219ca28d407783\" data-message-id=\"16219ca28d407783\">\n<div style=\"margin-left:44px;\">\n<div id=\":17r\">\n<div id=\":18p\">\n<div dir=\"auto\">\n<blockquote type=\"cite\">\n<div dir=\"ltr\">\n<p><span style=\"font-size:16px;\">Mersinde kurulacak Akkuyu N\u00fckleer Santrali Projesine\u00a0\u00a0 Mersin \u00c7evre ve Do\u011fa Derne\u011fi\u2019nden tepki geldi. Tepkilerini g\u00f6steren Mersin \u00c7evre ve Do\u011fa Derne\u011fi ad\u0131na a\u00e7\u0131klamay\u0131 Sabahat Aslan yapt\u0131. \u201cAkkuyunun fuku\u015fima olmas\u0131na izin vermeyece\u011fiz.\u201d adl\u0131 ba\u015fl\u0131k alt\u0131nda a\u00e7\u0131klama ger\u00e7ekle\u015fti.<\/span><\/p>\n<p>\u00a0<\/p>\n<p><span style=\"font-size:16px;\">Akkuyu N\u00fckleer Santrali Projesini\u00a0 b\u00f6lgelerinde istemediklerini \u00fclkedeki bir\u00e7ok soruna neden olaca\u011f\u0131 aktar\u0131ld\u0131.\u00a0<\/span><\/p>\n<p><span style=\"font-size:16px;\">Japonya\u2019da Fuku\u015fima ve \u00c7ernobil ile meydana gelen felaketle ayn\u0131 durumun s\u00f6z konusu oldu\u011fu kaydedildi.<\/span><\/p>\n<p><span style=\"font-size:16px;\">Aslan, b\u00f6lgeyi n\u00fckleer bir felakete s\u00fcr\u00fckleyece\u011fi a\u00e7\u0131k oldu\u011funun alt\u0131 da \u00e7izdi.<\/span><\/p>\n<p>\u00a0<\/p>\n<p><span style=\"font-size:16px;\">\u201c\u00dcLKEM\u0130ZE RADYASYON, EKONOM\u0130K VE SOSYAL FELAKET GET\u0130RECEK\u201d<\/span><\/p>\n<p>\u00a0<\/p>\n<p><span style=\"font-size:16px;\">Aslan, n\u00fckleer santralin b\u00f6lge ve \u00fclke i\u00e7in ekonomik ve sosyal a\u00e7\u0131dan bir\u00e7ok soruna neden olaca\u011f\u0131n\u0131 belirtti. Akkuyu Japonya da Fuku\u015fima ve \u00c7ernobilde meydana gelen n\u00fckleer santral felaketine aday olaca\u011f\u0131n\u0131 aktaran Aslan: \u201cHer iki kazan\u0131n sonu\u00e7lar\u0131 tarihin en b\u00fcy\u00fck n\u00fckleer felaketlerini meydana getirmi\u015f olup D\u00fcnya her iki felaketin bedelini halen \u00f6demektedir. Akkuyu N\u00fckleer Santrali ile ilgili haz\u0131rlanan t\u00fcm raporlar tekni\u011fe ayk\u0131r\u0131 olup, bilimsel de\u011fildir. Akkuyu \u00c7ED raporunun bilimsel ve tekni\u011fe ayk\u0131r\u0131 oldu\u011fu i\u00e7in iptaline kar\u015f\u0131 a\u00e7m\u0131\u015f oldu\u011fumuz dava olumsuzlukla sonu\u00e7lanm\u0131\u015ft\u0131r. Akkuyu N\u00fckleer Santralinin \u00fclkemize getirece\u011fi radyasyon, ekonomik ve sosyal felaketlerinin sonu\u00e7lar\u0131ndan ba\u015fta davam\u0131za bakan Dan\u0131\u015ftay \u00dcyeleri ve davan\u0131n bilirki\u015fi \u00fcyeleri sorumludur. Bu sonuca karar verenleri tarih yarg\u0131layacakt\u0131r. D\u00fcnya tarihinin en b\u00fcy\u00fck n\u00fckleer santral felaketlerinden biri olan 11 Mart 2011 tarihinde Japonya da meydana gelen 9 \u015fiddetindeki depremden sonra Fuku\u015fima N\u00fckleer Santralinde meydana gelmi\u015ftir.\u201d ifadelerini kulland\u0131.<\/span><\/p>\n<p>\u00a0<\/p>\n<p><span style=\"font-size:16px;\">\u201cDEVLET TARAFINDAN DA DENETLEN\u0130YORDU AMA Y\u0130NE DE DEPREM OLDU\u201d<\/span><\/p>\n<p>\u00a0<\/p>\n<p><span style=\"font-size:16px;\">Aslan: \u201cAkkuyu \u00c7ed raporunda yaz\u0131lanlarda oldu\u011fu gibi, Deprem ku\u015fa\u011f\u0131nda olan Japonya\u2019n\u0131n Fuku\u015fima Kenti, depremden en az etkilenecek b\u00f6lge oldu\u011fu gerek\u00e7esiyle, bu \u015fehir sanayi ve ticaret kenti yap\u0131lm\u0131\u015ft\u0131. Deprem uzmanlar\u0131, Fuku\u015fima depremden etkilenmez dedikleri i\u00e7in bu b\u00f6lgeye n\u00fckleer santraller kurulmu\u015ftu.\u201d \u015feklinde dikkat \u00e7ekerek Japonya da bulunan t\u00fcm n\u00fckleer santraller 9 \u015fiddetindeki depreme dayan\u0131kl\u0131 olarak ve g\u00fcvenlik tedbirlerinde en son teknolojiler uygulanarak in\u015fa edildi\u011fini kaydetti.<\/span><\/p>\n<\/p><\/div>\n<\/blockquote>\n<blockquote type=\"cite\">\n<div dir=\"ltr\">\n<p><span style=\"font-size:16px;\">Aslan: \u201cJaponya\u2019daki t\u00fcm n\u00fckleer santraller Uluslararas\u0131 Atom Enerjisi Kurumunun t\u00fcm kurallar\u0131na g\u00f6re \u00e7al\u0131\u015ft\u0131r\u0131l\u0131yordu ve devlet taraf\u0131ndan da denetleniyorlard\u0131. Japonya da Halka n\u00fckleer santrallerin \u00e7ok g\u00fcvenli oldu\u011fu s\u00f6ylenmi\u015fti. Ayr\u0131ca n\u00fckleer santrallerin bulundu\u011fu t\u00fcm b\u00f6lgelerde de kaza s\u0131ras\u0131nda uygulanacak acil eylem planlar\u0131 da mevcuttu. Ama N\u00fckleer santrallerle ilgili t\u00fcm bu arg\u00fcmanlar 11 Mart 2011 de meydana gelen 9 \u015fiddetindeki depremden sonra iflas etti. \u00c7\u00fcnk\u00fc meydana gelen deprem ve tsunami, Fuku\u015fima da bulunan n\u00fckleer santralin so\u011futma sisteminin ar\u0131zalanmas\u0131 ve \u00e7al\u0131\u015ft\u0131r\u0131lamamas\u0131 sonucunda so\u011futulamayan n\u00fckleer santralin 3 adet reakt\u00f6r\u00fcn \u00e7ekirde\u011finin a\u015f\u0131r\u0131 \u0131s\u0131nmas\u0131 sonucu erimi\u015ftir, bunun sonucunda atmosfere yay\u0131lan radyasyon d\u00fcnyay\u0131 bir n\u00fckleer (radyasyon) felaketine d\u00f6n\u00fc\u015fm\u00fc\u015ft\u00fcr.\u201d \u015feklinde konu\u015ftu.<\/span><\/p>\n<div>\n<div aria-label=\"Geni\u015fletilen i\u00e7eri\u011fi gizleyin\" data-tooltip=\"Geni\u015fletilen i\u00e7eri\u011fi gizleyin\" id=\":1f5\" role=\"button\" style=\"clear:both;\" tabindex=\"0\"><span style=\"font-size:16px;\"><img src=\"https:\/\/ssl.gstatic.com\/ui\/v1\/icons\/mail\/images\/cleardot.gif\" style=\"height:8px;width:20px;\" \/><\/span><\/div>\n<\/p><\/div>\n<div>\n<p>\u00a0<\/p>\n<p><span style=\"font-size:16px;\">\u201cHERKES\u0130N YA\u015eAM HAKKI \u0130\u00c7\u0130N N\u00dcKLEER SANTRALLERE KAR\u015eI M\u00dcCADELE ETMES\u0130N\u0130 BEKL\u0130YORUZ\u201d<\/span><\/p>\n<p>\u00a0<\/p>\n<p><span style=\"font-size:16px;\">Japonya bu felaketin ekonomik ve sosyal boyutlar\u0131n\u0131n alt\u0131nda ezildi\u011fini belirten Aslan, Japonya\u2019da meydana gelen deprem, n\u00fckleer santrallerin g\u00fcvensiz, insan ve do\u011fa ya\u015fam\u0131n\u0131 tehdit eden, kirli teknolojiler oldu\u011funu bir kez daha kan\u0131tlad\u0131\u011f\u0131n\u0131 dile getirdi. Ruslar\u0131n tamamen sahip olaca\u011f\u0131 ve onlar\u0131n denetiminde olacak d\u00fcnyada denenmemi\u015f olan VVER1200 n\u00fckleer reakt\u00f6r modeli ile, hareketli Ecemi\u015f fay hatt\u0131na yak\u0131n, deprem b\u00f6lgesinde kurulumu planlanan Akkuyu N\u00fckleer santrali ta\u015f\u0131yaca\u011f\u0131 riskler a\u00e7\u0131s\u0131ndan, \u00fclkede ve d\u00fcnya i\u00e7in ilerde b\u00fcy\u00fck bir felaket kayna\u011f\u0131 olaca\u011f\u0131na de\u011finen Aslan: \u201cJaponya da ya\u015fanan n\u00fckleer tehditlerden h\u00fck\u00fcmetin ders almas\u0131n\u0131, \u00fclke i\u00e7in zorunluluk olmayan n\u00fckleer santral projelerinin derhal iptal edilmesini talep ediyoruz. Akkuyunun Fuku\u015fima olmas\u0131na izin vermeyece\u011fiz. Herkesin ya\u015fam hakk\u0131 i\u00e7in N\u00fckleer Santrallere kar\u015f\u0131 m\u00fccadele etmesini bekliyoruz.\u201d diyerek konu\u015fmas\u0131n\u0131 sonland\u0131rd\u0131.<\/span><\/p>\n<\/p><\/div>\n<\/p><\/div>\n<\/blockquote><\/div>\n<\/p><\/div>\n<\/p><\/div>\n<\/p><\/div>\n<\/p><\/div>\n<\/p><\/div>\n<\/p><\/div>\n<\/p><\/div>\n<\/p><\/div>\n<\/p><\/div>\n<\/p><\/div>\n<\/p><\/div>\n<\/p><\/div>\n<\/td>\n<\/tr>\n<\/tbody>\n<\/table>\n<div style=\"clear:both;\">\u00a0<\/div>\n<\/div>\n<\/div>\n<\/div>\n<\/div>\n<\/div>\n<\/div>\n<\/div>\n<\/div>\n<\/div>\n<\/div>\n<\/div>\n<\/div>\n<\/div>\n<\/div>\n<\/div>\n","protected":false},"excerpt":{"rendered":"<p>MER\u00c7ED, Mersinde planlanan Akkuyu N\u00fckleer Santrali Projesine tepkili olduklar\u0131na dikkat \u00e7ekerek: \u201cYap\u0131lacak olan N\u00fckleer Santralleri do\u011fru bulmuyoruz ve Fuku\u015fima ve \u00c7ernobilde meydana gelen n\u00fckleer santral felaketine aday olacak\u201d dedi. Mersinde &hellip; <a href=\"https:\/\/akdenizolaygazetesi.com\/?p=1518\" class=\"more-link\">Devam\u0131n\u0131 Oku&#8230;<\/a><\/p>\n","protected":false},"author":1,"featured_media":0,"comment_status":"open","ping_status":"open","sticky":false,"template":"","format":"standard","meta":[],"categories":[],"tags":[],"_links":{"self":[{"href":"https:\/\/akdenizolaygazetesi.com\/index.php?rest_route=\/wp\/v2\/posts\/1518"}],"collection":[{"href":"https:\/\/akdenizolaygazetesi.com\/index.php?rest_route=\/wp\/v2\/posts"}],"about":[{"href":"https:\/\/akdenizolaygazetesi.com\/index.php?rest_route=\/wp\/v2\/types\/post"}],"author":[{"embeddable":true,"href":"https:\/\/akdenizolaygazetesi.com\/index.php?rest_route=\/wp\/v2\/users\/1"}],"replies":[{"embeddable":true,"href":"https:\/\/akdenizolaygazetesi.com\/index.php?rest_route=%2Fwp%2Fv2%2Fcomments&post=1518"}],"version-history":[{"count":0,"href":"https:\/\/akdenizolaygazetesi.com\/index.php?rest_route=\/wp\/v2\/posts\/1518\/revisions"}],"wp:attachment":[{"href":"https:\/\/akdenizolaygazetesi.com\/index.php?rest_route=%2Fwp%2Fv2%2Fmedia&parent=1518"}],"wp:term":[{"taxonomy":"category","embeddable":true,"href":"https:\/\/akdenizolaygazetesi.com\/index.php?rest_route=%2Fwp%2Fv2%2Fcategories&post=1518"},{"taxonomy":"post_tag","embeddable":true,"href":"https:\/\/akdenizolaygazetesi.com\/index.php?rest_route=%2Fwp%2Fv2%2Ftags&post=1518"}],"curies":[{"name":"wp","href":"https:\/\/api.w.org\/{rel}","templated":true}]}}