{"id":15182,"date":"2021-11-11T13:00:37","date_gmt":"2021-11-11T10:00:37","guid":{"rendered":"http:\/\/akdenizolaygazetesi.com\/?p=15182"},"modified":"2021-11-11T13:00:37","modified_gmt":"2021-11-11T10:00:37","slug":"mersin-buyuksehirden-zeytin-pazari","status":"publish","type":"post","link":"https:\/\/akdenizolaygazetesi.com\/?p=15182","title":{"rendered":"MERS\u0130N B\u00dcY\u00dcK\u015eEH\u0130R\u2019DEN ZEYT\u0130N PAZARI"},"content":{"rendered":"<p>Mersin B\u00fcy\u00fck\u015fehir Belediyesi Kad\u0131n ve Aile Hizmetleri Dairesi taraf\u0131ndan Yo\u011furt Pazar\u0131\u2019nda ilk kez \u201c\u00dcretici Kad\u0131n Stantlar\u0131 Zeytin Pazar\u0131\u201d kuruldu.<br \/>\nAkdeniz il\u00e7esi Yo\u011furt Pazar\u0131\u2019nda kurulan \u00dcretici Kad\u0131n Stantlar\u0131 Zeytin Pazar\u0131\u2019nda toplam 10 stant yer al\u0131rken, Mersin merkez 4 il\u00e7e ile Mut, Tarsus, Silifke gibi il\u00e7elerden gelen kad\u0131nlar do\u011fal \u00fcr\u00fcnlerini sat\u0131\u015fa sunma olana\u011f\u0131 buldu.  Kad\u0131nlar taraf\u0131ndan kurulan stantlarda; zeytinya\u011fl\u0131 sabun, zeytin fideleri, Ayval\u0131k, Gemlik, Sar\u0131ulak, Domat gibi zeytin \u00e7e\u015fitleri, zeytinya\u011f\u0131 ve zeytinden \u00fcretilmi\u015f di\u011fer g\u0131da \u00fcr\u00fcnleri yerini ald\u0131.<br \/>\n\u00dcretici kad\u0131nlar do\u011fal \u00fcr\u00fcnleri sat\u0131\u015fa sundu<br \/>\nTarsus Eshab-\u0131 Kehf Tar\u0131msal Kalk\u0131nma Kooperatifi\u2019nden gelen Makbule Co\u015fkun, sat\u0131\u015f yapmak i\u00e7in zeytin ve zeytinya\u011f\u0131 getirdiklerini belirterek, \u00fcr\u00fcnlerini nas\u0131l haz\u0131rlad\u0131klar\u0131n\u0131 anlatt\u0131. Co\u015fkun, \u201cSa\u011f olsun Ba\u015fkan\u0131m\u0131z Vahap Se\u00e7er\u2019in ve Meral Han\u0131m\u2019\u0131n katk\u0131lar\u0131yla s\u00fcrd\u00fcr\u00fcyoruz. Ge\u00e7en y\u0131l da geldik, kurduk buraya. Sat\u0131\u015f yapt\u0131k. Halk\u0131m\u0131zdan da memnunuz. Al\u0131\u015fveri\u015f yap\u0131yorlar. B\u00f6yle devam ettiriyoruz. Tercih ediyorlar zeytinlerimizi. Bug\u00fcn buras\u0131 da g\u00fczel, halk\u0131m\u0131z da g\u00fczel kat\u0131l\u0131yor\u201d dedi.<br \/>\nAslen Hatayl\u0131 olan ve Mersin\u2019de ya\u015fayan Suna Arslan, Yo\u011furt Pazar\u0131\u2019na ilk kez geldi\u011fini ancak sahilde ger\u00e7ekle\u015ftirilen di\u011fer etkinliklerde daha \u00f6nce yer ald\u0131\u011f\u0131n\u0131 belirterek, \u201cBug\u00fcn burada Yo\u011furt Pazar\u0131\u2019nda zeytin \u00fczerine sat\u0131\u015f yap\u0131yoruz. Sabunumuz, zeytinya\u011f\u0131m\u0131z, ye\u015fil zeytinimiz var. Sat\u0131\u015flar \u00e7ok \u015f\u00fck\u00fcr g\u00fczel gidiyor. Sabunu kendimiz zeytinya\u011f\u0131 ve defne ya\u011f\u0131n\u0131 pi\u015firerek yap\u0131yoruz. Annelerimiz, b\u00fcy\u00fcklerimiz yap\u0131yorlar. Zeytinleri de kendimiz k\u0131rarak yap\u0131yoruz. \u00dcr\u00fcnlerimizi Hatay\u2019dan getiriyoruz. Ev han\u0131m\u0131 oldu\u011fumuz i\u00e7in b\u00f6yle bir \u015fey yap\u0131yoruz ve \u00e7ocuklar\u0131m\u0131za, aileye bir katk\u0131da bulunuyoruz. 4 \u00e7ocuk okutuyorum. 2 o\u011flum \u00fcniversitede, k\u0131zlar\u0131m lisede okuyorlar\u201d diye konu\u015ftu.<br \/>\nIsbaha: \u201cHer t\u00fcr \u00fcr\u00fcn\u00fc kendim \u00fcretiyorum\u201d<br \/>\nMut Ta\u015fhan\u2019dan gelen kad\u0131n \u00fcretici Fatma Isbaha ise zeytin ve zeytinya\u011f\u0131 satt\u0131\u011f\u0131n\u0131 belirterek, \u201cHer t\u00fcr \u00fcr\u00fcn\u00fc kendim \u00fcretiyorum. Kendi bah\u00e7emin \u00fcr\u00fcn\u00fc. Yani Mut\u2019un kendi do\u011fal \u00fcr\u00fcn\u00fc. Memnunum, m\u00fc\u015fterilerimiz de memnun bence\u201d dedi. Mut zeytinya\u011f\u0131n\u0131n co\u011frafi i\u015faretli oldu\u011funu da anlatan Isbaha, kurulan stantlar sayesinde i\u015flerini geli\u015ftirdi\u011fini ifade ederek, \u201cB\u00fcy\u00fck\u015fehir Belediye Ba\u015fkan\u0131\u2019na ger\u00e7ekten g\u00f6n\u00fclden te\u015fekk\u00fcr ediyorum. Bize b\u00f6yle hizmetleri sundu\u011fu i\u00e7in\u201d ifadelerine yer verdi.<br \/>\nStantlar\u0131n kuruldu\u011fu alanda MESK\u0130 Genel M\u00fcd\u00fcrl\u00fc\u011f\u00fc taraf\u0131ndan \u201cSu Tasarrufu\u201d konusunda da vatanda\u015flar bilgilendirildi ve vatanda\u015flar\u0131n MESK\u0130 ile ilgili sorular\u0131 yan\u0131tland\u0131.<\/p>\n","protected":false},"excerpt":{"rendered":"<p>Mersin B\u00fcy\u00fck\u015fehir Belediyesi Kad\u0131n ve Aile Hizmetleri Dairesi taraf\u0131ndan Yo\u011furt Pazar\u0131\u2019nda ilk kez \u201c\u00dcretici Kad\u0131n Stantlar\u0131 Zeytin Pazar\u0131\u201d kuruldu. Akdeniz il\u00e7esi Yo\u011furt Pazar\u0131\u2019nda kurulan \u00dcretici Kad\u0131n Stantlar\u0131 Zeytin Pazar\u0131\u2019nda toplam &hellip; <a href=\"https:\/\/akdenizolaygazetesi.com\/?p=15182\" class=\"more-link\">Devam\u0131n\u0131 Oku&#8230;<\/a><\/p>\n","protected":false},"author":2,"featured_media":15183,"comment_status":"open","ping_status":"open","sticky":false,"template":"","format":"standard","meta":[],"categories":[2,3,5],"tags":[],"_links":{"self":[{"href":"https:\/\/akdenizolaygazetesi.com\/index.php?rest_route=\/wp\/v2\/posts\/15182"}],"collection":[{"href":"https:\/\/akdenizolaygazetesi.com\/index.php?rest_route=\/wp\/v2\/posts"}],"about":[{"href":"https:\/\/akdenizolaygazetesi.com\/index.php?rest_route=\/wp\/v2\/types\/post"}],"author":[{"embeddable":true,"href":"https:\/\/akdenizolaygazetesi.com\/index.php?rest_route=\/wp\/v2\/users\/2"}],"replies":[{"embeddable":true,"href":"https:\/\/akdenizolaygazetesi.com\/index.php?rest_route=%2Fwp%2Fv2%2Fcomments&post=15182"}],"version-history":[{"count":1,"href":"https:\/\/akdenizolaygazetesi.com\/index.php?rest_route=\/wp\/v2\/posts\/15182\/revisions"}],"predecessor-version":[{"id":15184,"href":"https:\/\/akdenizolaygazetesi.com\/index.php?rest_route=\/wp\/v2\/posts\/15182\/revisions\/15184"}],"wp:featuredmedia":[{"embeddable":true,"href":"https:\/\/akdenizolaygazetesi.com\/index.php?rest_route=\/wp\/v2\/media\/15183"}],"wp:attachment":[{"href":"https:\/\/akdenizolaygazetesi.com\/index.php?rest_route=%2Fwp%2Fv2%2Fmedia&parent=15182"}],"wp:term":[{"taxonomy":"category","embeddable":true,"href":"https:\/\/akdenizolaygazetesi.com\/index.php?rest_route=%2Fwp%2Fv2%2Fcategories&post=15182"},{"taxonomy":"post_tag","embeddable":true,"href":"https:\/\/akdenizolaygazetesi.com\/index.php?rest_route=%2Fwp%2Fv2%2Ftags&post=15182"}],"curies":[{"name":"wp","href":"https:\/\/api.w.org\/{rel}","templated":true}]}}