{"id":1519,"date":"2020-11-04T18:22:04","date_gmt":"2020-11-04T15:22:04","guid":{"rendered":"http:\/\/mersinekonomipolitikagazetesi.com\/?p=1519"},"modified":"2020-11-04T18:22:04","modified_gmt":"2020-11-04T15:22:04","slug":"adil-aktay-nukleer-santrale-karsi-direnecegiz","status":"publish","type":"post","link":"https:\/\/akdenizolaygazetesi.com\/?p=1519","title":{"rendered":"AD\u0130L AKTAY: \u201cN\u00dcKLEER SANTRALE KAR\u015eI D\u0130RENECE\u011e\u0130Z\u201d"},"content":{"rendered":"<p>Mersin CHP \u0130l Ba\u015fkan\u0131 Adil Aktay, Akkuyu N\u00fckleer Santrallerin tehlikeli bir gelecek sundu\u011funu ve Mersin\u2019i b\u00fcy\u00fck bir faciaya itti\u011fini aktard\u0131.<\/p>\n<blockquote type=\"cite\">\n<div dir=\"ltr\">\n<p><span style=\"font-size:16px;\">Mersin CHP \u0130l Ba\u015fkan\u0131 Adil Aktay Elektrik M\u00fchendisleri Odas\u0131\u2019nda Fuku\u015fima N\u00fckleeri ile ilgili a\u00e7\u0131klama yapt\u0131. A\u00e7\u0131klamada Akkuyu N\u00fckleer Santrallerin Japonya\u2019da meydana gelen Fuku\u015fima N\u00fckleerinin \u00e7\u0131kard\u0131\u011f\u0131 sonu\u00e7larla ayn\u0131 durum s\u00f6z konusu olaca\u011f\u0131 belirtildi.<\/span><\/p>\n<div>\n<div aria-label=\"Geni\u015fletilen i\u00e7eri\u011fi gizleyin\" data-tooltip=\"Geni\u015fletilen i\u00e7eri\u011fi gizleyin\" id=\":17n\" role=\"button\" style=\"clear:both;\" tabindex=\"0\"><span style=\"font-size:16px;\"><img src=\"https:\/\/ssl.gstatic.com\/ui\/v1\/icons\/mail\/images\/cleardot.gif\" style=\"height:8px;width:20px;\" \/><\/span><\/div>\n<\/div>\n<div>\n<p><span style=\"font-size:16px;\">A\u00e7\u0131klama konu\u015fmas\u0131n\u0131 ger\u00e7ekle\u015ftiren Aktay, Akkuyu N\u00fckleer Santrellerin \u00fclke i\u00e7in facia oldu\u011funu belirterek benzer ya\u015fanan olaylar\u0131 g\u00f6rmezden geldiklerini ifade etti.<\/span><\/p>\n<p>\u00a0<\/p>\n<p><span style=\"font-size:16px;\">\u201cAKKUYU\u2019DA YEN\u0130 B\u0130R FAC\u0130AYA DAVET\u0130YE \u00c7IKARIYOR\u201d<\/span><\/p>\n<p>\u00a0<\/p>\n<p><span style=\"font-size:16px;\">Bilim ve teknolojinin bu kadar ilerledi\u011fi \u00e7a\u011fda do\u011fa olaylar\u0131n\u0131n afete d\u00f6n\u00fc\u015fmesinde en b\u00fcy\u00fck fakt\u00f6r insanlar\u0131n oldu\u011funu aktaran Aktay: \u201c11 Mart, bunun en taze \u00f6rneklerinden birinin y\u0131l d\u00f6n\u00fcm\u00fc. 7 y\u0131l \u00f6nce bug\u00fcn, Japonya\u2019da deprem ve tsunami sonras\u0131nda Fuku\u015fima 1 N\u00fckleer Santrali\u2019nden havaya, topra\u011fa ve denize radyoaktif madde sal\u0131nd\u0131. \u0130lerleyen g\u00fcnlerde \u015fehir suyunda radyasyon bulundu. \u00c7ernobil\u2019den sonra d\u00fcnyan\u0131n en b\u00fcy\u00fck ikinci n\u00fckleer s\u0131z\u0131nt\u0131s\u0131 olan Fuku\u015fima facias\u0131n\u0131n sonu\u00e7lar\u0131 hala tam olarak \u00f6l\u00e7\u00fclebilmi\u015f de\u011fil. \u00dczerinden 7 y\u0131l ge\u00e7mesine ra\u011fmen, yaratt\u0131\u011f\u0131 radyoaktif kirlilikle m\u00fccadele devam ediyor, daha uzun y\u0131llar da devam edecek. S\u0131z\u0131nt\u0131lar\u0131n s\u00fcrd\u00fc\u011f\u00fc, ancak kamuoyundan gizlendi\u011fi belirtiliyor. Facian\u0131n uzun vadeli etkilerini ise hep birlikte ya\u015fayarak g\u00f6rece\u011fiz. \u0130nsanl\u0131k, ya\u015fanan felaketlerden ders alarak ilerleyebilir. Ancak \u00fclkemizi y\u00f6neten anlay\u0131\u015f maalesef ya\u015fananlar\u0131 g\u00f6rmezlikten geliyor, Akkuyu\u2019da yeni bir faciaya davetiye \u00e7\u0131kar\u0131yor.\u201d ifadelerini kulland\u0131.<\/span><\/p>\n<p>\u00a0<\/p>\n<p><span style=\"font-size:16px;\">\u201cFUKU\u015e\u0130MA\u2019DA \u00d6NLER ALINMI\u015eTI\u201d<\/span><\/p>\n<p>\u00a0<\/p>\n<p><span style=\"font-size:16px;\">Aktay, halk\u0131n, bilim insanlar\u0131n\u0131n, meslek \u00f6rg\u00fctlerinin itirazlar\u0131 dikkate al\u0131nmazken, n\u00fckleerci \u015firket ve onun ta\u015feronu yerli \u015firketler ne isterse yerine getirildi\u011fini kaydederek n\u00fckleer santral bir yandan Rusya ile ili\u015fkilerde pazarl\u0131k unsuru yap\u0131ld\u0131\u011f\u0131n\u0131 dile getirdi. Aktay: \u201c Di\u011fer yandan, bu projede yanda\u015f \u015firketlerin cebinden para \u00e7\u0131kmamas\u0131 i\u00e7in, \u00f6zel te\u015fvik yasalar\u0131 \u00e7\u0131kart\u0131l\u0131yor.<\/span><\/p>\n<p><span style=\"font-size:16px;\">N\u00fckleer santral, 1. derece do\u011fal S\u0130T alanlar\u0131n\u0131, arkeolojik sit alanlar\u0131n\u0131, k\u00fclt\u00fcr ve turizm koruma alanlar\u0131n\u0131 tehdit etmektedir. Akdeniz foku, deniz kaplumba\u011fas\u0131 ve bir\u00e7ok ku\u015f t\u00fcr\u00fcn\u00fcn yavrulama ve ya\u015fam alanlar\u0131n\u0131n ak\u0131betinin ne olaca\u011f\u0131 me\u00e7huld\u00fcr. Diyorlar ki, \u2018gerekli tedbirler al\u0131nacak\u2019&#8230; Fuku\u015fima N\u00fckleer Reakt\u00f6rlerinde de depreme kar\u015f\u0131 \u00f6nlem al\u0131nd\u0131\u011f\u0131 s\u00f6yleniyordu. Tsunami\u2019ye kar\u015f\u0131 dev duvarlar \u00f6r\u00fclm\u00fc\u015ft\u00fc. Dalgalar bir \u00e7\u0131rp\u0131da b\u00fct\u00fcn engelleri a\u015ft\u0131. Al\u0131nan b\u00fct\u00fcn<\/span><\/p>\n<p><span style=\"font-size:16px;\">\u00f6nlemlerin ka\u011f\u0131t \u00fcst\u00fcnde kald\u0131\u011f\u0131 ortaya \u00e7\u0131kt\u0131.\u201d \u015feklinde konu\u015ftu.<\/span><\/p>\n<p>\u00a0<\/p>\n<p><span style=\"font-size:16px;\">\u201c\u00c7ERNOB\u0130L\u2019\u0130N ARDINDAN ARTAN KANSER\u0130 B\u0130LEN YOK\u201d<\/span><\/p>\n<p>\u00a0<\/p>\n<p><span style=\"font-size:16px;\">N\u00fckleer \u00f6yle bir felaket oldu\u011funu ve sadece bug\u00fcn\u00fc de\u011fil, t\u00fcm gelece\u011fi de mahvetti\u011fini belirten Aktay: \u201cSadece Mersin\u2019i, Akkuyu\u2019yu de\u011fil, t\u00fcm Akdeniz\u2019i, t\u00fcm Anadolu\u2019yu zehirler. \u00c7ernobil\u2019in ard\u0131ndan Karadeniz\u2019de artan kanser vakalar\u0131n\u0131 bilmeyen yok. T\u00fcm bunlara ra\u011fmen, kapal\u0131 kap\u0131lar ard\u0131nda, uluslararas\u0131 lobilerin y\u00f6nlendirmesiyle n\u00fckleer cinayete kap\u0131 aralanmaktad\u0131r. Fuku\u015fima\u2019n\u0131n ard\u0131ndan Almanya ve \u0130svi\u00e7re eski santrallerini durdurdu. \u00c7in H\u00fck\u00fcmeti yeni projeleri ask\u0131ya ald\u0131. Avusturya tek n\u00fckleer santralini durdurdu. \u0130talya, Bel\u00e7ika, Danimarka, \u0130spanya\u2026 Hepsi 1970\u2019lerden ba\u015flayarak reakt\u00f6rlerini durdurdular, durduruyorlar. Durduruyorlar diyoruz, \u00e7\u00fcnk\u00fc n\u00fckleer santral \u00f6yle bir lanet ki, kapatsan\u0131z bile, y\u00fczy\u0131llarca reakt\u00f6r\u00fc so\u011fuk tutman\u0131z, tonlarca n\u00fckleer at\u0131\u011f\u0131 muhafaza etmeniz gerekiyor.\u201d dedi.<\/span><\/p>\n<p>\u00a0<\/p>\n<p><span style=\"font-size:16px;\">\u201cMERS\u0130N\u2019\u0130 \u00c7OCUKLARIMIZA B\u0130R N\u00dcKLEER MEZARLIK OLARAK BIRAKMAYACA\u011eIZ\u201d<\/span><\/p>\n<p>\u00a0<\/p>\n<p><span style=\"font-size:16px;\">Aktay, siyasi \u015fov i\u00e7in h\u0131zland\u0131r\u0131lm\u0131\u015f treni altyap\u0131s\u0131 haz\u0131r olmadan raylara s\u00fcr\u00fcp Pamukova facias\u0131na kap\u0131 aralayanlar&#8230; B\u00fcy\u00fck depremin her ge\u00e7en g\u00fcn yakla\u015ft\u0131\u011f\u0131 \u0130stanbul\u2019da afet toplanma alanlar\u0131n\u0131 AVM\u2019lere pe\u015fke\u015f \u00e7ekenler&#8230; Hi\u00e7 kusura bakmas\u0131nlar, art\u0131k s\u00f6zlerinize karn\u0131m\u0131z tok.\u201d \u015feklinde g\u00f6nderme yapt\u0131.<\/span><\/p>\n<p><span style=\"font-size:16px;\">\u201cN\u00fckleerin \u015fakas\u0131 da yoktur, geri d\u00f6n\u00fc\u015f\u00fc de. Cin \u015fi\u015feden \u00e7\u0131kmadan bu maceradan derhal vazge\u00e7ilmelidir.\u201d \u015feklinde dikkat \u00e7eken Aktay: \u201c \u00c7ernobil\u2019i de, Fuku\u015fima\u2019y\u0131 da unutmad\u0131k, unutmayaca\u011f\u0131z. N\u00fckleer santrale kar\u015f\u0131 direnece\u011fiz. Ve Mersin\u2019i<\/span><\/p>\n<p><span style=\"font-size:16px;\">\u00e7ocuklar\u0131m\u0131za bir n\u00fckleer mezarl\u0131k olarak b\u0131rakmayaca\u011f\u0131z. Bizler \u00e7ok \u015fansl\u0131 bir co\u011frafyada ya\u015f\u0131yoruz. G\u00fcne\u015fimiz, r\u00fczgar\u0131m\u0131z, suyumuz, jeotermal kaynaklar\u0131m\u0131z var. Bunlar merkezi bir planlamayla, bilim insanlar\u0131n\u0131n tavsiyeleri do\u011frultusunda kullan\u0131l\u0131rsa T\u00fcrkiye\u2019nin enerji diye bir sorun ya\u015famas\u0131 m\u00fcmk\u00fcn de\u011fil. G\u00fcne\u015f, su, r\u00fczgar bize yeter. Yeter ki, rant\u0131n de\u011fil, akl\u0131n ve insanl\u0131\u011f\u0131n pe\u015finden gidelim.\u201d diyerek a\u00e7\u0131klama son buldu.<\/span><\/p>\n<\/div>\n<\/div>\n<\/blockquote>\n","protected":false},"excerpt":{"rendered":"<p>Mersin CHP \u0130l Ba\u015fkan\u0131 Adil Aktay, Akkuyu N\u00fckleer Santrallerin tehlikeli bir gelecek sundu\u011funu ve Mersin\u2019i b\u00fcy\u00fck bir faciaya itti\u011fini aktard\u0131. Mersin CHP \u0130l Ba\u015fkan\u0131 Adil Aktay Elektrik M\u00fchendisleri Odas\u0131\u2019nda Fuku\u015fima &hellip; <a href=\"https:\/\/akdenizolaygazetesi.com\/?p=1519\" class=\"more-link\">Devam\u0131n\u0131 Oku&#8230;<\/a><\/p>\n","protected":false},"author":1,"featured_media":0,"comment_status":"open","ping_status":"open","sticky":false,"template":"","format":"standard","meta":[],"categories":[],"tags":[],"_links":{"self":[{"href":"https:\/\/akdenizolaygazetesi.com\/index.php?rest_route=\/wp\/v2\/posts\/1519"}],"collection":[{"href":"https:\/\/akdenizolaygazetesi.com\/index.php?rest_route=\/wp\/v2\/posts"}],"about":[{"href":"https:\/\/akdenizolaygazetesi.com\/index.php?rest_route=\/wp\/v2\/types\/post"}],"author":[{"embeddable":true,"href":"https:\/\/akdenizolaygazetesi.com\/index.php?rest_route=\/wp\/v2\/users\/1"}],"replies":[{"embeddable":true,"href":"https:\/\/akdenizolaygazetesi.com\/index.php?rest_route=%2Fwp%2Fv2%2Fcomments&post=1519"}],"version-history":[{"count":0,"href":"https:\/\/akdenizolaygazetesi.com\/index.php?rest_route=\/wp\/v2\/posts\/1519\/revisions"}],"wp:attachment":[{"href":"https:\/\/akdenizolaygazetesi.com\/index.php?rest_route=%2Fwp%2Fv2%2Fmedia&parent=1519"}],"wp:term":[{"taxonomy":"category","embeddable":true,"href":"https:\/\/akdenizolaygazetesi.com\/index.php?rest_route=%2Fwp%2Fv2%2Fcategories&post=1519"},{"taxonomy":"post_tag","embeddable":true,"href":"https:\/\/akdenizolaygazetesi.com\/index.php?rest_route=%2Fwp%2Fv2%2Ftags&post=1519"}],"curies":[{"name":"wp","href":"https:\/\/api.w.org\/{rel}","templated":true}]}}