{"id":15195,"date":"2021-11-12T12:38:33","date_gmt":"2021-11-12T09:38:33","guid":{"rendered":"http:\/\/akdenizolaygazetesi.com\/?p=15195"},"modified":"2021-11-12T12:38:33","modified_gmt":"2021-11-12T09:38:33","slug":"mersine-bu-yil-3-milyon-300-bin-fidan-dikilecek","status":"publish","type":"post","link":"https:\/\/akdenizolaygazetesi.com\/?p=15195","title":{"rendered":"MERS\u0130N\u2019E BU YIL 3 M\u0130LYON 300 B\u0130N F\u0130DAN D\u0130K\u0130LECEK"},"content":{"rendered":"<p>Cumhurba\u015fkan\u0131 Recep Tayyip Erdo\u011fan\u2019\u0131n himayelerinde Tar\u0131m ve Orman Bakanl\u0131\u011f\u0131 ile Orman Genel M\u00fcd\u00fcrl\u00fc\u011f\u00fcn\u00fcn koordinasyonunda ba\u015flat\u0131lan \u2018Gelece\u011fe Nefes\u2019 kampanyas\u0131 bu y\u0131l da 11 Kas\u0131m\u2019da 81 il ve 922 il\u00e7ede ayn\u0131 anda ger\u00e7ekle\u015ftirildi.<\/p>\n<p>Ekolojik, ekonomik ve sosyal a\u00e7\u0131dan b\u00fcy\u00fck \u00f6neme sahip olan ormanlar\u0131m\u0131z\u0131 korumak, s\u00fcrd\u00fcr\u00fclebilir \u015fekilde y\u00f6netmek ve gelecek nesillere daha ye\u015fil bir T\u00fcrkiye b\u0131rakma amac\u0131 ile her y\u0131l 11 Kas\u0131m g\u00fcn\u00fc d\u00fczenlenen \u201cMilli A\u011fa\u00e7land\u0131rma G\u00fcn\u00fc\u201d kapsam\u0131nda ilimizde ger\u00e7ekle\u015ftirilen etkinlikte fidanlar, Vali Ali \u0130hsan Su\u2019nun kat\u0131l\u0131m\u0131yla toprakla bulu\u015fturuldu.<\/p>\n<p>Silifke il\u00e7esi Ye\u015filovac\u0131k Mahallesinde d\u00fczenlenen etkinli\u011fe Akdeniz B\u00f6lge ve Garnizon Komutan\u0131 Tu\u011famiral Fuat Gedik, Orman B\u00f6lge M\u00fcd\u00fcr\u00fc Kenan Akduman, il protokol\u00fc \u00fcyeleri, kamu kurum ve kurulu\u015flar\u0131 ile sivil toplum kurulu\u015f temsilcileri,  \u00f6\u011frenciler ve \u00f6\u011fretmenler kat\u0131ld\u0131.<\/p>\n<p> \u201884 Milyon i\u00e7in 3\u2019er fidan,<br \/>\n252 Milyon Fidan\u2019 <\/p>\n<p>Etkinlik \u00f6ncesi a\u00e7\u0131klamalarda bulunan Vali Su, \u201cBug\u00fcn t\u00fcm \u00fclkemizde oldu\u011fu gibi \u201884 Milyon i\u00e7in 3\u2019er fidan, 252 Milyon Fidan\u2019 slogan\u0131ndan yola \u00e7\u0131karak bug\u00fcn ilimiz genelinde 11 lokasyonda 100 Bin fidan\u0131 toprakla bulu\u015fturaca\u011f\u0131z. Bu proje kapsam\u0131nda ilimizde bu y\u0131l toplamda 3 Milyon 300 Bin fidan\u0131 toprakla bulu\u015fturmu\u015f olaca\u011f\u0131z. Vatanda\u015flar\u0131m\u0131za a\u011fac\u0131 sevdirme ve bu sevgiyi peki\u015ftirme ad\u0131na \u00f6nemli bir etkinlik olmas\u0131n\u0131n yan\u0131 s\u0131ra, gelecek nesillerimize daha ye\u015fil bir T\u00fcrkiye&#8217;yi b\u0131rakm\u0131\u015f olaca\u011f\u0131z. Kat\u0131l\u0131mlar\u0131n\u0131zdan dolay\u0131 hepinize \u00e7ok te\u015fekk\u00fcr ediyorum\u201d dedi.<br \/>\nMersin Orman B\u00f6lge M\u00fcd\u00fcr\u00fc Kenan Akduman da konu\u015fmas\u0131nda, \u00fclke ve kent olarak a\u011fa\u00e7land\u0131rmada d\u00fcnya genelinde \u00fcst s\u0131ralara \u00e7\u0131kt\u0131\u011f\u0131m\u0131z\u0131 belirtti. Mersin Orman B\u00f6lge M\u00fcd\u00fcrl\u00fc\u011f\u00fc olarak fidan dikiminde ve etkinliklerde eme\u011fi ge\u00e7en, katk\u0131 veren herkese te\u015fekk\u00fcr etti.<\/p>\n","protected":false},"excerpt":{"rendered":"<p>Cumhurba\u015fkan\u0131 Recep Tayyip Erdo\u011fan\u2019\u0131n himayelerinde Tar\u0131m ve Orman Bakanl\u0131\u011f\u0131 ile Orman Genel M\u00fcd\u00fcrl\u00fc\u011f\u00fcn\u00fcn koordinasyonunda ba\u015flat\u0131lan \u2018Gelece\u011fe Nefes\u2019 kampanyas\u0131 bu y\u0131l da 11 Kas\u0131m\u2019da 81 il ve 922 il\u00e7ede ayn\u0131 anda &hellip; <a href=\"https:\/\/akdenizolaygazetesi.com\/?p=15195\" class=\"more-link\">Devam\u0131n\u0131 Oku&#8230;<\/a><\/p>\n","protected":false},"author":2,"featured_media":15196,"comment_status":"open","ping_status":"open","sticky":false,"template":"","format":"standard","meta":[],"categories":[1,3,5],"tags":[],"_links":{"self":[{"href":"https:\/\/akdenizolaygazetesi.com\/index.php?rest_route=\/wp\/v2\/posts\/15195"}],"collection":[{"href":"https:\/\/akdenizolaygazetesi.com\/index.php?rest_route=\/wp\/v2\/posts"}],"about":[{"href":"https:\/\/akdenizolaygazetesi.com\/index.php?rest_route=\/wp\/v2\/types\/post"}],"author":[{"embeddable":true,"href":"https:\/\/akdenizolaygazetesi.com\/index.php?rest_route=\/wp\/v2\/users\/2"}],"replies":[{"embeddable":true,"href":"https:\/\/akdenizolaygazetesi.com\/index.php?rest_route=%2Fwp%2Fv2%2Fcomments&post=15195"}],"version-history":[{"count":1,"href":"https:\/\/akdenizolaygazetesi.com\/index.php?rest_route=\/wp\/v2\/posts\/15195\/revisions"}],"predecessor-version":[{"id":15197,"href":"https:\/\/akdenizolaygazetesi.com\/index.php?rest_route=\/wp\/v2\/posts\/15195\/revisions\/15197"}],"wp:featuredmedia":[{"embeddable":true,"href":"https:\/\/akdenizolaygazetesi.com\/index.php?rest_route=\/wp\/v2\/media\/15196"}],"wp:attachment":[{"href":"https:\/\/akdenizolaygazetesi.com\/index.php?rest_route=%2Fwp%2Fv2%2Fmedia&parent=15195"}],"wp:term":[{"taxonomy":"category","embeddable":true,"href":"https:\/\/akdenizolaygazetesi.com\/index.php?rest_route=%2Fwp%2Fv2%2Fcategories&post=15195"},{"taxonomy":"post_tag","embeddable":true,"href":"https:\/\/akdenizolaygazetesi.com\/index.php?rest_route=%2Fwp%2Fv2%2Ftags&post=15195"}],"curies":[{"name":"wp","href":"https:\/\/api.w.org\/{rel}","templated":true}]}}