{"id":1520,"date":"2020-11-04T18:22:04","date_gmt":"2020-11-04T15:22:04","guid":{"rendered":"http:\/\/mersinekonomipolitikagazetesi.com\/?p=1520"},"modified":"2020-11-04T18:22:04","modified_gmt":"2020-11-04T15:22:04","slug":"ayakkabi-boyacisi-halil-tas-sakat-olmam-beni-hic-yildirmadi","status":"publish","type":"post","link":"https:\/\/akdenizolaygazetesi.com\/?p=1520","title":{"rendered":"AYAKKABI BOYACISI HAL\u0130L TA\u015e: \u201cSAKAT OLMAM BEN\u0130 H\u0130\u00c7 YILDIRMADI\u201d"},"content":{"rendered":"<p>Sakat haliyle Mersin B\u00fcy\u00fck\u015fehir Belediyesi \u00f6n\u00fcnde ayakkab\u0131 boyac\u0131l\u0131\u011f\u0131 yapan Halil Ta\u015f ge\u00e7imini sa\u011flamak ad\u0131na m\u00fccadele veriyor.<\/p>\n<blockquote type=\"cite\">\n<div dir=\"ltr\">\n<p><span style=\"font-size:16px;\">Mersin B\u00fcy\u00fck\u015fehir Belediyesi \u00f6n\u00fcnde ayakkab\u0131 boyac\u0131l\u0131\u011f\u0131n\u0131 yaparak boyac\u0131l\u0131\u011f\u0131 meslek haline getiren Halil Ta\u015f adl\u0131 esnaf, boyac\u0131l\u0131kla ge\u00e7imini sa\u011fl\u0131yor. Boyac\u0131 ustas\u0131 aya\u011f\u0131ndan sakat olmas\u0131na ra\u011fmen ge\u00e7imini sa\u011flamak ad\u0131na her sabah erkenden tezgah\u0131n\u0131 a\u00e7arak i\u015f ba\u015f\u0131na koyuluyor. Aslen Hatayl\u0131 boyac\u0131 ustas\u0131 Halil Ta\u015f 20 y\u0131ld\u0131r boyac\u0131l\u0131k yaparak insanlar\u0131n ayaklar\u0131ndaki ayakkab\u0131lar\u0131n parlakl\u0131\u011f\u0131n\u0131 art\u0131rmas\u0131 ad\u0131na vatanda\u015fa hizmet sunuyor.<\/span><\/p>\n<p><span style=\"font-size:16px;\"><span style=\"font-family: sans-serif, Arial, Verdana, 'Trebuchet MS'; line-height: 1.6em;\">Halil Ta\u015f, So\u011fuk k\u0131\u015f aylar\u0131nda da d\u0131\u015far\u0131da \u00e7ok \u00fc\u015f\u00fcd\u00fc\u011f\u00fcn\u00fc ve maddi anlamda kazan\u00e7 sa\u011flay\u0131p ya\u015famak ad\u0131na tezgah\u0131ndan hi\u00e7 ayr\u0131lmad\u0131\u011f\u0131n\u0131 kaydetti.<\/span><\/span><\/p>\n<p><span style=\"font-size:16px;\"><span style=\"font-family: sans-serif, Arial, Verdana, 'Trebuchet MS'; line-height: 1.6em;\">Boyac\u0131 ustas\u0131 Halil Ta\u015f sakatl\u0131k maa\u015f\u0131n\u0131 \u00fc\u00e7 ayda bir c\u00fczi bir miktar ald\u0131\u011f\u0131n\u0131\u00a0 ve bu maa\u015f\u0131n yetmedi\u011finden bu i\u015fe mecbur kald\u0131\u011f\u0131n\u0131 belirtti.<\/span><\/span><\/p>\n<p>\u00a0<\/p>\n<p><span style=\"font-size:16px;\">\u201cC\u00dcZ\u0130 M\u0130KTARDA VER\u0130LEN SAKATLIK MAA\u015eINI \u00dc\u00c7 AYDA B\u0130R DE\u011e\u0130L DE AYDA B\u0130R VER\u0130LMES\u0130N\u0130 \u0130ST\u0130YORUM\u201d<\/span><\/p>\n<p>\u00a0<\/p>\n<p><span style=\"font-size:16px;\">B\u00fcy\u00fck\u015fehir belediyenin \u00f6n\u00fcnde ge\u00e7imini sa\u011flamak ad\u0131na ayakkab\u0131 boyac\u0131l\u0131\u011f\u0131 yapan Halil Ta\u015f: \u201cAslen Hatayl\u0131y\u0131m, 40 y\u0131ld\u0131r Mersinde ya\u015f\u0131yorum. Ben ve han\u0131m\u0131m tek ba\u015f\u0131m\u0131za ya\u015f\u0131yoruz. \u00c7ocuklar evlendi. Art\u0131k ya\u015fam m\u00fccadelesi vermek i\u00e7in \u00e7al\u0131\u015fmak zorunday\u0131m. Aya\u011f\u0131m kesik halde ayr\u0131ca 3 ayda bir maa\u015f al\u0131yorum. Maa\u015f da c\u00fczi bir miktar ve yetmiyor. E\u015fimde ayn\u0131 benim gibi o da sakat halde. Belediyenin \u00f6n\u00fcnde bana yer vermeleri bile mucize. \u0130lk zamanlar beni b\u0131rakmad\u0131lar burada tezgah\u0131m\u0131 a\u00e7ay\u0131m. Sonra dedim ki nereye gidebilirim ve bana izin verdiler ge\u00e7imimi sa\u011fl\u0131yorum. Ayr\u0131ca art\u0131k \u00e7ok yoruldum. Benim ve e\u015fimin sakatl\u0131k maa\u015f\u0131 \u00fc\u00e7 ayda bir de\u011fil de ayda bir verilmesini istiyorum. Devletimiz bize yard\u0131mc\u0131 olaca\u011f\u0131n\u0131 biliyorum\u201d ifadeleri kulland\u0131.<\/span><\/p>\n<p>\u00a0<\/p>\n<p><span style=\"font-size:16px;\">\u201c\u0130\u015eLER\u0130N OLMAMASI BU MESLEKTEN BEN\u0130 DE SO\u011eUKTU\u201d<\/span><\/p>\n<p>\u00a0<\/p>\n<p><span style=\"font-size:16px;\">Ta\u015f, boyac\u0131l\u0131kta para kazanamad\u0131\u011f\u0131n\u0131 art\u0131k eskisi gibi i\u015flerinde olmad\u0131\u011f\u0131n\u0131 belirtti. Yaz aylar\u0131 gelince spor ayakkab\u0131lar\u0131n giyilmesi takdirde i\u015fler giderek d\u00fc\u015ft\u00fc\u011f\u00fcn\u00fc dile getiren Ta\u015f: \u201c \u0130\u015fler eskisi gibi de\u011fil. Gen\u00e7ler hep spor tarz\u0131 tak\u0131ld\u0131klar\u0131 i\u00e7in boyac\u0131l\u0131kta i\u015f d\u00fc\u015f\u00fcyor. Genelde orta ya\u015fl\u0131 kesimlerin ayakkab\u0131lar\u0131n\u0131 boyuyorum. O da k\u0131\u015f\u0131n oluyor. Yaz\u0131n spor ve sandalet giymeleri i\u015flerimizi d\u00fc\u015f\u00fcrmekte. \u0130\u015flerin olmamas\u0131 bu meslekten beni de so\u011fuktu.\u201d \u015feklinde konu\u015ftu.<\/span><\/p>\n<div>\n<div aria-label=\"Geni\u015fletilen i\u00e7eri\u011fi gizleyin\" data-tooltip=\"Geni\u015fletilen i\u00e7eri\u011fi gizleyin\" id=\":16w\" role=\"button\" style=\"clear:both;\" tabindex=\"0\"><span style=\"font-size:16px;\"><img src=\"https:\/\/ssl.gstatic.com\/ui\/v1\/icons\/mail\/images\/cleardot.gif\" style=\"height:8px;width:20px;\" \/><\/span><\/div>\n<\/div>\n<div>\n<p><span style=\"font-size:16px;\"><span style=\"font-family: sans-serif, Arial, Verdana, 'Trebuchet MS'; line-height: 1.6em;\">\u201cSADECE KEND\u0130ME G\u00dcVEND\u0130M\u201d<\/span><\/span><\/p>\n<p>\u00a0<\/p>\n<p><span style=\"font-size:16px;\">Ba\u015fka i\u015f yapamad\u0131\u011f\u0131n\u0131 art\u0131k\u00a0 boyac\u0131l\u0131\u011f\u0131 kendine meslek olarak g\u00f6ren Ta\u015f: \u201cArt\u0131k kendime boyac\u0131l\u0131\u011f\u0131n\u0131 meslek olarak g\u00f6rd\u00fcm. \u00c7\u00fcnk\u00fc bu halimle ba\u015fka i\u015f yapamam. Bir\u00e7ok yere ba\u015fvurdum ama al\u0131nmad\u0131m. Yani bu mesle\u011fi oturarak yapt\u0131\u011f\u0131m i\u00e7in bana zor gelmiyor. Tabi art\u0131k ya\u015fland\u0131m diyebiliriz. Sonu\u00e7 olarak bu mesle\u011fi yapmak zorunday\u0131m \u00e7\u00fcnk\u00fc kendime bunu kabul ettirdim. Aya\u011f\u0131m\u0131n sakat olmas\u0131 beni hi\u00e7 y\u0131ld\u0131rmad\u0131. Sadece kendime g\u00fcvendim. \u00c7ocuklar\u0131m\u0131 bu mesle\u011fi yaprak b\u00fcy\u00fctt\u00fcm. Hepsini evlendirdim. Allahtan ba\u015fka ne isteyebilirim ki. Art\u0131k ya\u015fland\u0131m devlet bana destekte bulunmas\u0131n\u0131 istiyorum.\u201d \u015feklinde son c\u00fcmlelerini tamamlad\u0131.<\/span><\/p>\n<\/div>\n<\/div>\n<\/blockquote>\n","protected":false},"excerpt":{"rendered":"<p>Sakat haliyle Mersin B\u00fcy\u00fck\u015fehir Belediyesi \u00f6n\u00fcnde ayakkab\u0131 boyac\u0131l\u0131\u011f\u0131 yapan Halil Ta\u015f ge\u00e7imini sa\u011flamak ad\u0131na m\u00fccadele veriyor. Mersin B\u00fcy\u00fck\u015fehir Belediyesi \u00f6n\u00fcnde ayakkab\u0131 boyac\u0131l\u0131\u011f\u0131n\u0131 yaparak boyac\u0131l\u0131\u011f\u0131 meslek haline getiren Halil Ta\u015f adl\u0131 &hellip; <a href=\"https:\/\/akdenizolaygazetesi.com\/?p=1520\" class=\"more-link\">Devam\u0131n\u0131 Oku&#8230;<\/a><\/p>\n","protected":false},"author":1,"featured_media":0,"comment_status":"open","ping_status":"open","sticky":false,"template":"","format":"standard","meta":[],"categories":[],"tags":[],"_links":{"self":[{"href":"https:\/\/akdenizolaygazetesi.com\/index.php?rest_route=\/wp\/v2\/posts\/1520"}],"collection":[{"href":"https:\/\/akdenizolaygazetesi.com\/index.php?rest_route=\/wp\/v2\/posts"}],"about":[{"href":"https:\/\/akdenizolaygazetesi.com\/index.php?rest_route=\/wp\/v2\/types\/post"}],"author":[{"embeddable":true,"href":"https:\/\/akdenizolaygazetesi.com\/index.php?rest_route=\/wp\/v2\/users\/1"}],"replies":[{"embeddable":true,"href":"https:\/\/akdenizolaygazetesi.com\/index.php?rest_route=%2Fwp%2Fv2%2Fcomments&post=1520"}],"version-history":[{"count":0,"href":"https:\/\/akdenizolaygazetesi.com\/index.php?rest_route=\/wp\/v2\/posts\/1520\/revisions"}],"wp:attachment":[{"href":"https:\/\/akdenizolaygazetesi.com\/index.php?rest_route=%2Fwp%2Fv2%2Fmedia&parent=1520"}],"wp:term":[{"taxonomy":"category","embeddable":true,"href":"https:\/\/akdenizolaygazetesi.com\/index.php?rest_route=%2Fwp%2Fv2%2Fcategories&post=1520"},{"taxonomy":"post_tag","embeddable":true,"href":"https:\/\/akdenizolaygazetesi.com\/index.php?rest_route=%2Fwp%2Fv2%2Ftags&post=1520"}],"curies":[{"name":"wp","href":"https:\/\/api.w.org\/{rel}","templated":true}]}}