{"id":15201,"date":"2021-11-12T12:41:40","date_gmt":"2021-11-12T09:41:40","guid":{"rendered":"http:\/\/akdenizolaygazetesi.com\/?p=15201"},"modified":"2021-11-12T12:41:40","modified_gmt":"2021-11-12T09:41:40","slug":"mersin-buyuksehirin-evimiz-atolye-projesi-simdi-de-erdemlide","status":"publish","type":"post","link":"https:\/\/akdenizolaygazetesi.com\/?p=15201","title":{"rendered":"MERS\u0130N B\u00dcY\u00dcK\u015eEH\u0130R\u2019\u0130N \u201cEV\u0130M\u0130Z AT\u00d6LYE\u201d PROJES\u0130 \u015e\u0130MD\u0130 DE ERDEML\u0130\u2019DE"},"content":{"rendered":"<p>Mersin B\u00fcy\u00fck\u015fehir Belediyesi Kad\u0131n ve Aile Hizmetleri Dairesi G\u00f6n\u00fcll\u00fcler \u015eube M\u00fcd\u00fcrl\u00fc\u011f\u00fc\u2019n\u00fcn koordinesinde y\u00fcr\u00fct\u00fclen ve Mersinden Kad\u0131n Kooperatifi\u2019nin payda\u015f\u0131 oldu\u011fu \u201cEvimiz At\u00f6lye\u201d projesi, Erdemli il\u00e7esinin T\u00f6m\u00fck Mahallesi\u2019nde devam etti. T\u00f6m\u00fck\u2019te 5 haftal\u0131k e\u011fitim alan 70 kad\u0131n, \u201cElde Var Yetenek, Evde Var Ekmek\u201d slogan\u0131yla y\u00fcr\u00fct\u00fclen proje kapsam\u0131nda \u00e7oraptan oyuncak \u00fcretimine ba\u015flad\u0131.<br \/>\nMeral Se\u00e7er, kad\u0131nlarla bulu\u015fup fikirlerini dinledi<br \/>\nToroslar il\u00e7esinin Mevlana ve Akdeniz il\u00e7esinin Turgutreis Mahallelerinde ba\u015flayan proje, ilerleyen s\u00fcre\u00e7te Tarsus il\u00e7esine ba\u011fl\u0131 Ye\u015fil Mahalle\u2019de devam etti. Projenin 4\u2019\u00fcnc\u00fc mahallesi ise Erdemli il\u00e7esi T\u00f6m\u00fck Mahallesi oldu. Mersin B\u00fcy\u00fck\u015fehir Belediyesi\u2019nin \u0130lk G\u00f6n\u00fcll\u00fcs\u00fc ve Mersinden Kad\u0131n Kooperatifi Ba\u015fkan\u0131 Meral Se\u00e7er de T\u00f6m\u00fck\u2019te e\u011fitimin ard\u0131ndan \u00fcretim s\u00fcrecine ge\u00e7en kad\u0131nlarla eski T\u00f6m\u00fck Belediye Binas\u0131\u2019n\u0131n bah\u00e7esinde bir araya geldi. Meral Se\u00e7er, projeyle ilgili d\u00fc\u015f\u00fcncelerini sordu\u011fu kad\u0131nlar\u0131n yeni proje fikirlerini de dinledi.<br \/>\n\u201c\u00d6nemli olan kad\u0131nlar\u0131m\u0131z\u0131n evdeki gizli i\u015f g\u00fcc\u00fcn\u00fcn ekonomik de\u011fere d\u00f6n\u00fc\u015fmesi\u201d<br \/>\nMeral Se\u00e7er, Evimiz At\u00f6lye projesini \u00e7ok \u00f6nemsediklerini vurgulayarak, \u201cKad\u0131nlar\u0131m\u0131z\u0131n birlikte olma k\u00fclt\u00fcr\u00fcn\u00fcn daha artmas\u0131, birlikte fikir al\u0131\u015fveri\u015finde bulunabilmesi ve emeklerinin katma de\u011ferli bir hale gelmesi, ekonomik de\u011fere d\u00f6n\u00fc\u015fmesi a\u00e7\u0131s\u0131ndan bu proje \u00e7ok \u00f6nemli. Mersin B\u00fcy\u00fck\u015fehir Belediyesi\u2019nin ihtiya\u00e7lar\u0131 do\u011frultusunda evdeki kad\u0131nlar\u0131m\u0131z\u0131n bunlar\u0131 \u00fcretmesi, bu ihtiya\u00e7lar\u0131n bir k\u0131sm\u0131n\u0131n kad\u0131nlar taraf\u0131ndan \u00fcretilerek kar\u015f\u0131lanmas\u0131 \u00e7ok \u00f6nemli. Kad\u0131nlar kendilerine bir ek gelir elde etmekle birlikte, sosyalle\u015ferek kendilerini daha iyi hissetmekte ve daha iyi ifade edebilmekte. \u00c7ok memnuniyet verici bir durum\u201d dedi.<br \/>\nMersinden Kad\u0131n Kooperatifi olarak g\u00f6n\u00fcll\u00fc e\u011fiticilerle destek verdikleri projeye her t\u00fcrl\u00fc katk\u0131y\u0131 sunmaya devam edeceklerini belirten Meral Se\u00e7er, \u201cBug\u00fcn burada \u00e7oraptan oyuncak yap\u0131m\u0131 vard\u0131. Bu, \u00e7oraptan oyuncak d\u0131\u015f\u0131nda da faaliyetlerle devam edecek. \u00d6nemli olan kad\u0131nlar\u0131m\u0131z\u0131n evdeki gizli i\u015f g\u00fcc\u00fcn\u00fcn ekonomik de\u011fere d\u00f6n\u00fc\u015fmesi ve onlar\u0131n sosyalle\u015fmesi, kendilerini daha iyi hissetmesi\u201d diye konu\u015ftu.<br \/>\n\u201cKad\u0131nlar\u0131m\u0131z sosyalle\u015fiyor olmaktan inan\u0131lmaz mutlular\u201d<br \/>\nB\u00fcy\u00fck\u015fehir Belediyesi Kad\u0131n ve Aile Hizmetleri Dairesi Ba\u015fkan\u0131 \u015eerife Haso\u011flu Dokucu, projenin h\u0131zla ilerledi\u011fini ve g\u00f6n\u00fcll\u00fc say\u0131lar\u0131n\u0131n da her ge\u00e7en g\u00fcn artt\u0131\u011f\u0131n\u0131 vurgulayarak, \u201c\u201820-30 kursiyer bulal\u0131m, onlara da ekonomik bir kazan\u00e7 yaratmaya \u00e7al\u0131\u015fal\u0131m\u2019 derken g\u00f6rd\u00fc\u011f\u00fcn\u00fcz gibi 100\u2019leri bulabilen rakamlara ula\u015ft\u0131k. Kad\u0131nlar\u0131m\u0131z bu tip sosyal faaliyetlere \u00e7ok a\u00e7. Sosyalle\u015fiyor olmaktan inan\u0131lmaz mutlular. Demek ki onlar\u0131n sosyalle\u015fmesi i\u00e7in daha farkl\u0131 organizasyonlar da yapmam\u0131z gerekiyor\u201d dedi.<br \/>\n\u201cProje \u00e7ok b\u00fcy\u00fck a\u015famalar kaydetti\u201d<br \/>\nB\u00fcy\u00fck\u015fehir Belediyesi G\u00f6n\u00fcll\u00fcler \u015eubesi Koordinat\u00f6r\u00fc Melike Dursun ise projenin her ge\u00e7en g\u00fcn amac\u0131na daha fazla ula\u015ft\u0131\u011f\u0131n\u0131 belirterek, \u201cKad\u0131nlar\u0131m\u0131z evden \u00e7\u0131km\u0131\u015f durumda. Sosyalle\u015fiyorlar. Hem evde kalm\u0131\u015f i\u015f g\u00fcc\u00fc ortaya \u00e7\u0131k\u0131yor hem kad\u0131nlar\u0131m\u0131z sosyalle\u015fiyor hem k\u00fc\u00e7\u00fck de olsa ekonomilerine bir katk\u0131da bulunuyoruz. O da bizi mutlu ediyor. Proje \u00e7ok b\u00fcy\u00fck a\u015famalar kaydetti. B\u00fct\u00fcn kad\u0131nlar\u0131n y\u00fczleri g\u00fcl\u00fcyor\u201d diye konu\u015ftu.<br \/>\n\u201c\u015eu anda T\u00f6m\u00fck\u2019te 4 farkl\u0131 \u00fcr\u00fcn \u00e7\u0131kartt\u0131k\u201d<br \/>\nProjede g\u00f6revli e\u011fiticilerden Ay\u015fe Ba\u015far da T\u00f6m\u00fck\u2019te kad\u0131nlarla 5 haftal\u0131k bir e\u011fitim s\u00fcreci payla\u015ft\u0131klar\u0131n\u0131 vurgulayarak, \u201c\u00c7orab\u0131 keserek, onlara \u015fekil vererek oyuncaklar \u00e7\u0131kartmaya ba\u015flad\u0131k. \u00c7ocuklar\u0131n ho\u015funa gitti. Onlar sevindik\u00e7e biz sevindik. Projemiz b\u00f6yle ba\u015flad\u0131. \u0130lk ba\u015fta bunun \u00e7oraptan oldu\u011funa inanamad\u0131lar. \u015eu anda T\u00f6m\u00fck\u2019te 4 farkl\u0131 \u00fcr\u00fcn \u00e7\u0131kartt\u0131k. Kimse \u00e7oraptan oldu\u011funa inanam\u0131yor\u201d dedi.<br \/>\n\u201cBu \u00e7ok b\u00fcy\u00fck bir proje\u201d<br \/>\nErdemli\u2019nin Arslanl\u0131 Mahallesi\u2019nden Z\u00fclal Peri Arslan, proje sayesinde sosyalle\u015fme imkan\u0131 bulduklar\u0131n\u0131 vurgulayarak, \u201cEvden \u00e7\u0131km\u0131\u015f olduk. Bizim i\u00e7in g\u00fczel bir etkinlik oldu. Ben torunumla kat\u0131l\u0131yorum. G\u00fczel \u015feyler \u00f6\u011frendik. Mesela ben y\u0131llarca kurslara gittim. Ama \u00f6\u011frendiklerimi, yapt\u0131klar\u0131m\u0131 elimden \u00e7\u0131kartabilmek bir \u015feyler yapabilmeme ba\u011fl\u0131yd\u0131. Bir\u00e7o\u011fu arkada\u015flar\u0131m\u0131z\u0131n elinde de kald\u0131. Burada en az\u0131ndan bir \u015feyler \u00f6\u011freniyoruz. Yap\u0131yoruz ve onu bizden al\u0131yorlar. Bu \u00e7ok b\u00fcy\u00fck bir proje. Vahap Ba\u015fkan\u0131m\u0131z ve Meral Han\u0131m sayesinde bu projenin g\u00fcndeme gelmesi ve ortaya \u00e7\u0131kmas\u0131 \u00e7ok g\u00fczel. Biz \u00e7ok e\u011fleniyoruz. Hem yeni arkada\u015flar ediniyoruz hem de g\u00fczel \u015feyler \u00fcretmi\u015f oluyoruz\u201d diye konu\u015ftu.<br \/>\n\u201cHem ruhen hem bedenen hem de maddi a\u00e7\u0131dan \u00e7ok mutluyuz\u201d<br \/>\nProjeye Tece Mahallesi\u2019nden kat\u0131lan Fadile Telli, \u201cBurada hem ruhen hem bedenen hem \u00e7evre olarak hem de maddi a\u00e7\u0131dan \u00e7ok mutluyuz. Elimize birka\u00e7 kuru\u015f bir \u015feyler ge\u00e7iyor, para al\u0131yoruz. Bunun i\u00e7in \u00e7ok mutluyuz\u201d derken, projeye Elvanl\u0131 Mahallesi\u2019nden kat\u0131lan Fatma Akdo\u011fan ise \u201cEve gitti\u011fimde \u00e7ocu\u011fum o kadar g\u00fczel tepki verince bunun kazanc\u0131 en son d\u00fc\u015f\u00fcnd\u00fc\u011f\u00fcm \u015fey oldu. Burada sosyalle\u015ftik, bir\u00e7ok arkada\u015f tan\u0131d\u0131k ve bu oyuncaklar ba\u015fka \u00e7ocuklara da gidecek. Benim \u00e7ocu\u011fum nas\u0131l tepki verdiyse o \u00e7ocuklar da b\u00f6yle sevinecek\u201d ifadelerine yer verdi.<\/p>\n","protected":false},"excerpt":{"rendered":"<p>Mersin B\u00fcy\u00fck\u015fehir Belediyesi Kad\u0131n ve Aile Hizmetleri Dairesi G\u00f6n\u00fcll\u00fcler \u015eube M\u00fcd\u00fcrl\u00fc\u011f\u00fc\u2019n\u00fcn koordinesinde y\u00fcr\u00fct\u00fclen ve Mersinden Kad\u0131n Kooperatifi\u2019nin payda\u015f\u0131 oldu\u011fu \u201cEvimiz At\u00f6lye\u201d projesi, Erdemli il\u00e7esinin T\u00f6m\u00fck Mahallesi\u2019nde devam etti. T\u00f6m\u00fck\u2019te 5 &hellip; <a href=\"https:\/\/akdenizolaygazetesi.com\/?p=15201\" class=\"more-link\">Devam\u0131n\u0131 Oku&#8230;<\/a><\/p>\n","protected":false},"author":2,"featured_media":15202,"comment_status":"open","ping_status":"open","sticky":false,"template":"","format":"standard","meta":[],"categories":[8,3,5],"tags":[],"_links":{"self":[{"href":"https:\/\/akdenizolaygazetesi.com\/index.php?rest_route=\/wp\/v2\/posts\/15201"}],"collection":[{"href":"https:\/\/akdenizolaygazetesi.com\/index.php?rest_route=\/wp\/v2\/posts"}],"about":[{"href":"https:\/\/akdenizolaygazetesi.com\/index.php?rest_route=\/wp\/v2\/types\/post"}],"author":[{"embeddable":true,"href":"https:\/\/akdenizolaygazetesi.com\/index.php?rest_route=\/wp\/v2\/users\/2"}],"replies":[{"embeddable":true,"href":"https:\/\/akdenizolaygazetesi.com\/index.php?rest_route=%2Fwp%2Fv2%2Fcomments&post=15201"}],"version-history":[{"count":1,"href":"https:\/\/akdenizolaygazetesi.com\/index.php?rest_route=\/wp\/v2\/posts\/15201\/revisions"}],"predecessor-version":[{"id":15203,"href":"https:\/\/akdenizolaygazetesi.com\/index.php?rest_route=\/wp\/v2\/posts\/15201\/revisions\/15203"}],"wp:featuredmedia":[{"embeddable":true,"href":"https:\/\/akdenizolaygazetesi.com\/index.php?rest_route=\/wp\/v2\/media\/15202"}],"wp:attachment":[{"href":"https:\/\/akdenizolaygazetesi.com\/index.php?rest_route=%2Fwp%2Fv2%2Fmedia&parent=15201"}],"wp:term":[{"taxonomy":"category","embeddable":true,"href":"https:\/\/akdenizolaygazetesi.com\/index.php?rest_route=%2Fwp%2Fv2%2Fcategories&post=15201"},{"taxonomy":"post_tag","embeddable":true,"href":"https:\/\/akdenizolaygazetesi.com\/index.php?rest_route=%2Fwp%2Fv2%2Ftags&post=15201"}],"curies":[{"name":"wp","href":"https:\/\/api.w.org\/{rel}","templated":true}]}}