{"id":15207,"date":"2021-11-13T19:08:52","date_gmt":"2021-11-13T16:08:52","guid":{"rendered":"http:\/\/akdenizolaygazetesi.com\/?p=15207"},"modified":"2021-11-13T19:08:52","modified_gmt":"2021-11-13T16:08:52","slug":"emekli-evi-uyeleri-konserler-verecek","status":"publish","type":"post","link":"https:\/\/akdenizolaygazetesi.com\/?p=15207","title":{"rendered":"Emekli Evi \u00fcyeleri konserler verecek"},"content":{"rendered":"<p>Mersin B\u00fcy\u00fck\u015fehir Belediyesi Sosyal Hizmetler Dairesi\u2019ne ba\u011fl\u0131 faaliyet g\u00f6steren Mersin Merkez Emekli Evi\u2019nde sanatsal etkinlikler devam ediyor. Emeklilerin g\u00fczel vakit ge\u00e7irmek ve sosyalle\u015fmek amac\u0131yla geldikleri ve ikinci evleri olarak g\u00f6rd\u00fckleri Emekli Evi\u2019nde \u00fcyelerin kat\u0131l\u0131m\u0131yla T\u00fcrk Sanat M\u00fczi\u011fi Korosu kuruldu. Ya\u015f alm\u0131\u015f vatanda\u015flar\u0131n zamanlar\u0131n\u0131 \u00fcreterek ve e\u011flenerek ge\u00e7irmesi i\u00e7in olu\u015fturulan koroya ilgi yo\u011fun oldu.<\/p>\n<p>Emekli Evi \u00fcyeleri konserler verecek<\/p>\n<p>K\u00fclt\u00fcr ve Sosyal \u0130\u015fler Dairesi\u2019ne ba\u011fl\u0131 B\u00fcy\u00fck\u015fehir Belediyesi Konservatuvar\u0131 sanat\u00e7\u0131lar\u0131n\u0131n y\u00fcr\u00fctt\u00fc\u011f\u00fc koro \u00e7al\u0131\u015fmalar\u0131na 67 \u00fcye kat\u0131ld\u0131. Her \u00e7ar\u015famba g\u00fcn\u00fc yap\u0131lan koro \u00e7al\u0131\u015fmalar\u0131na T\u00fcrk Sanat M\u00fczi\u011fi sanat\u00e7\u0131s\u0131 Zeynep \u00d6zel \u015feflik yaparken, saz ekibi de \u00e7al\u0131\u015fmalara e\u015flik ediyor. \u00c7al\u0131\u015fmalara b\u00fcy\u00fck bir hevesle ba\u015flayan \u00fcyeler, k\u0131\u015f ve bahar aylar\u0131nda birer konser verecek.<\/p>\n<p>\u201cTSM eserlerinden olu\u015fan repertuvar\u0131m\u0131zla \u00e7al\u0131\u015fmalar yap\u0131yoruz\u201d<\/p>\n<p>B\u00fcy\u00fck\u015fehir Belediyesi Konservatuvar\u0131 T\u00fcrk Sanat M\u00fczi\u011fi sanat\u00e7\u0131s\u0131 Zeynep \u00d6zel, belirledikleri eserlerle koro \u00e7al\u0131\u015fmalar\u0131na ba\u015flad\u0131klar\u0131n\u0131 ifade ederek, \u201c\u00c7ar\u015famba g\u00fcnleri belediyemize ba\u011fl\u0131 Emekli Evi\u2019nde \u00fcyelerimizle T\u00fcrk Sanat M\u00fczi\u011fi eserlerinden olu\u015fan repertuvar\u0131m\u0131zla \u00e7al\u0131\u015fmalar yap\u0131yoruz. Konserimiz olacak. \u015eu an tarihi net de\u011fil, bunun i\u00e7in saz arkada\u015flar\u0131m\u0131z ve koristlerimizle birlikte \u00e7al\u0131\u015fmalar yap\u0131yoruz\u201d dedi.<\/p>\n<p>\u201cHem stres at\u0131yoruz hem T\u00fcrk Sanat M\u00fczi\u011fi eserlerini me\u015fk ediyoruz\u201d<\/p>\n<p>Koro \u00e7al\u0131\u015fmalar\u0131ndan \u00e7ok memnun oldu\u011funu s\u00f6yleyen Emekli Evi \u00fcyesi Vefi K\u00f6sel, eme\u011fi ge\u00e7en herkese te\u015fekk\u00fcr ederek, \u201cBizim i\u00e7in g\u00fczel bir etkinlik olaca\u011f\u0131n\u0131 d\u00fc\u015f\u00fcn\u00fcyorum. Buraya zevkle geliyoruz. Hem stres at\u0131yoruz hem Zeynep Hocam\u0131z\u0131n \u00f6nderli\u011finde T\u00fcrk Sanat M\u00fczi\u011fi eserlerini me\u015fk ediyoruz. Gayet g\u00fczel bir ortamda \u00e7al\u0131\u015f\u0131yoruz. \u00c7al\u0131\u015fmalar\u0131n sonucunda iki konser verilecek. Dolay\u0131s\u0131yla bu \u00e7al\u0131\u015fmalar konser i\u00e7in bir \u00f6n haz\u0131rl\u0131k oluyor. Bir k\u0131\u015f, bir bahar d\u00f6nemi d\u00fc\u015f\u00fcn\u00fcl\u00fcyor\u201d diye konu\u015ftu.<\/p>\n<p>\u201cM\u00fczik, k\u00fclt\u00fcr ve sanata \u2018evet\u2019 diyorum\u201d<\/p>\n<p>\u00dcyelerden emekli \u00f6\u011fretmen Sevgi Alkan ise daha \u00f6nce de koro \u00e7al\u0131\u015fmalar\u0131na kat\u0131ld\u0131\u011f\u0131n\u0131 ifade ederek, \u201cM\u00fczi\u011fi seviyorum, T\u00fcrk Sanat M\u00fczi\u011fini seviyorum. Daha \u00f6nce de 10 y\u0131l Mersin T\u00fcrk Sanat M\u00fczi\u011fi Derne\u011fi\u2019nde \u00fcyeydim. G\u00fczel \u00e7al\u0131\u015fmalar\u0131m\u0131z oldu. M\u00fczik, k\u00fclt\u00fcr ve sanata \u2018evet\u2019 diyorum\u201d ifadelerini kulland\u0131.<\/p>\n","protected":false},"excerpt":{"rendered":"<p>Mersin B\u00fcy\u00fck\u015fehir Belediyesi Sosyal Hizmetler Dairesi\u2019ne ba\u011fl\u0131 faaliyet g\u00f6steren Mersin Merkez Emekli Evi\u2019nde sanatsal etkinlikler devam ediyor. Emeklilerin g\u00fczel vakit ge\u00e7irmek ve sosyalle\u015fmek amac\u0131yla geldikleri ve ikinci evleri olarak g\u00f6rd\u00fckleri &hellip; <a href=\"https:\/\/akdenizolaygazetesi.com\/?p=15207\" class=\"more-link\">Devam\u0131n\u0131 Oku&#8230;<\/a><\/p>\n","protected":false},"author":2,"featured_media":15208,"comment_status":"open","ping_status":"open","sticky":false,"template":"","format":"standard","meta":[],"categories":[2,3,5],"tags":[],"_links":{"self":[{"href":"https:\/\/akdenizolaygazetesi.com\/index.php?rest_route=\/wp\/v2\/posts\/15207"}],"collection":[{"href":"https:\/\/akdenizolaygazetesi.com\/index.php?rest_route=\/wp\/v2\/posts"}],"about":[{"href":"https:\/\/akdenizolaygazetesi.com\/index.php?rest_route=\/wp\/v2\/types\/post"}],"author":[{"embeddable":true,"href":"https:\/\/akdenizolaygazetesi.com\/index.php?rest_route=\/wp\/v2\/users\/2"}],"replies":[{"embeddable":true,"href":"https:\/\/akdenizolaygazetesi.com\/index.php?rest_route=%2Fwp%2Fv2%2Fcomments&post=15207"}],"version-history":[{"count":1,"href":"https:\/\/akdenizolaygazetesi.com\/index.php?rest_route=\/wp\/v2\/posts\/15207\/revisions"}],"predecessor-version":[{"id":15209,"href":"https:\/\/akdenizolaygazetesi.com\/index.php?rest_route=\/wp\/v2\/posts\/15207\/revisions\/15209"}],"wp:featuredmedia":[{"embeddable":true,"href":"https:\/\/akdenizolaygazetesi.com\/index.php?rest_route=\/wp\/v2\/media\/15208"}],"wp:attachment":[{"href":"https:\/\/akdenizolaygazetesi.com\/index.php?rest_route=%2Fwp%2Fv2%2Fmedia&parent=15207"}],"wp:term":[{"taxonomy":"category","embeddable":true,"href":"https:\/\/akdenizolaygazetesi.com\/index.php?rest_route=%2Fwp%2Fv2%2Fcategories&post=15207"},{"taxonomy":"post_tag","embeddable":true,"href":"https:\/\/akdenizolaygazetesi.com\/index.php?rest_route=%2Fwp%2Fv2%2Ftags&post=15207"}],"curies":[{"name":"wp","href":"https:\/\/api.w.org\/{rel}","templated":true}]}}