{"id":1521,"date":"2020-11-04T18:22:04","date_gmt":"2020-11-04T15:22:04","guid":{"rendered":"http:\/\/mersinekonomipolitikagazetesi.com\/?p=1521"},"modified":"2020-11-04T18:22:04","modified_gmt":"2020-11-04T15:22:04","slug":"mesbasda-yeni-donem-baslayacak","status":"publish","type":"post","link":"https:\/\/akdenizolaygazetesi.com\/?p=1521","title":{"rendered":"MESBA\u015e\u2019DA YEN\u0130 D\u00d6NEM BA\u015eLAYACAK"},"content":{"rendered":"<p>Mersin Serbest B\u00f6lgesi \u0130\u015fletici A.\u015e.\u2019nin -MESBA\u015e- ola\u011fan genel kurul toplant\u0131s\u0131n\u0131n 30 Mart 2018 tarihinde saat 14.00\u2019de \u015firket binas\u0131nda yap\u0131laca\u011f\u0131 a\u00e7\u0131kland\u0131.<\/p>\n<p><span style=\"font-size:16px;\"><span style=\"color: rgb(80, 0, 80); font-family: arial, sans-serif; line-height: normal;\">Samsun Liman\u0131\u2019n\u0131 da i\u015fleten, Samsun Serbest B\u00f6lgesi\u2019nin de b\u00fcy\u00fck ortaklar\u0131 aras\u0131nda yer alan Mersin k\u00f6kenli Cey Grup, MESBA\u015e\u2019\u0131n hazineye ait y\u00fczde 21.2\u2019lik hazine hissesini 25.8 milyon TL\u2019ye sat\u0131n alm\u0131\u015ft\u0131.<\/span><br style=\"color: rgb(80, 0, 80); font-family: arial, sans-serif; font-size: 12.8px; line-height: normal;\" \/><br \/>\n<br style=\"color: rgb(80, 0, 80); font-family: arial, sans-serif; font-size: 12.8px; line-height: normal;\" \/><br \/>\n<span style=\"color: rgb(80, 0, 80); font-family: arial, sans-serif; line-height: normal;\">T\u00fcrkiye\u2019nin faaliyete ge\u00e7en ilk serbest b\u00f6lgesi Mersin Serbest B\u00f6lgesi\u2019nin i\u015fleticisi olan MESBA\u015e\u2019\u0131n hisseleri i\u00e7inde yer alan T\u00fcrkiye Denizcilik \u0130\u015fletmeleri A.\u015e.\u2019ye ait y\u00fczde 21,2\u2019lik kamu pay\u0131, \u00d6zelle\u015ftirme \u0130daresi Ba\u015fkanl\u0131\u011f\u0131\u2019nca Eyl\u00fcl 2017\u2019de sat\u0131\u015fa sunulmu\u015ftu.<\/span><br style=\"color: rgb(80, 0, 80); font-family: arial, sans-serif; font-size: 12.8px; line-height: normal;\" \/><br \/>\n<span style=\"color: rgb(80, 0, 80); font-family: arial, sans-serif; line-height: normal;\">\u0130haleye Cey Grubu Ortak Giri\u015fim Grubu, Menas-Mersin Zirai \u00dcr\u00fcnler \u0130\u015fleme \u0130hracat Sanayi ve Ticaret A.\u015e., Mersin Ortak Giri\u015fim Grubu, \u00c7aa\u015f Yat\u0131r\u0131m A.\u015e. ve Tayseb-Toros Adana Yumurtal\u0131k Serbest B\u00f6lge Kurucu ve \u0130\u015fleticisi A.\u015e. teklif vermi\u015fti.<\/span><br style=\"color: rgb(80, 0, 80); font-family: arial, sans-serif; font-size: 12.8px; line-height: normal;\" \/><br \/>\n<br style=\"color: rgb(80, 0, 80); font-family: arial, sans-serif; font-size: 12.8px; line-height: normal;\" \/><br \/>\n<span style=\"color: rgb(80, 0, 80); font-family: arial, sans-serif; line-height: normal;\">Ankara\u2019da yap\u0131lan ihalede en y\u00fcksek teklifi Ceynak Lojistik\u2019i b\u00fcnyesinde bulunduran Cey Grup Ortak Giri\u015fim Grubu vermi\u015fti. Cey Grup, 25,8 milyon liral\u0131k teklifle ihaleyi kazanm\u0131\u015f ve MESBA\u015e\u2019\u0131n hisselerinin y\u00fczde 21\u2019ine sahip olarak, MESBA\u015e\u2019ta b\u00fcy\u00fck ortak olmu\u015ftu.<\/span><br style=\"color: rgb(80, 0, 80); font-family: arial, sans-serif; font-size: 12.8px; line-height: normal;\" \/><br \/>\n<span style=\"color: rgb(80, 0, 80); font-family: arial, sans-serif; line-height: normal;\">MESBA\u015e\u2019a b\u00fcy\u00fck ortak olmalar\u0131n\u0131n ard\u0131ndan a\u00e7\u0131klama yapan Ceynak\u2019\u0131n Samsun Serbest B\u00f6lgesi\u2019nin de b\u00fcy\u00fck orta\u011f\u0131 oldu\u011funu hat\u0131rlatan Cey Grup Y\u00f6netim Kurulu Ba\u015fkan\u0131 Ali Avc\u0131: \u201cBuradaki tecr\u00fcbelerimizi, sinerjimizi katarak Mersin\u2019de payda\u015flara ve di\u011fer ortaklara daha verimli olacak bir i\u015fletme yarataca\u011f\u0131z. Bu hisselerin Mersin\u2019de kalmas\u0131 ise ayr\u0131ca \u00f6nemli. Yabanc\u0131lara gitmemesi sevindirici\u201d \u015feklinde konu\u015fmu\u015ftu.<\/span><br style=\"color: rgb(80, 0, 80); font-family: arial, sans-serif; font-size: 12.8px; line-height: normal;\" \/><br \/>\n<br style=\"color: rgb(80, 0, 80); font-family: arial, sans-serif; font-size: 12.8px; line-height: normal;\" \/><br \/>\n<span style=\"color: rgb(80, 0, 80); font-family: arial, sans-serif; line-height: normal;\">BA\u015eARILARA \u0130MZA ATIYOR<\/span><br style=\"color: rgb(80, 0, 80); font-family: arial, sans-serif; font-size: 12.8px; line-height: normal;\" \/><br \/>\n<br style=\"color: rgb(80, 0, 80); font-family: arial, sans-serif; font-size: 12.8px; line-height: normal;\" \/><br \/>\n<span style=\"color: rgb(80, 0, 80); font-family: arial, sans-serif; line-height: normal;\">T\u00fcrkiye&#8217;de 30 y\u0131l \u00f6nce faaliyete ge\u00e7erek, \u00fclkenin ilk serbest b\u00f6lgesi olan Mersin Serbest B\u00f6lgesi, kurulu\u015fundan bu g\u00fcne kadar ge\u00e7en s\u00fcre\u00e7te\u00a0 ticaret hacminde \u00f6nemli ba\u015far\u0131lara imza at\u0131yor.<\/span><br style=\"color: rgb(80, 0, 80); font-family: arial, sans-serif; font-size: 12.8px; line-height: normal;\" \/><br \/>\n<span style=\"color: rgb(80, 0, 80); font-family: arial, sans-serif; line-height: normal;\">Ger\u00e7ekle\u015ftirdi\u011fi i\u015flem hacmi ile T\u00fcrkiye&#8217;deki serbest b\u00f6lgeler i\u00e7inde Ege Serbest B\u00f6lgesi&#8217;nden sonra 2&#8217;inci s\u0131rada yer alan Mersin Serbest B\u00f6lgesi, sa\u011flad\u0131\u011f\u0131 8 bin 700 ki\u015filik do\u011frudan, 9 bin dolayl\u0131 istihdamla da Ege ve Bursa serbest b\u00f6lgelerinin ard\u0131ndan 3. s\u0131rada yer al\u0131yor.<\/span><\/span><br style=\"color: rgb(80, 0, 80); font-family: arial, sans-serif; font-size: 12.8px; line-height: normal;\" \/><br \/>\n\u00a0<\/p>\n","protected":false},"excerpt":{"rendered":"<p>Mersin Serbest B\u00f6lgesi \u0130\u015fletici A.\u015e.\u2019nin -MESBA\u015e- ola\u011fan genel kurul toplant\u0131s\u0131n\u0131n 30 Mart 2018 tarihinde saat 14.00\u2019de \u015firket binas\u0131nda yap\u0131laca\u011f\u0131 a\u00e7\u0131kland\u0131. Samsun Liman\u0131\u2019n\u0131 da i\u015fleten, Samsun Serbest B\u00f6lgesi\u2019nin de b\u00fcy\u00fck ortaklar\u0131 &hellip; <a href=\"https:\/\/akdenizolaygazetesi.com\/?p=1521\" class=\"more-link\">Devam\u0131n\u0131 Oku&#8230;<\/a><\/p>\n","protected":false},"author":1,"featured_media":0,"comment_status":"open","ping_status":"open","sticky":false,"template":"","format":"standard","meta":[],"categories":[],"tags":[],"_links":{"self":[{"href":"https:\/\/akdenizolaygazetesi.com\/index.php?rest_route=\/wp\/v2\/posts\/1521"}],"collection":[{"href":"https:\/\/akdenizolaygazetesi.com\/index.php?rest_route=\/wp\/v2\/posts"}],"about":[{"href":"https:\/\/akdenizolaygazetesi.com\/index.php?rest_route=\/wp\/v2\/types\/post"}],"author":[{"embeddable":true,"href":"https:\/\/akdenizolaygazetesi.com\/index.php?rest_route=\/wp\/v2\/users\/1"}],"replies":[{"embeddable":true,"href":"https:\/\/akdenizolaygazetesi.com\/index.php?rest_route=%2Fwp%2Fv2%2Fcomments&post=1521"}],"version-history":[{"count":0,"href":"https:\/\/akdenizolaygazetesi.com\/index.php?rest_route=\/wp\/v2\/posts\/1521\/revisions"}],"wp:attachment":[{"href":"https:\/\/akdenizolaygazetesi.com\/index.php?rest_route=%2Fwp%2Fv2%2Fmedia&parent=1521"}],"wp:term":[{"taxonomy":"category","embeddable":true,"href":"https:\/\/akdenizolaygazetesi.com\/index.php?rest_route=%2Fwp%2Fv2%2Fcategories&post=1521"},{"taxonomy":"post_tag","embeddable":true,"href":"https:\/\/akdenizolaygazetesi.com\/index.php?rest_route=%2Fwp%2Fv2%2Ftags&post=1521"}],"curies":[{"name":"wp","href":"https:\/\/api.w.org\/{rel}","templated":true}]}}