{"id":15210,"date":"2021-11-13T19:10:25","date_gmt":"2021-11-13T16:10:25","guid":{"rendered":"http:\/\/akdenizolaygazetesi.com\/?p=15210"},"modified":"2021-11-13T19:10:25","modified_gmt":"2021-11-13T16:10:25","slug":"15210","status":"publish","type":"post","link":"https:\/\/akdenizolaygazetesi.com\/?p=15210","title":{"rendered":""},"content":{"rendered":"<p>Mersin B\u00fcy\u00fck\u015fehir Belediyesi Kariyer Merkezi, dijital d\u00f6n\u00fc\u015f\u00fcm s\u00fcrecinde i\u015f d\u00fcnyas\u0131na, kurumlara, \u00f6\u011frencilere ve i\u015f arayanlara y\u00f6nelik fark\u0131ndal\u0131k yaratacak \u00e7al\u0131\u015fmalar\u0131na devam ediyor. \u201cDijital Liderler Mersin\u2019de Projesi\u201dni s\u00fcrd\u00fcren Kariyer Merkezi, bu kapsamda \u201cYetenek Y\u00f6netimi\u201d ile ilgili online seminer program\u0131 ger\u00e7ekle\u015ftirdi. Bug\u00fcne kadar d\u00fczenlenen 16 \u00e7evrim i\u00e7i programa 1200 ki\u015fi kat\u0131ld\u0131.<\/p>\n<p>Yetenek y\u00f6netiminin \u00f6nemi konu\u015fuldu<\/p>\n<p>Mersin B\u00fcy\u00fck\u015fehir Belediye Ba\u015fkan\u0131 Vahap Se\u00e7er\u2019in \u00f6nemli projelerinden biri olan Kariyer Merkezi, dijital d\u00f6n\u00fc\u015f\u00fcm s\u00fcrecinin en fazla etkiledi\u011fi \u0130nsan Kaynaklar\u0131 Y\u00f6netimi konular\u0131ndan olan \u201cYetenek Y\u00f6netimi\u201d konusunu g\u00fcndeme ald\u0131. Ankara \u00dcniversitesi E\u011fitim Bilimleri Fak\u00fcltesi \u00d6\u011fretim \u00dcyesi Prof. Dr. Metin Pi\u015fkin\u2019in konuk oldu\u011fu programda \u00f6zellikle \u201cYetenek ve Meslek E\u015fle\u015ftirmesi, Do\u011fru Aday Se\u00e7imi, \u00c7al\u0131\u015fan Ba\u011fl\u0131l\u0131\u011f\u0131 ve \u0130\u015fveren Markas\u0131\u201d gibi konular \u00fczerinde duruldu.<\/p>\n<p>Kariyer Merkezi, i\u015f g\u00fcc\u00fc piyasas\u0131n\u0131n dinamikleri ile bir arada<\/p>\n<p>Kariyer Merkezi M\u00fcd\u00fcr\u00fc Serkan \u00d6zada, i\u015f g\u00fcc\u00fc piyasas\u0131n\u0131n dinamikleri ile ortak projelere imza att\u0131klar\u0131n\u0131, i\u015f g\u00fcc\u00fc piyasas\u0131n\u0131 izleyen de\u011fil koordine eden bir merkez hedeflediklerini belirterek, otomasyon, yapay zek\u00e2 ve dijital teknolojilerin \u00e7al\u0131\u015fma bi\u00e7imlerini, i\u015f yap\u0131\u015f \u015fekillerini, i\u015flerin i\u00e7erisindeki aktiviteleri ve ba\u015far\u0131l\u0131 olmak i\u00e7in gereken yetenek setlerini g\u00fcncellediklerini s\u00f6yledi. T\u00fcrkiye\u2019de yeteneklerin bulunmas\u0131 ve o yeteneklerin firmaya ba\u011flanmas\u0131nda sorunlar ya\u015fand\u0131\u011f\u0131n\u0131 s\u00f6zlerine ekleyen \u00d6zada, yetenek a\u00e7\u0131\u011f\u0131n\u0131n yak\u0131n zamanda kapanmayaca\u011f\u0131n\u0131, bu nedenle \u00fclkeler, firmalar, sivil toplum kurulu\u015flar\u0131, \u00fcniversiteler ve e\u011fitim kurulu\u015flar\u0131n\u0131n yetenek y\u00f6netimi konusunda ortak bir \u00e7al\u0131\u015fma y\u00fcr\u00fctmesinin \u00f6nemine dikkat \u00e7ekti.<\/p>\n<p>\u0130\u015fin niteli\u011fi ile aday\u0131n yetkinli\u011fi paralel olmal\u0131<\/p>\n<p>Ankara \u00dcniversitesi E\u011fitim Bilimleri Fak\u00fcltesi \u00d6\u011fretim \u00dcyesi Prof. Dr. Metin Pi\u015fkin ise yetenek ve meslek se\u00e7iminin \u00f6nemini anlat\u0131rken, firmalar\u0131n personel se\u00e7imlerinde i\u015fin nitelikleri ile aday\u0131n yetkinlikleri aras\u0131ndaki maksimum uyuma dikkat etmeleri gerekti\u011fini vurgulad\u0131. Pi\u015fkin, ayr\u0131ca \u00e7al\u0131\u015fanlarla duygusal bir ba\u011f yakalamak i\u00e7in firmalar\u0131n motivasyon ve kurumsal ba\u011fl\u0131l\u0131k noktalar\u0131 \u00fczerinde \u00e7al\u0131\u015fma yapmalar\u0131 gerekti\u011finin \u00f6nemine de\u011findi.<\/p>\n","protected":false},"excerpt":{"rendered":"<p>Mersin B\u00fcy\u00fck\u015fehir Belediyesi Kariyer Merkezi, dijital d\u00f6n\u00fc\u015f\u00fcm s\u00fcrecinde i\u015f d\u00fcnyas\u0131na, kurumlara, \u00f6\u011frencilere ve i\u015f arayanlara y\u00f6nelik fark\u0131ndal\u0131k yaratacak \u00e7al\u0131\u015fmalar\u0131na devam ediyor. \u201cDijital Liderler Mersin\u2019de Projesi\u201dni s\u00fcrd\u00fcren Kariyer Merkezi, bu kapsamda &hellip; <a href=\"https:\/\/akdenizolaygazetesi.com\/?p=15210\" class=\"more-link\">Devam\u0131n\u0131 Oku&#8230;<\/a><\/p>\n","protected":false},"author":2,"featured_media":15211,"comment_status":"open","ping_status":"open","sticky":false,"template":"","format":"standard","meta":[],"categories":[2,3],"tags":[],"_links":{"self":[{"href":"https:\/\/akdenizolaygazetesi.com\/index.php?rest_route=\/wp\/v2\/posts\/15210"}],"collection":[{"href":"https:\/\/akdenizolaygazetesi.com\/index.php?rest_route=\/wp\/v2\/posts"}],"about":[{"href":"https:\/\/akdenizolaygazetesi.com\/index.php?rest_route=\/wp\/v2\/types\/post"}],"author":[{"embeddable":true,"href":"https:\/\/akdenizolaygazetesi.com\/index.php?rest_route=\/wp\/v2\/users\/2"}],"replies":[{"embeddable":true,"href":"https:\/\/akdenizolaygazetesi.com\/index.php?rest_route=%2Fwp%2Fv2%2Fcomments&post=15210"}],"version-history":[{"count":1,"href":"https:\/\/akdenizolaygazetesi.com\/index.php?rest_route=\/wp\/v2\/posts\/15210\/revisions"}],"predecessor-version":[{"id":15212,"href":"https:\/\/akdenizolaygazetesi.com\/index.php?rest_route=\/wp\/v2\/posts\/15210\/revisions\/15212"}],"wp:featuredmedia":[{"embeddable":true,"href":"https:\/\/akdenizolaygazetesi.com\/index.php?rest_route=\/wp\/v2\/media\/15211"}],"wp:attachment":[{"href":"https:\/\/akdenizolaygazetesi.com\/index.php?rest_route=%2Fwp%2Fv2%2Fmedia&parent=15210"}],"wp:term":[{"taxonomy":"category","embeddable":true,"href":"https:\/\/akdenizolaygazetesi.com\/index.php?rest_route=%2Fwp%2Fv2%2Fcategories&post=15210"},{"taxonomy":"post_tag","embeddable":true,"href":"https:\/\/akdenizolaygazetesi.com\/index.php?rest_route=%2Fwp%2Fv2%2Ftags&post=15210"}],"curies":[{"name":"wp","href":"https:\/\/api.w.org\/{rel}","templated":true}]}}