{"id":15213,"date":"2021-11-13T19:12:11","date_gmt":"2021-11-13T16:12:11","guid":{"rendered":"http:\/\/akdenizolaygazetesi.com\/?p=15213"},"modified":"2021-11-13T19:12:11","modified_gmt":"2021-11-13T16:12:11","slug":"muhtar-kaya-hurma-ciftcilerimizin-gozbebegi","status":"publish","type":"post","link":"https:\/\/akdenizolaygazetesi.com\/?p=15213","title":{"rendered":"Muhtar Kaya; \u201cHurma, \u00c7ift\u00e7ilerimizin G\u00f6zbebe\u011fi\u201d"},"content":{"rendered":"<p>Mersin Toroslar \u0130l\u00e7esinin bereketli topraklar\u0131nda yeti\u015fen bir\u00e7ok \u00fcr\u00fcnden olan Trabzon Hurmas\u0131n\u0131n ilk hasad\u0131ndan memnun olan \u00fcreticiler, bunu \u00e7iftetelli oynayarak kutlad\u0131.<\/p>\n<p>Toroslar Belediye Ba\u015fkan\u0131 Ats\u0131z Af\u015f\u0131n Y\u0131lmaz da Evrenli Mahallesinde yap\u0131lan hasat \u015fenli\u011finde; \u00fcreticilere ve \u00e7ift\u00e7ilere e\u015flik etti, hurmalar\u0131 dal\u0131ndan kopararak ilk hasad\u0131 yapt\u0131.<\/p>\n<p>Sar\u0131 renkleriyle a\u011fa\u00e7lar\u0131 s\u00fcsleyen Trabzon Hurmas\u0131 (Cennet Meyvesi) i\u00e7erdi\u011fi zengin besin ve vitaminlerle sa\u011fl\u0131k a\u00e7\u0131s\u0131ndan da \u00f6nemli bir meyve \u00f6zelli\u011fi ta\u015f\u0131yor. Hurma \u00fcretiminden ge\u00e7imini sa\u011flayan Evrenli Mahallesi sakinlerinin verimli ge\u00e7en hasattan y\u00fczleri g\u00fcl\u00fcyor.<\/p>\n<p>Toroslar Belediyesi\u2019nin, Toroslar Kaymakaml\u0131\u011f\u0131 ve \u0130l\u00e7e Tar\u0131m ve Orman M\u00fcd\u00fcrl\u00fc\u011f\u00fc ile birlikte d\u00fczenledi\u011fi Trabzon Hurmas\u0131 Hasat \u015eenli\u011fi, yo\u011fun ilgi g\u00f6rd\u00fc.<\/p>\n<p>Hasat \u015eenli\u011fine; Toroslar Kaymakam\u0131 \u0130brahim \u00c7enet, Toroslar Belediye Ba\u015fkan\u0131 Ats\u0131z Af\u015f\u0131n Y\u0131lmaz, Toroslar \u0130l\u00e7e Tar\u0131m ve Orman M\u00fcd\u00fcr\u00fc Mustafa Kemal \u0130lcay, Toroslar \u0130l\u00e7e Milli E\u011fitim M\u00fcd\u00fcr\u00fc Nazmi Kendigelen, Toroslar Gen\u00e7lik ve Spor \u0130l\u00e7e M\u00fcd\u00fcr\u00fc Mehmet \u00d6zdemir, Toroslar \u0130l\u00e7e M\u00fcft\u00fcs\u00fc Bayram Danac\u0131, Mersin Toroslar Muhtarlar Derne\u011fi Y\u00f6netim Kurulu Ba\u015fkan\u0131 Cengiz \u015eahpaz, Belediye Meclis \u00dcyeleri, mahalle muhtarlar\u0131, \u00fcreticiler, \u00e7ift\u00e7iler ve vatanda\u015flar kat\u0131ld\u0131.<\/p>\n<p>Muhtar Kaya; \u201cHurma, \u00c7ift\u00e7ilerimizin G\u00f6zbebe\u011fi\u201d<\/p>\n<p>Sayg\u0131 duru\u015fu, \u0130stiklal Mar\u015f\u0131 ve dualar\u0131n okunmas\u0131yla ba\u015flayan program\u0131n a\u00e7\u0131l\u0131\u015f konu\u015fmas\u0131n\u0131 Evrenli Mahallesi Muhtar\u0131 Sava\u015f Kaya yapt\u0131. Kaya, hurman\u0131n 7 y\u0131lda verime oturan ve 8 ay hasat d\u00f6nemi olan bir \u00fcr\u00fcn oldu\u011funu belirterek; \u201cHurma bizim k\u00f6y\u00fcm\u00fcz\u00fcn ana \u00fcr\u00fcn\u00fcd\u00fcr. Yakla\u015f\u0131k 600 d\u00f6n\u00fcm civar\u0131nda hurma bah\u00e7esi bulunmakta. Bu y\u0131l bin 500 ton hurma \u00fcr\u00fcn\u00fc beklemekteyiz. K\u00f6y\u00fcm\u00fczde 10 y\u0131l \u00f6nce \u015feftali ve narenciye bah\u00e7eleri vard\u0131. Bu \u00fcr\u00fcnler para etmedi\u011fi i\u00e7in g\u00fcn\u00fcm\u00fczde b\u00fcy\u00fck bir piyasa de\u011feri olan hurma \u00fcretmeye ba\u015flad\u0131k. Bu etkinli\u011fin d\u00fczenlenmesine katk\u0131da bulunan Toroslar Kaymakam\u0131m\u0131z Say\u0131n \u0130brahim \u00c7enet\u2019e, Toroslar Belediye Ba\u015fkan\u0131m\u0131z Say\u0131n Ats\u0131z Af\u015f\u0131n Y\u0131lmaz\u2019a, \u0130l\u00e7e Tar\u0131m ve Orman M\u00fcd\u00fcr\u00fcm\u00fcz Say\u0131n Mustafa Kemal \u0130lcay\u2019a te\u015fekk\u00fcr ederim\u201d dedi.<\/p>\n<p>\u0130l\u00e7e Tar\u0131m ve Orman M\u00fcd\u00fcr\u00fc \u0130lcay; \u201cHurma \u00dcretiminde T\u00fcrkiye\u2019de \u0130kinci S\u0131raday\u0131z\u201d<\/p>\n<p>Toroslar \u0130l\u00e7e Tar\u0131m ve Orman M\u00fcd\u00fcr\u00fc Mustafa Kemal \u0130lcay ise Toroslar\u2019\u0131n her t\u00fcrl\u00fc \u00fcr\u00fcn yeti\u015ftirme imkan\u0131na sahip potansiyeli y\u00fcksek bir il\u00e7e oldu\u011funu kaydederek; \u201cToroslar, s\u0131f\u0131r rak\u0131mdan 2500 rak\u0131ma kadar \u00e7ok \u00e7e\u015fitli \u00fcr\u00fcnlerin \u00fcretilebilece\u011fi bir b\u00f6lge. \u0130l\u00e7e Tar\u0131m ve Orman M\u00fcd\u00fcrl\u00fc\u011f\u00fc olarak \u00fcreticilerimizi katma de\u011feri y\u00fcksek alternatif \u00fcr\u00fcnlere y\u00f6nlendirmeye gayret ediyoruz. Ve mevcut \u00fcr\u00fcnlerimizin tan\u0131t\u0131m\u0131 i\u00e7in gerekli organizasyonlar\u0131 yaparak, \u00fcr\u00fcnlerimizi daha k\u0131ymetli hale getirerek \u00fcreticilerimize destek oluyoruz. Hurma da b\u00f6lgemizde Evrenli, Musal\u0131, \u00c7elebili ve Dalakderesi Mahallelerimizde yayg\u0131n olarak \u00fcretilen bir meyve. Hurma \u00fcretiminde Mersinimiz, T\u00fcrkiye\u2019de ikinci s\u0131rada yer al\u0131yor. Toroslar il\u00e7emiz de Mersin \u00fcretiminin y\u00fczde 63\u2019\u00fcn\u00fc kar\u015f\u0131l\u0131yor\u201d diye konu\u015ftu.<\/p>\n<p>Ba\u015fkan Y\u0131lmaz; \u201cK\u00f6yl\u00fcm\u00fcz\u00fcn, \u00dcreticimizin Y\u00fcz\u00fc G\u00fcl\u00fcyor\u201d<\/p>\n<p>Toroslar Belediye Ba\u015fkan\u0131 Ats\u0131z Af\u015f\u0131n Y\u0131lmaz da hurma hasad\u0131n\u0131n hay\u0131rl\u0131 olmas\u0131n\u0131 dileyerek, \u00fcr\u00fcn \u00e7e\u015fitlili\u011finin art\u0131r\u0131lmas\u0131ndan yana olduklar\u0131n\u0131 ve bu konuda \u00e7ift\u00e7ileri her zaman desteklemeye devam edeceklerini s\u00f6yledi.<\/p>\n<p>Ba\u015fkan Y\u0131lmaz; \u201cBizim k\u00f6yl\u00fcm\u00fcz \u00e7al\u0131\u015fkand\u0131r, zekidir, ara\u015ft\u0131rmac\u0131d\u0131r, yeniliklere a\u00e7\u0131kt\u0131r. Eskiden buralarda \u00fcz\u00fcm, narenciye ve \u015feftali olurdu. \u015eimdi daha fizibilite olarak hurma \u00fcretiliyor. \u00dcr\u00fcn \u00e7e\u015fitlili\u011fini art\u0131rmak \u00f6nemli ve bu konuda \u00e7al\u0131\u015fmalar\u0131m\u0131z\u0131 s\u00fcrd\u00fcr\u00fcyoruz. \u00c7ok \u015f\u00fck\u00fcr tar\u0131m\u0131m\u0131z geli\u015fiyor, T\u00fcrkiye g\u00fc\u00e7leniyor, \u00fcr\u00fcn yelpazemiz \u00e7e\u015fitleniyor. Burada \u00f6nemli olan sat\u0131\u015f\u0131 daha kolay ve daha \u00e7ok gelir getiren \u00fcr\u00fcnlerin tar\u0131m\u0131n\u0131n yap\u0131lmas\u0131. Yaylalar\u0131m\u0131za olan ilginin her ge\u00e7en g\u00fcn artmas\u0131 da bizleri mutlu ediyor. D\u00fcnyadaki geli\u015fmeler, \u00f6zellikle g\u0131da \u00fcretiminin daha stratejik konuma gelece\u011fini ortaya koyuyor. G\u0131da ve su, \u00e7ok \u00f6nemli stratejik bir \u00fcr\u00fcn. Bizler, topra\u011f\u0131m\u0131za, suyumuza, \u00fcretimimize sahip \u00e7\u0131kaca\u011f\u0131z. \u0130n\u015fallah hep beraber daha g\u00fczel g\u00fcnlere do\u011fru ilerleyece\u011fiz\u201d ifadelerini kulland\u0131.<\/p>\n<p>Kaymakam \u00c7enet; \u201c\u00c7al\u0131\u015fan \u00c7ift\u00e7imize Te\u015fekk\u00fcr Ederiz\u201d<\/p>\n<p>Toroslar Kaymakam\u0131 \u0130brahim \u00c7enet de \u00e7ift\u00e7ilerin \u00e7al\u0131\u015fmas\u0131ndan, \u00fcretmesinden olduk\u00e7a memnuniyet duyduklar\u0131n\u0131 belirterek; \u201cK\u00f6y k\u00fclt\u00fcr\u00fcn\u00fc s\u00fcrd\u00fcrerek, bu dayan\u0131\u015fmaya sahip \u00e7\u0131kan t\u00fcm mahalle sakinlerimize, \u00fcreticilerimize te\u015fekk\u00fcr ederiz. \u00dcretilen bu g\u00fczel \u00fcr\u00fcnleri sofralar\u0131m\u0131zda g\u00f6rmekten son derece memnuniyet duyuyoruz. Hasad\u0131n hay\u0131rl\u0131 ve bereketli olmas\u0131n\u0131 diliyoruz\u201d dedi.<\/p>\n<p>Konu\u015fmalar\u0131n ard\u0131ndan Toroslar Halkoyunlar\u0131 ekibi bir g\u00f6steri sundu.  \u00dcretilen hurmalar\u0131n sergilendi\u011fi programda Ba\u015fkan Y\u0131lmaz, \u015fenlik alan\u0131nda \u00fcreticilerle birlikte \u00e7iftetelli oynayarak hasad\u0131n bereketli ge\u00e7mesini diledi.<\/p>\n<p>Ba\u015fkan Y\u0131lmaz, daha sonra il\u00e7e protokol\u00fc ve \u00e7ift\u00e7ilerle birlikte hurma bah\u00e7esine giderek a\u011fac\u0131ndan hurma hasad\u0131 yapt\u0131, \u00fcreticilerden paketleme ve sevk i\u015flemleri ile ilgili bilgiler de ald\u0131.<\/p>\n<p>Program, hat\u0131ra foto\u011fraf\u0131 \u00e7ekimiyle son buldu.<\/p>\n","protected":false},"excerpt":{"rendered":"<p>Mersin Toroslar \u0130l\u00e7esinin bereketli topraklar\u0131nda yeti\u015fen bir\u00e7ok \u00fcr\u00fcnden olan Trabzon Hurmas\u0131n\u0131n ilk hasad\u0131ndan memnun olan \u00fcreticiler, bunu \u00e7iftetelli oynayarak kutlad\u0131. Toroslar Belediye Ba\u015fkan\u0131 Ats\u0131z Af\u015f\u0131n Y\u0131lmaz da Evrenli Mahallesinde yap\u0131lan &hellip; <a href=\"https:\/\/akdenizolaygazetesi.com\/?p=15213\" class=\"more-link\">Devam\u0131n\u0131 Oku&#8230;<\/a><\/p>\n","protected":false},"author":2,"featured_media":15214,"comment_status":"open","ping_status":"open","sticky":false,"template":"","format":"standard","meta":[],"categories":[3,5],"tags":[],"_links":{"self":[{"href":"https:\/\/akdenizolaygazetesi.com\/index.php?rest_route=\/wp\/v2\/posts\/15213"}],"collection":[{"href":"https:\/\/akdenizolaygazetesi.com\/index.php?rest_route=\/wp\/v2\/posts"}],"about":[{"href":"https:\/\/akdenizolaygazetesi.com\/index.php?rest_route=\/wp\/v2\/types\/post"}],"author":[{"embeddable":true,"href":"https:\/\/akdenizolaygazetesi.com\/index.php?rest_route=\/wp\/v2\/users\/2"}],"replies":[{"embeddable":true,"href":"https:\/\/akdenizolaygazetesi.com\/index.php?rest_route=%2Fwp%2Fv2%2Fcomments&post=15213"}],"version-history":[{"count":1,"href":"https:\/\/akdenizolaygazetesi.com\/index.php?rest_route=\/wp\/v2\/posts\/15213\/revisions"}],"predecessor-version":[{"id":15215,"href":"https:\/\/akdenizolaygazetesi.com\/index.php?rest_route=\/wp\/v2\/posts\/15213\/revisions\/15215"}],"wp:featuredmedia":[{"embeddable":true,"href":"https:\/\/akdenizolaygazetesi.com\/index.php?rest_route=\/wp\/v2\/media\/15214"}],"wp:attachment":[{"href":"https:\/\/akdenizolaygazetesi.com\/index.php?rest_route=%2Fwp%2Fv2%2Fmedia&parent=15213"}],"wp:term":[{"taxonomy":"category","embeddable":true,"href":"https:\/\/akdenizolaygazetesi.com\/index.php?rest_route=%2Fwp%2Fv2%2Fcategories&post=15213"},{"taxonomy":"post_tag","embeddable":true,"href":"https:\/\/akdenizolaygazetesi.com\/index.php?rest_route=%2Fwp%2Fv2%2Ftags&post=15213"}],"curies":[{"name":"wp","href":"https:\/\/api.w.org\/{rel}","templated":true}]}}