{"id":15217,"date":"2021-11-13T19:14:32","date_gmt":"2021-11-13T16:14:32","guid":{"rendered":"http:\/\/akdenizolaygazetesi.com\/?p=15217"},"modified":"2021-11-13T19:14:32","modified_gmt":"2021-11-13T16:14:32","slug":"turgutreiste-de-kentsel-donusum-icin-adim-atilacak","status":"publish","type":"post","link":"https:\/\/akdenizolaygazetesi.com\/?p=15217","title":{"rendered":"\u201cTurgutreis\u2019te de kentsel d\u00f6n\u00fc\u015f\u00fcm i\u00e7in ad\u0131m at\u0131lacak\u201d"},"content":{"rendered":"<p>Akdeniz Belediye Ba\u015fkan\u0131 Mustafa G\u00fcltak, kentsel d\u00f6n\u00fc\u015f\u00fcm\u00fc herkesin konu\u015ftu\u011funu ama kimsenin hi\u00e7bir \u015fey yapmad\u0131\u011f\u0131n\u0131 s\u00f6yledi ve ekledi: \u201c\u00c7\u00fcnk\u00fc \u00e7ok riskli bir i\u015f. Size makam\u0131n\u0131z\u0131 ve koltu\u011funuzu kaybettirebilir ve vatanda\u015fla kar\u015f\u0131 kar\u015f\u0131ya getirebilir. Bizim tek iste\u011fimiz Mersin\u2019i \u00e7ok g\u00fczel bir kent haline getirmek. Bu sebepten kentsel d\u00f6n\u00fc\u015f\u00fcm \u015fartt\u0131r\u201d dedi.<br \/>\nAkdeniz Belediye Ba\u015fkan\u0131 Mustafa G\u00fcltak, Mersin Gen\u00e7lik E\u011fitim ve K\u00fclt\u00fcr Vakf\u0131 (MEGEV) Y\u00f6netim Kurulu Ba\u015fkan\u0131 Mehmet Nihat Y\u0131lmaz ve vak\u0131f \u00fcyeleri ile kahvalt\u0131 etkinli\u011finde bir araya geldi. Etkinli\u011fe Cami\u015ferif Mahalle Muhtar\u0131 Derin G\u00fcn\u00fc\u00e7 de kat\u0131ld\u0131. Ba\u015fkan G\u00fcltak ziyarette yapt\u0131\u011f\u0131 konu\u015fmas\u0131na, \u201cSe\u00e7im zaman\u0131nda \u2018Asfalt, kald\u0131r\u0131m, yol yapmaya gelmiyoruz.  Akdeniz\u2019de bir insanl\u0131k dram\u0131 var. Bu dram\u0131 \u00e7\u00f6zmeye geliyoruz\u2019 demi\u015ftim\u201d s\u00f6zlerini hat\u0131rlatarak ba\u015flad\u0131.<br \/>\n\u201cY\u0131llar ge\u00e7er; ayn\u0131 \u015feyleri konu\u015furuz\u201d<br \/>\nBa\u015fkan Mustafa G\u00fcltak, \u201cEn az ye\u015fil alan\u0131n oldu\u011fu bir il\u00e7eden bahsediyoruz. Y\u0131llarca ihmal edilmi\u015f. Biz bunlar\u0131 kentsel ve yerinde d\u00f6n\u00fc\u015f\u00fcmlerle d\u00fczeltiyoruz. Mersin\u2019in bir yerlisi olarak tek \u00e7\u00f6z\u00fcm kentsel ve yerinde d\u00f6n\u00fc\u015f\u00fcmd\u00fcr. Bu olmad\u0131\u011f\u0131 s\u00fcrece bir ku\u015fak daha ge\u00e7er ve yine ayn\u0131 \u015feyleri konu\u015furuz\u201d ifadelerini kulland\u0131.<br \/>\n\u201cBug\u00fcne kadar ne yap\u0131ld\u0131? Hi\u00e7bir \u015fey!\u201d<br \/>\nBa\u015fkan G\u00fcltak; \u201cCami\u015ferif Mahallesi benim k\u00fct\u00fc\u011f\u00fcm\u00fcn oldu\u011fu yer. \u015eehrin en eski mahallesidir. Orada o kadar tarihi dokular var ki bunlar\u0131n g\u00fcn y\u00fcz\u00fcne \u00e7\u0131kart\u0131lmas\u0131 gerekir. Nas\u0131l \u00e7\u0131kacak? Kentsel d\u00f6n\u00fc\u015f\u00fcmle. Bak\u0131n\u0131z; \u00c7ay Mahallesinde TOK\u0130\u2019nin 415 konutluk projesi tamamland\u0131. Herkes \u2018Mersin\u2019in giri\u015fi \u00e7ok \u00e7irkin\u2019 diyor ama bug\u00fcne kadar ne yap\u0131ld\u0131? Hi\u00e7bir \u015fey. Yava\u015f yava\u015f oralardan ba\u015flayarak d\u00f6n\u00fc\u015f\u00fcm\u00fc ger\u00e7ekle\u015ftirmeyi hedefliyoruz. Bar\u0131\u015f Mahallesinde de kentsel d\u00f6n\u00fc\u015f\u00fcme ba\u015flad\u0131k ve y\u0131lba\u015f\u0131nda da temel atmay\u0131 planl\u0131yoruz\u201d diye konu\u015ftu.<br \/>\n\u201cTurgutreis\u2019te de kentsel d\u00f6n\u00fc\u015f\u00fcm i\u00e7in ad\u0131m at\u0131lacak\u201d<br \/>\nTurgutreis Mahallesinde de y\u0131lba\u015f\u0131ndan sonra kentsel d\u00f6n\u00fc\u015f\u00fcm i\u00e7in ad\u0131m at\u0131laca\u011f\u0131na vurgu yapan Ba\u015fkan Mustafa G\u00fcltak; \u201cAkdeniz\u2019de yeni caddeler yeni sokaklar hayata ge\u00e7ecek. Herkes kentsel d\u00f6n\u00fc\u015f\u00fcmden bahsedebilir ama kimse bir \u015fey yapmaz. \u00c7\u00fcnk\u00fc \u00e7ok riskli bir i\u015f. Size makam\u0131n\u0131z\u0131 ve koltu\u011funuzu kaybettirebilir. Vatanda\u015fla kar\u015f\u0131 kar\u015f\u0131ya gelebilirsiniz. Biz Mersin\u2019i \u00e7ok g\u00fczel bir kent haline getirmek istiyorsak kentsel d\u00f6n\u00fc\u015f\u00fcm \u015fartt\u0131r\u201d dedi.<br \/>\n\u201c\u015eehrin haf\u0131zas\u0131 \u00e7ok \u00f6nemli\u201d<br \/>\n\u015eehrin haf\u0131zas\u0131n\u0131n \u00f6nemine de dikkat \u00e7eken Ba\u015fkan G\u00fcltak; \u201c140 d\u00f6n\u00fcml\u00fck Mersin Millet Bah\u00e7esi\u2019ni \u015fehrimize kazand\u0131rd\u0131k. K\u0131\u015flan\u0131n oldu\u011fu alan al\u0131nd\u0131; \u00c7evre ve \u015eehircilik Bakanl\u0131\u011f\u0131\u2019na ge\u00e7ti. Oras\u0131 da Millet Bah\u00e7esi\u2019ne entegre edilirse \u00e7ok daha iyi olacak. \u015eehrin haf\u0131zas\u0131 \u00e7ok \u00f6nemli. Sadece insanlara de\u011fil tarihimize de sahip \u00e7\u0131kmam\u0131z gerekiyor. \u0130z B\u0131rakanlar M\u00fczesi\u2019ni de yak\u0131nda a\u00e7aca\u011f\u0131z. Orada 7 odal\u0131 bir tarihi evi tadil ettik. Mersin\u2019den kimler gelip ge\u00e7mi\u015f, herkesi g\u00f6rebilirsiniz. Bir oday\u0131 da Mersin \u0130dman Yurdu\u2019na ay\u0131rd\u0131k. Foto\u011fraflar\u0131n\u0131 dijital ar\u015five aktararak koruma alt\u0131na ald\u0131k\u201d \u015feklinde konu\u015ftu.<br \/>\n\u201cGen\u00e7lerimiz i\u00e7in canh\u0131ra\u015f \u00e7al\u0131\u015f\u0131yoruz\u201d<br \/>\nKonu gen\u00e7ler olunca canh\u0131ra\u015f \u00e7al\u0131\u015ft\u0131klar\u0131n\u0131 s\u00f6yleyen Ba\u015fkan G\u00fcltak; \u201cG\u00f6kdelenin 29. kat\u0131n\u0131 kiralad\u0131k. Orada 200 gencimiz \u00fcniversite s\u0131navlar\u0131na haz\u0131rlan\u0131yor. Kapasitesi 350 ki\u015filik. Eski T\u0131p Fak\u00fcltesi Acil binas\u0131n\u0131 tadil ettik. \u00c7ukurova Kalk\u0131nma Ajans\u0131, \u00fcniversite ve belediyemiz i\u015f birli\u011fi ile e\u011fitim merkezi haline getiriyoruz ve yak\u0131nda buras\u0131 da a\u00e7\u0131lacak. Gen\u00e7lerimiz i\u00e7in planlad\u0131klar\u0131m\u0131z bunlarla da s\u0131n\u0131rl\u0131 de\u011fil. Limanlardaki vin\u00e7leri kullanacak ki\u015filer i\u00e7in T\u00fcrkiye\u2019de ilk e\u011fitim merkezini biz a\u00e7\u0131yoruz ve sim\u00fclat\u00f6r de gelecek. Her d\u00f6nemde 80 ki\u015fi sertifika alacak ve hemen limanda \u00e7al\u0131\u015fmaya ba\u015flam\u0131\u015f olacak. B\u00f6ylelikle gen\u00e7lerimizi de meslek sahibi yapm\u0131\u015f olaca\u011f\u0131z\u201d diye konu\u015ftu.<br \/>\nMEGEV Y\u00f6netimi \u0130z B\u0131rakanlar M\u00fczesi\u2019ni gezdi<br \/>\nKonu\u015fmas\u0131n\u0131n ard\u0131ndan Ba\u015fkan Mustafa G\u00fcltak\u2019a MEGEV Y\u00f6netim Kurulu Ba\u015fkan\u0131 Mehmet Nihat Y\u0131lmaz taraf\u0131ndan bir plaket takdim edildi. G\u00fcltak; \u201cBu kentin \u00e7ocuklar\u0131 i\u00e7in \u00e7al\u0131\u015fan Nihat Ba\u015fkan ile daha \u00f6nce de g\u00f6r\u00fc\u015ft\u00fck ve ne gerekiyorsa belediye olarak yapmaya haz\u0131r oldu\u011fumuzu ifade ettik\u201d diyerek an\u0131 defterine duygu ve d\u00fc\u015f\u00fcncelerini de yazd\u0131. Etkinlik sonras\u0131 Ba\u015fkan Mustafa G\u00fcltak, MEGEV Y\u00f6netimi ile \u0130z B\u0131rakanlar M\u00fczesi\u2019ni gezdi.<\/p>\n","protected":false},"excerpt":{"rendered":"<p>Akdeniz Belediye Ba\u015fkan\u0131 Mustafa G\u00fcltak, kentsel d\u00f6n\u00fc\u015f\u00fcm\u00fc herkesin konu\u015ftu\u011funu ama kimsenin hi\u00e7bir \u015fey yapmad\u0131\u011f\u0131n\u0131 s\u00f6yledi ve ekledi: \u201c\u00c7\u00fcnk\u00fc \u00e7ok riskli bir i\u015f. Size makam\u0131n\u0131z\u0131 ve koltu\u011funuzu kaybettirebilir ve vatanda\u015fla kar\u015f\u0131 &hellip; <a href=\"https:\/\/akdenizolaygazetesi.com\/?p=15217\" class=\"more-link\">Devam\u0131n\u0131 Oku&#8230;<\/a><\/p>\n","protected":false},"author":2,"featured_media":15218,"comment_status":"open","ping_status":"open","sticky":false,"template":"","format":"standard","meta":[],"categories":[2,3,5],"tags":[],"_links":{"self":[{"href":"https:\/\/akdenizolaygazetesi.com\/index.php?rest_route=\/wp\/v2\/posts\/15217"}],"collection":[{"href":"https:\/\/akdenizolaygazetesi.com\/index.php?rest_route=\/wp\/v2\/posts"}],"about":[{"href":"https:\/\/akdenizolaygazetesi.com\/index.php?rest_route=\/wp\/v2\/types\/post"}],"author":[{"embeddable":true,"href":"https:\/\/akdenizolaygazetesi.com\/index.php?rest_route=\/wp\/v2\/users\/2"}],"replies":[{"embeddable":true,"href":"https:\/\/akdenizolaygazetesi.com\/index.php?rest_route=%2Fwp%2Fv2%2Fcomments&post=15217"}],"version-history":[{"count":1,"href":"https:\/\/akdenizolaygazetesi.com\/index.php?rest_route=\/wp\/v2\/posts\/15217\/revisions"}],"predecessor-version":[{"id":15219,"href":"https:\/\/akdenizolaygazetesi.com\/index.php?rest_route=\/wp\/v2\/posts\/15217\/revisions\/15219"}],"wp:featuredmedia":[{"embeddable":true,"href":"https:\/\/akdenizolaygazetesi.com\/index.php?rest_route=\/wp\/v2\/media\/15218"}],"wp:attachment":[{"href":"https:\/\/akdenizolaygazetesi.com\/index.php?rest_route=%2Fwp%2Fv2%2Fmedia&parent=15217"}],"wp:term":[{"taxonomy":"category","embeddable":true,"href":"https:\/\/akdenizolaygazetesi.com\/index.php?rest_route=%2Fwp%2Fv2%2Fcategories&post=15217"},{"taxonomy":"post_tag","embeddable":true,"href":"https:\/\/akdenizolaygazetesi.com\/index.php?rest_route=%2Fwp%2Fv2%2Ftags&post=15217"}],"curies":[{"name":"wp","href":"https:\/\/api.w.org\/{rel}","templated":true}]}}