{"id":1522,"date":"2020-11-04T18:22:04","date_gmt":"2020-11-04T15:22:04","guid":{"rendered":"http:\/\/mersinekonomipolitikagazetesi.com\/?p=1522"},"modified":"2020-11-04T18:22:04","modified_gmt":"2020-11-04T15:22:04","slug":"mersin-sahili-hafta-sonlari-ada-sahilini-andiriyor","status":"publish","type":"post","link":"https:\/\/akdenizolaygazetesi.com\/?p=1522","title":{"rendered":"MERS\u0130N SAH\u0130L\u0130 HAFTA SONLARI ADA SAH\u0130L\u0130N\u0130 ANDIRIYOR"},"content":{"rendered":"<p>Mersin sahili hafta sonlar\u0131 dolup ta\u015farken hafta i\u00e7i g\u00fcnlerde ise sessizli\u011fe b\u00fcr\u00fcn\u00fcyor.<\/p>\n<blockquote type=\"cite\">\n<div dir=\"ltr\">\n<p><span style=\"font-size:16px;\"><span style=\"font-family: sans-serif, Arial, Verdana, 'Trebuchet MS'; line-height: 1.6em;\">Mersin sahili hafta i\u00e7i g\u00fcnlerde bombo\u015f sakinli\u011fini koruyor. Hafta i\u00e7i g\u00fcnlerde sahil sessizli\u011fini koruyarak sadece dalgalar\u0131n sesiyle adeta bir ada sahilini and\u0131rmakta.<\/span><\/span><\/p>\n<div>\n<div aria-label=\"Geni\u015fletilen i\u00e7eri\u011fi gizleyin\" data-tooltip=\"Geni\u015fletilen i\u00e7eri\u011fi gizleyin\" id=\":yq\" role=\"button\" style=\"clear:both;\" tabindex=\"0\"><span style=\"font-size:16px;\"><img src=\"https:\/\/ssl.gstatic.com\/ui\/v1\/icons\/mail\/images\/cleardot.gif\" style=\"height:8px;width:20px;\" \/><\/span><\/div>\n<\/div>\n<div>\n<p><span style=\"font-size:16px;\">Hafta sonlar\u0131 vatanda\u015fa ev sahipli\u011fi yapan sahil hafta i\u00e7i g\u00fcnlerde ise vatanda\u015fa kap\u0131lar\u0131n\u0131 kapat\u0131yor sezgisini veriyor.<\/span><\/p>\n<p>\u00a0<\/p>\n<p><span style=\"font-size:16px;\">Vatanda\u015flar\u0131n hafta i\u00e7i g\u00fcnlerde sahile ak\u0131n etmemeleri sahildeki esnaflar\u0131n i\u015flerini de d\u00fc\u015f\u00fcr\u00fcyor. Ada sahili olarak and\u0131ran \u00e7ar\u015f\u0131 sahili, vatanda\u015f\u0131 hafta sonlar\u0131 a\u011f\u0131rlayarak y\u00fcr\u00fcyemez hale getirirken hafta i\u00e7i g\u00fcnlerde ise sahilde yok denecek kadar az vatanda\u015f bulunduruyor.<\/span><\/p>\n<p>\u00a0<\/p>\n<p><span style=\"font-size:16px;\">Suriyeli vatanda\u015flar\u0131nda hafta sonu sahilde gezmeleri sahili daha da kalabal\u0131kla\u015ft\u0131r\u0131rken hafta i\u00e7i g\u00fcnlerde ise durum bundan ibaret\u00a0 kald\u0131\u011f\u0131n\u0131 belirten sahildeki esnaf, sabahtan ak\u015fama kadar g\u00fcn\u00fcn\u00fc oturarak ge\u00e7irdi\u011fini kaydederek durumun bundan ibaret kald\u0131\u011f\u0131n\u0131 ve i\u015flerin hi\u00e7 olmad\u0131\u011f\u0131na dikkat \u00e7ekti.<\/span><\/p>\n<\/div>\n<\/div>\n<\/blockquote>\n","protected":false},"excerpt":{"rendered":"<p>Mersin sahili hafta sonlar\u0131 dolup ta\u015farken hafta i\u00e7i g\u00fcnlerde ise sessizli\u011fe b\u00fcr\u00fcn\u00fcyor. Mersin sahili hafta i\u00e7i g\u00fcnlerde bombo\u015f sakinli\u011fini koruyor. Hafta i\u00e7i g\u00fcnlerde sahil sessizli\u011fini koruyarak sadece dalgalar\u0131n sesiyle adeta &hellip; <a href=\"https:\/\/akdenizolaygazetesi.com\/?p=1522\" class=\"more-link\">Devam\u0131n\u0131 Oku&#8230;<\/a><\/p>\n","protected":false},"author":1,"featured_media":0,"comment_status":"open","ping_status":"open","sticky":false,"template":"","format":"standard","meta":[],"categories":[],"tags":[],"_links":{"self":[{"href":"https:\/\/akdenizolaygazetesi.com\/index.php?rest_route=\/wp\/v2\/posts\/1522"}],"collection":[{"href":"https:\/\/akdenizolaygazetesi.com\/index.php?rest_route=\/wp\/v2\/posts"}],"about":[{"href":"https:\/\/akdenizolaygazetesi.com\/index.php?rest_route=\/wp\/v2\/types\/post"}],"author":[{"embeddable":true,"href":"https:\/\/akdenizolaygazetesi.com\/index.php?rest_route=\/wp\/v2\/users\/1"}],"replies":[{"embeddable":true,"href":"https:\/\/akdenizolaygazetesi.com\/index.php?rest_route=%2Fwp%2Fv2%2Fcomments&post=1522"}],"version-history":[{"count":0,"href":"https:\/\/akdenizolaygazetesi.com\/index.php?rest_route=\/wp\/v2\/posts\/1522\/revisions"}],"wp:attachment":[{"href":"https:\/\/akdenizolaygazetesi.com\/index.php?rest_route=%2Fwp%2Fv2%2Fmedia&parent=1522"}],"wp:term":[{"taxonomy":"category","embeddable":true,"href":"https:\/\/akdenizolaygazetesi.com\/index.php?rest_route=%2Fwp%2Fv2%2Fcategories&post=1522"},{"taxonomy":"post_tag","embeddable":true,"href":"https:\/\/akdenizolaygazetesi.com\/index.php?rest_route=%2Fwp%2Fv2%2Ftags&post=1522"}],"curies":[{"name":"wp","href":"https:\/\/api.w.org\/{rel}","templated":true}]}}