{"id":15221,"date":"2021-11-14T10:28:04","date_gmt":"2021-11-14T07:28:04","guid":{"rendered":"http:\/\/akdenizolaygazetesi.com\/?p=15221"},"modified":"2021-11-14T10:28:04","modified_gmt":"2021-11-14T07:28:04","slug":"dar-gelirli-ailedeki-bebegin-mamasi-ve-bezi-buyuksehirden","status":"publish","type":"post","link":"https:\/\/akdenizolaygazetesi.com\/?p=15221","title":{"rendered":"DAR GEL\u0130RL\u0130 A\u0130LEDEK\u0130 BEBE\u011e\u0130N MAMASI VE BEZ\u0130 B\u00dcY\u00dcK\u015eEH\u0130R\u2019DEN"},"content":{"rendered":"<p>Mersin B\u00fcy\u00fck\u015fehir Belediyesi Sosyal Hizmetler Dairesi\u2019nin \u201cEl Bebek G\u00fcl Bebek\u201d paketleri, ge\u00e7im s\u0131k\u0131nt\u0131s\u0131yla m\u00fccadele ettikleri d\u00f6nemde 6-12 ayl\u0131k bebe\u011fi bulunan dar gelirli ailelere \u00f6nemli oranda katk\u0131 sa\u011fl\u0131yor. Ba\u015flad\u0131\u011f\u0131 g\u00fcnden bu yana binlerce ailenin faydaland\u0131\u011f\u0131 \u201cEl Bebek G\u00fcl Bebek\u201d paketlerinin say\u0131s\u0131 20 bine ula\u015ft\u0131.<\/p>\n<p>Bebek sahibi ailelerin derdine Mersin B\u00fcy\u00fck\u015fehir derman oldu<\/p>\n<p>Asgari \u00fccret ve alt\u0131nda bir b\u00fct\u00e7eyle ge\u00e7inmeye \u00e7al\u0131\u015fan ailelerin al\u0131m g\u00fcc\u00fc konusunda ya\u015fad\u0131klar\u0131 s\u0131k\u0131nt\u0131 her ge\u00e7en g\u00fcn artmaya ba\u015flad\u0131. Pandemi s\u00fcrecinde artan fiyatlar \u00f6zellikle dar gelirli aileleri derinden etkiledi. Fiyat art\u0131\u015flar\u0131 bebek mamas\u0131 ve bebek bezlerine de yans\u0131d\u0131. Ge\u00e7im s\u0131k\u0131nt\u0131s\u0131 \u00e7eken bebek sahibi ailelerin derdine Mersin\u2019de B\u00fcy\u00fck\u015fehir Belediyesi derman oldu. Hayata ge\u00e7irdi\u011fi sosyal projelerle vatanda\u015flar\u0131n yaralar\u0131n\u0131 saran B\u00fcy\u00fck\u015fehir, pandeminin ilk aylar\u0131nda \u201cEl Bebek G\u00fcl Bebek\u201d projesini hayata ge\u00e7irdi.<\/p>\n<p>Bebek mamas\u0131ndan \u0131slak mendile i\u00e7erisinde her \u015fey var<\/p>\n<p>B\u00fcy\u00fck\u015fehir Belediyesi, pandeminin ilk aylar\u0131nda kurdu\u011fu Kriz Merkezi\u2019ne ba\u015fvurup bebek mamas\u0131 talep eden ihtiya\u00e7 sahibi ailelere \u201cEl Bebek G\u00fcl Bebek\u201d paketlerini ula\u015ft\u0131rd\u0131. Yakla\u015f\u0131k 20 ayd\u0131r devam eden proje, zaman i\u00e7erisinde periyodik yard\u0131mlara d\u00f6n\u00fc\u015ft\u00fc. Asgari \u00fccret ve alt\u0131nda bir b\u00fct\u00e7eyle ge\u00e7inmeye ba\u015flayan 6-12 ayl\u0131k bebek sahibi aileler, Teksin uygulamas\u0131ndan ba\u015fvuruda bulunarak bebek bak\u0131m paketlerinden faydalanmaya ba\u015flad\u0131. B\u00fcy\u00fck\u015fehir\u2019in ailelere ula\u015ft\u0131rd\u0131\u011f\u0131 ve i\u00e7erisinde bebek mamas\u0131, bebek bezi, bebek \u015fampuan\u0131, pi\u015fik kremi ve \u0131slak mendil bulunan \u201cEl Bebek G\u00fcl Bebek\u201d paketlerinin say\u0131s\u0131 20 bine ula\u015ft\u0131. Aileler bu yard\u0131mdan ayda bir defa faydalanabiliyor.<\/p>\n<p>\u201cVatanda\u015flar\u0131m\u0131z ba\u015fvurular\u0131n\u0131 Teksin Mersin \u00fczerinden yap\u0131yorlar\u201d<\/p>\n<p>Mersin B\u00fcy\u00fck\u015fehir Belediyesi Sosyal Yard\u0131mlar \u015eube M\u00fcd\u00fcr\u00fc Engin Y\u0131ld\u0131r\u0131m, paketin i\u00e7eri\u011finden ve \u015fu ana kadar ula\u015ft\u0131\u011f\u0131 aile say\u0131s\u0131ndan bahsederek, \u201cVatanda\u015flar\u0131m\u0131z ba\u015fvurular\u0131n\u0131 Teksin Mersin \u00fczerinden yap\u0131yorlar. Bu paketleri 6-12 ay aras\u0131 bebe\u011fi olan vatanda\u015flar\u0131m\u0131z\u0131n evine 6 ay boyunca periyodik olarak ula\u015ft\u0131r\u0131yoruz\u201d dedi.<\/p>\n<p>Ba\u015fvuruda aranan \u015fartlara da de\u011finen Y\u0131ld\u0131r\u0131m, \u201cAsgari \u00fccret ve asgari \u00fccretin alt\u0131nda geliri olan vatanda\u015flar\u0131m\u0131za ula\u015ft\u0131r\u0131yoruz. Vatanda\u015flar\u0131m\u0131z bebe\u011fin n\u00fcfus c\u00fczdan\u0131n\u0131 ve gelirlerini beyan eden belgeleri Teksin\u2019e y\u00fckl\u00fcyorlar. Bu \u00fcr\u00fcnlerin zamland\u0131\u011f\u0131 \u015fu g\u00fcnlerde vatanda\u015flar\u0131m\u0131z\u0131n Teksin\u2019den yapt\u0131\u011f\u0131 ba\u015fvurular bizler i\u00e7in daha de\u011ferli hale geliyor. Paketleri en k\u0131sa s\u00fcrede vatanda\u015flar\u0131m\u0131za ula\u015ft\u0131rarak, bu zor g\u00fcnlerde yanlar\u0131nda oluyoruz\u201d diye konu\u015ftu.<\/p>\n<p>\u201cE\u015fim asgari \u00fccretle \u00e7al\u0131\u015f\u0131yor, zor ge\u00e7iniyoruz\u201d<\/p>\n<p>9 ayl\u0131k Evin\u2019in annesi Emine \u00c7al\u0131\u015f, fiyat art\u0131\u015flar\u0131 nedeniyle zor g\u00fcnler ge\u00e7irdiklerini belirterek, \u201cE\u015fim asgari \u00fccretle \u00e7al\u0131\u015f\u0131yor. Zor ge\u00e7iniyoruz vallahi. T\u00fcp olmu\u015f 165 lira. Yeti\u015ftiremiyoruz. 2 tane \u00e7ocuk var. Biri birinci s\u0131n\u0131fa gidiyor. Bir de bu bezler, mama, k\u0131yafet\u2026 Zor ge\u00e7iniyoruz\u201d dedi. \u2018El Bebek G\u00fcl Bebek\u2019 deste\u011finin kendilerine iyi geldi\u011fini s\u00f6zlerine ekleyen \u00c7al\u0131\u015f, \u201cBize iyi geldi, bir nefes alabildik\u201d diye konu\u015ftu.<\/p>\n<p>\u201cMama fiyatlar\u0131 a\u015f\u0131r\u0131 derecede belimizi b\u00fckt\u00fc\u201d<\/p>\n<p>11 ayl\u0131k \u00d6yk\u00fc\u2019n\u00fcn annesi Melisa Duru ise \u2018El Bebek G\u00fcl Bebek\u2019 paketleri ile y\u00fcklerinin hafifledi\u011fini vurgulayarak, \u201cMama fiyatlar\u0131 a\u015f\u0131r\u0131 derecede belimizi b\u00fckt\u00fc. Pandemi s\u00fcrecinde a\u015f\u0131r\u0131 derecede zorland\u0131k. Sa\u011f olsun Vahap Se\u00e7er kampanyas\u0131yla bize \u00e7ok b\u00fcy\u00fck destek oldu. Bebe\u011fin \u00e7ok fazla gideri oluyor. Mamas\u0131yd\u0131, \u015fampuan\u0131yd\u0131, \u0131slak mendiliydi, k\u0131yafetiydi. B\u00fct\u00e7e konusunda baya\u011f\u0131 bir sars\u0131nt\u0131m\u0131z oldu\u201d ifadelerine yer verdi.<\/p>\n<p>\u201cPaketin i\u00e7inde maman\u0131n da olmas\u0131 bizi daha \u00e7ok rahatlatt\u0131\u201d<\/p>\n<p>7 ayl\u0131k Poyraz Yama\u00e7\u2019\u0131n annesi Vesile Tekin de o\u011flunun \u00e7ok hareketli oldu\u011funu, \u00e7ok s\u0131k mama t\u00fcketti\u011fini belirterek, \u201cBir yandan bez, mama. Tabi 3 tane \u00e7ocuk daha var. Onlar da okula gidiyorlar. Bunlar bizi \u00e7ok zorlamaya ba\u015flad\u0131 ama Ba\u015fkan Vahap Bey\u2019e b\u00f6yle bir kampanya yapt\u0131\u011f\u0131 i\u00e7in \u00e7ok te\u015fekk\u00fcr ediyoruz. Ger\u00e7ek anlamda rahatlad\u0131k. Her \u015fey pahal\u0131. Ge\u00e7inemiyoruz yani. Bizi en \u00e7ok zorlayan da mama zaten. Paketin i\u00e7inde maman\u0131n da olmas\u0131 bizi daha \u00e7ok rahatlatt\u0131. 2 g\u00fcnde bir mama almak zorunday\u0131z. 60 lira oldu fiyat\u0131, hatta baz\u0131 yerlerde 65 lira. 2 g\u00fcnde bir 65 lira vermek zor\u201d dedi.<\/p>\n","protected":false},"excerpt":{"rendered":"<p>Mersin B\u00fcy\u00fck\u015fehir Belediyesi Sosyal Hizmetler Dairesi\u2019nin \u201cEl Bebek G\u00fcl Bebek\u201d paketleri, ge\u00e7im s\u0131k\u0131nt\u0131s\u0131yla m\u00fccadele ettikleri d\u00f6nemde 6-12 ayl\u0131k bebe\u011fi bulunan dar gelirli ailelere \u00f6nemli oranda katk\u0131 sa\u011fl\u0131yor. Ba\u015flad\u0131\u011f\u0131 g\u00fcnden bu &hellip; <a href=\"https:\/\/akdenizolaygazetesi.com\/?p=15221\" class=\"more-link\">Devam\u0131n\u0131 Oku&#8230;<\/a><\/p>\n","protected":false},"author":2,"featured_media":15222,"comment_status":"open","ping_status":"open","sticky":false,"template":"","format":"standard","meta":[],"categories":[2,3,5],"tags":[],"_links":{"self":[{"href":"https:\/\/akdenizolaygazetesi.com\/index.php?rest_route=\/wp\/v2\/posts\/15221"}],"collection":[{"href":"https:\/\/akdenizolaygazetesi.com\/index.php?rest_route=\/wp\/v2\/posts"}],"about":[{"href":"https:\/\/akdenizolaygazetesi.com\/index.php?rest_route=\/wp\/v2\/types\/post"}],"author":[{"embeddable":true,"href":"https:\/\/akdenizolaygazetesi.com\/index.php?rest_route=\/wp\/v2\/users\/2"}],"replies":[{"embeddable":true,"href":"https:\/\/akdenizolaygazetesi.com\/index.php?rest_route=%2Fwp%2Fv2%2Fcomments&post=15221"}],"version-history":[{"count":1,"href":"https:\/\/akdenizolaygazetesi.com\/index.php?rest_route=\/wp\/v2\/posts\/15221\/revisions"}],"predecessor-version":[{"id":15223,"href":"https:\/\/akdenizolaygazetesi.com\/index.php?rest_route=\/wp\/v2\/posts\/15221\/revisions\/15223"}],"wp:featuredmedia":[{"embeddable":true,"href":"https:\/\/akdenizolaygazetesi.com\/index.php?rest_route=\/wp\/v2\/media\/15222"}],"wp:attachment":[{"href":"https:\/\/akdenizolaygazetesi.com\/index.php?rest_route=%2Fwp%2Fv2%2Fmedia&parent=15221"}],"wp:term":[{"taxonomy":"category","embeddable":true,"href":"https:\/\/akdenizolaygazetesi.com\/index.php?rest_route=%2Fwp%2Fv2%2Fcategories&post=15221"},{"taxonomy":"post_tag","embeddable":true,"href":"https:\/\/akdenizolaygazetesi.com\/index.php?rest_route=%2Fwp%2Fv2%2Ftags&post=15221"}],"curies":[{"name":"wp","href":"https:\/\/api.w.org\/{rel}","templated":true}]}}