{"id":15224,"date":"2021-11-14T10:29:46","date_gmt":"2021-11-14T07:29:46","guid":{"rendered":"http:\/\/akdenizolaygazetesi.com\/?p=15224"},"modified":"2021-11-14T10:29:46","modified_gmt":"2021-11-14T07:29:46","slug":"400-bin-misafirimizin-onurunu-zedeleyecek-hicbir-davranisimiz-olmamistir","status":"publish","type":"post","link":"https:\/\/akdenizolaygazetesi.com\/?p=15224","title":{"rendered":"\u201c400 bin misafirimizin onurunu zedeleyecek hi\u00e7bir davran\u0131\u015f\u0131m\u0131z olmam\u0131\u015ft\u0131r\u201d"},"content":{"rendered":"<p>Mersin B\u00fcy\u00fck\u015fehir Belediye Ba\u015fkan\u0131 Vahap Se\u00e7er, Batman \u0130li ile \u0130l\u00e7eleri K\u00fclt\u00fcr ve Dayan\u0131\u015fma Derne\u011fi\u2019ne ait yeni dernek binas\u0131n\u0131n a\u00e7\u0131l\u0131\u015f t\u00f6renine kat\u0131ld\u0131. Akdeniz il\u00e7esi \u015eevket S\u00fcmer Mahallesi\u2019nde a\u00e7\u0131lan yeni binan\u0131n dernek y\u00f6netimine \u2018hay\u0131rl\u0131 olsun\u2019 temennisinde bulunan Ba\u015fkan Se\u00e7er, dernekte vatanda\u015flarla bir araya gelerek, sorun ve taleplerini dinledi. Ba\u015fkan Se\u00e7er, Anamur\u2019dan Tarsus\u2019a kadar t\u00fcm Mersin\u2019de e\u015fit ve adil hizmet anlay\u0131\u015f\u0131yla \u00e7al\u0131\u015fma y\u00fcr\u00fctt\u00fcklerini vurgulayarak, \u201cBen Belediye Ba\u015fkan\u0131 kald\u0131\u011f\u0131m s\u00fcrece bu belediyede ayr\u0131mc\u0131l\u0131k diye bir kavram\u0131 kimse g\u00f6remez\u201d dedi.<\/p>\n<p>\u201c400 bin misafirimizin onurunu zedeleyecek hi\u00e7bir davran\u0131\u015f\u0131m\u0131z olmam\u0131\u015ft\u0131r\u201d<\/p>\n<p>Ba\u015fkan Se\u00e7er, T\u00fcrkiye\u2019nin her b\u00f6lgesinden 50 y\u0131ld\u0131r Mersin\u2019e g\u00f6\u00e7 ya\u015fand\u0131\u011f\u0131n\u0131 s\u00f6yleyerek, Suriye\u2019de ya\u015fanan i\u00e7 kar\u0131\u015f\u0131kl\u0131\u011f\u0131n ard\u0131ndan Mersin\u2019in m\u00fclteci ak\u0131n\u0131n\u0131n oldu\u011fu kentlerden birisi oldu\u011funu aktard\u0131. Ba\u015fkan Se\u00e7er, Mersin\u2019in T\u00fcrkiye\u2019nin \u00f6zeti oldu\u011fu vurgusunu yaparak, \u201cT\u00fcrkiye\u2019de ne varsa Konya\u2019da yoktur. T\u00fcrkiye\u2019de ne varsa Trabzon\u2019da yoktur, Trakya\u2019da yoktur. Ama T\u00fcrkiye\u2019de ne varsa Mersin\u2019de vard\u0131r\u201d dedi.<\/p>\n<p>Mersin\u2019de K\u00fcrt, T\u00fcrkmen, Arap, Alevi, S\u00fcnni, Gayr\u0131m\u00fcslim gibi bir\u00e7ok k\u00fclt\u00fcr ve mezhebin bir arada ya\u015fad\u0131\u011f\u0131n\u0131 s\u00f6yleyen Se\u00e7er, \u201cBen Belediye Ba\u015fkan\u0131 kald\u0131\u011f\u0131m s\u00fcrece bu belediyede ayr\u0131mc\u0131l\u0131k diye bir kavram\u0131 kimse g\u00f6remez. Bunu men ederiz. Bu toplumda ya\u015fayan T\u00fcrkiye Cumhuriyeti kimli\u011fini ta\u015f\u0131yan herkes bizim yurtta\u015f\u0131m\u0131z oldu\u011fu gibi, 400 bin misafirimize de ayr\u0131mc\u0131, bir kem s\u00f6z ya da onlar\u0131 \u00fcrk\u00fctecek, onlar\u0131n insanl\u0131k onurunu zedeleyecek hi\u00e7bir davran\u0131\u015f\u0131m\u0131z, beyanat\u0131m\u0131z, uygulamam\u0131z olmam\u0131\u015ft\u0131r. 1 milyon 900 bin ki\u015filik para geliyor Ankara\u2019dan, biz 2 milyon 300 bin ki\u015fiye hizmet ediyoruz. Kredi yok, bor\u00e7lanma yetkisi yok\u201d dedi.<\/p>\n<p>G\u00f6reve gelir gelmez h\u0131zl\u0131 bir \u015fekilde sosyal politikalar\u0131 hayata ge\u00e7irmeye ba\u015flad\u0131klar\u0131n\u0131 da s\u00f6yleyen Se\u00e7er, pandemi ile birlikte ne kadar de\u011ferli bir i\u015f yapt\u0131klar\u0131n\u0131n daha iyi anla\u015f\u0131ld\u0131\u011f\u0131n\u0131 vurgulad\u0131. Vatanda\u015f\u0131n o s\u00fcre\u00e7te i\u015f yerine gidemedi\u011fini, maa\u015f alamad\u0131\u011f\u0131n\u0131 ve soka\u011fa \u00e7\u0131kamad\u0131\u011f\u0131 s\u00fcre\u00e7ler ya\u015fad\u0131\u011f\u0131n\u0131 an\u0131msatan Se\u00e7er, \u201cKimseyi sorgulamadan her \u2018Alo\u2019 diyenin evine g\u0131da yard\u0131m\u0131 g\u00f6nderdi bu belediye. Her y\u0131l Ramazan ay\u0131nda 40-50 bin koli g\u0131da yard\u0131m\u0131 yapan belediye sadece pandeminin ilk y\u0131l\u0131nda 160 bin koli yard\u0131m\u0131 yapt\u0131. \u2018\u00c7ocu\u011fuma mama alam\u0131yorum\u2019 deyip bizimle ileti\u015fim kuran her annenin \u00e7ocu\u011fu i\u00e7in evine kadar mamay\u0131 g\u00f6t\u00fcr\u00fcp teslim ettik. \u2018Evde bir kar\u0131 bir kocay\u0131z. 80 ya\u015f\u0131nday\u0131z bize bakacak kimsemiz yok\u2019 diyenin evine yeme\u011fini de g\u00f6nderdik, bak\u0131m\u0131n\u0131 da yapt\u0131k. D\u00fcn gece gelmi\u015f, bir mesaj g\u00f6rd\u00fcm; \u2018Vahap o\u011flum\u2019 diyor. \u2018Belediyeyi arad\u0131m. Temizlik i\u015f\u00e7ileri geldi evimi temizledi. Allah senden raz\u0131 olsun\u2019. Aynen yazd\u0131\u011f\u0131 bu. Ya\u015fl\u0131 bir kad\u0131n yazm\u0131\u015f. Bu temizlik i\u015f\u00e7isi dedi\u011fi bizim Evde Bak\u0131m Birimi var. Gidiyorlar, hastaysa \u00fcst\u00fcn\u00fc ba\u015f\u0131n\u0131 toparl\u0131yorlar. Ev kirlenmi\u015fse temizliyorlar. \u015eimdi Belediye fakirine de bakacak, Belediye caddesini de yapacak, \u015fimdi Metro projemiz var, metrosunu da yapacak\u201d diye konu\u015ftu.<\/p>\n<p>Batmanl\u0131lar Derne\u011fi Ba\u015fkan\u0131 \u0130hsan Ta\u015f, \u201cBa\u015fkan\u0131m\u0131z Say\u0131n Vahap Se\u00e7er\u2019in hizmet anlay\u0131\u015f\u0131, \u00e7al\u0131\u015fkanl\u0131\u011f\u0131, ayr\u0131mc\u0131l\u0131k yapmayan tavr\u0131 hepimizi memnun ediyor. Mahallemize yapt\u0131\u011f\u0131 hizmetlerden dolay\u0131 kendisine te\u015fekk\u00fcr ediyoruz. Bundan sonra da bizim gibi ihmal edilmi\u015f mahallelere her t\u00fcrl\u00fc deste\u011fi vereceklerine inan\u0131yoruz. Bizi onurland\u0131rd\u0131lar, \u015feref verdiler. Bize hizmet eden kim olursa biz de ayn\u0131 \u015fekilde deste\u011fimizi veririz. Ba\u015fkan\u0131m\u0131zdan son derece memnunuz. Allah yolunuzu a\u00e7\u0131k etsin Say\u0131n Ba\u015fkan\u0131m\u201d diyerek Ba\u015fkan Se\u00e7er\u2019e tekrar te\u015fekk\u00fcr etti. Etkinli\u011fin sonunda Se\u00e7er, Dernek Ba\u015fkan\u0131 \u0130hsan Ta\u015f, dernek \u00fcyeleri ve vatanda\u015flarla hat\u0131ra foto\u011fraf\u0131 \u00e7ektirdi.<\/p>\n","protected":false},"excerpt":{"rendered":"<p>Mersin B\u00fcy\u00fck\u015fehir Belediye Ba\u015fkan\u0131 Vahap Se\u00e7er, Batman \u0130li ile \u0130l\u00e7eleri K\u00fclt\u00fcr ve Dayan\u0131\u015fma Derne\u011fi\u2019ne ait yeni dernek binas\u0131n\u0131n a\u00e7\u0131l\u0131\u015f t\u00f6renine kat\u0131ld\u0131. Akdeniz il\u00e7esi \u015eevket S\u00fcmer Mahallesi\u2019nde a\u00e7\u0131lan yeni binan\u0131n dernek &hellip; <a href=\"https:\/\/akdenizolaygazetesi.com\/?p=15224\" class=\"more-link\">Devam\u0131n\u0131 Oku&#8230;<\/a><\/p>\n","protected":false},"author":2,"featured_media":15225,"comment_status":"open","ping_status":"open","sticky":false,"template":"","format":"standard","meta":[],"categories":[8,2,3],"tags":[],"_links":{"self":[{"href":"https:\/\/akdenizolaygazetesi.com\/index.php?rest_route=\/wp\/v2\/posts\/15224"}],"collection":[{"href":"https:\/\/akdenizolaygazetesi.com\/index.php?rest_route=\/wp\/v2\/posts"}],"about":[{"href":"https:\/\/akdenizolaygazetesi.com\/index.php?rest_route=\/wp\/v2\/types\/post"}],"author":[{"embeddable":true,"href":"https:\/\/akdenizolaygazetesi.com\/index.php?rest_route=\/wp\/v2\/users\/2"}],"replies":[{"embeddable":true,"href":"https:\/\/akdenizolaygazetesi.com\/index.php?rest_route=%2Fwp%2Fv2%2Fcomments&post=15224"}],"version-history":[{"count":1,"href":"https:\/\/akdenizolaygazetesi.com\/index.php?rest_route=\/wp\/v2\/posts\/15224\/revisions"}],"predecessor-version":[{"id":15226,"href":"https:\/\/akdenizolaygazetesi.com\/index.php?rest_route=\/wp\/v2\/posts\/15224\/revisions\/15226"}],"wp:featuredmedia":[{"embeddable":true,"href":"https:\/\/akdenizolaygazetesi.com\/index.php?rest_route=\/wp\/v2\/media\/15225"}],"wp:attachment":[{"href":"https:\/\/akdenizolaygazetesi.com\/index.php?rest_route=%2Fwp%2Fv2%2Fmedia&parent=15224"}],"wp:term":[{"taxonomy":"category","embeddable":true,"href":"https:\/\/akdenizolaygazetesi.com\/index.php?rest_route=%2Fwp%2Fv2%2Fcategories&post=15224"},{"taxonomy":"post_tag","embeddable":true,"href":"https:\/\/akdenizolaygazetesi.com\/index.php?rest_route=%2Fwp%2Fv2%2Ftags&post=15224"}],"curies":[{"name":"wp","href":"https:\/\/api.w.org\/{rel}","templated":true}]}}