{"id":1523,"date":"2020-11-04T18:22:04","date_gmt":"2020-11-04T15:22:04","guid":{"rendered":"http:\/\/mersinekonomipolitikagazetesi.com\/?p=1523"},"modified":"2020-11-04T18:22:04","modified_gmt":"2020-11-04T15:22:04","slug":"at-arabasi-yaya-yolunda-cirit-atiyor","status":"publish","type":"post","link":"https:\/\/akdenizolaygazetesi.com\/?p=1523","title":{"rendered":"AT ARABASI YAYA YOLUNDA C\u0130R\u0130T ATIYOR"},"content":{"rendered":"<p>Mersin\u2019de \u015fehrin merkezinde at arabas\u0131 ile in\u015faatlara sahilden kum ta\u015f\u0131n\u0131yor.<\/p>\n<div>\n<div>\n<div>\n<div>\n<div>\n<div>\n<div>\n<div>\n<div>\n<div>\n<div>\n<div id=\":4\">\n<div id=\":2\">\n<div>\n<div role=\"main\">\n<table cellpadding=\"0\" role=\"presentation\" style=\"width:1630px;\">\n<tbody>\n<tr>\n<td>\n<div>\n<div>\n<div>\n<div role=\"list\">\n<div role=\"listitem\" style=\"clear:both;\" tabindex=\"-1\">\n<div>\n<div>\n<div id=\":1u0\">\n<div data-legacy-message-id=\"1621f5e3ff26833c\" data-message-id=\"1621f5e3ff26833c\">\n<div style=\"margin-left:44px;\">\n<div id=\":1m8\">\n<div id=\":16g\">\n<div dir=\"auto\">\n<blockquote type=\"cite\">\n<div dir=\"ltr\">\n<p><span style=\"font-size:16px;\">Ta\u015f\u0131n\u0131lan kumu in\u015faat\u00e7\u0131lara satmak i\u00e7in g\u00f6t\u00fcr\u00fcrken Yeni\u015fehir y\u00fcr\u00fcy\u00fc\u015f yolunu kullanmakta olan at arabas\u0131 sahibi kimse taraf\u0131ndan durdurulmad\u0131\u011f\u0131 gibi yapt\u0131\u011f\u0131 i\u015fin yasak oldu\u011fu da iletilmiyor.<\/span><\/p>\n<\/p><\/div>\n<\/blockquote>\n<blockquote type=\"cite\">\n<div dir=\"ltr\">\n<p><span style=\"font-size:16px;\">Zab\u0131ta ya da trafik polisinin at arabas\u0131 \u0130le s\u0131k s\u0131k denizden ka\u00e7ak kum getirerek sat\u0131lmas\u0131n\u0131 g\u00f6rmemesi tepki ile kar\u015f\u0131lan\u0131yor.<\/span><\/p>\n<p><span style=\"font-size:16px;\">Yo\u011fun trafikte kullan\u0131m\u0131 yasak olan at araban\u0131n bulunmas\u0131n\u0131n g\u00f6zlerden ka\u00e7mas\u0131 trafikteki ara\u00e7lar\u0131 da zor durumda b\u0131rak\u0131yor.<\/span><\/p>\n<\/p><\/div>\n<\/blockquote><\/div>\n<\/p><\/div>\n<\/p><\/div>\n<\/p><\/div>\n<\/p><\/div>\n<\/p><\/div>\n<\/p><\/div>\n<\/p><\/div>\n<\/p><\/div>\n<\/p><\/div>\n<\/p><\/div>\n<\/p><\/div>\n<\/p><\/div>\n<\/td>\n<\/tr>\n<\/tbody>\n<\/table>\n<div style=\"clear:both;\">\u00a0<\/div>\n<\/div>\n<\/div>\n<\/div>\n<\/div>\n<\/div>\n<\/div>\n<\/div>\n<\/div>\n<\/div>\n<\/div>\n<\/div>\n<\/div>\n<\/div>\n<\/div>\n<\/div>\n","protected":false},"excerpt":{"rendered":"<p>Mersin\u2019de \u015fehrin merkezinde at arabas\u0131 ile in\u015faatlara sahilden kum ta\u015f\u0131n\u0131yor. Ta\u015f\u0131n\u0131lan kumu in\u015faat\u00e7\u0131lara satmak i\u00e7in g\u00f6t\u00fcr\u00fcrken Yeni\u015fehir y\u00fcr\u00fcy\u00fc\u015f yolunu kullanmakta olan at arabas\u0131 sahibi kimse taraf\u0131ndan durdurulmad\u0131\u011f\u0131 gibi yapt\u0131\u011f\u0131 i\u015fin &hellip; <a href=\"https:\/\/akdenizolaygazetesi.com\/?p=1523\" class=\"more-link\">Devam\u0131n\u0131 Oku&#8230;<\/a><\/p>\n","protected":false},"author":1,"featured_media":0,"comment_status":"open","ping_status":"open","sticky":false,"template":"","format":"standard","meta":[],"categories":[],"tags":[],"_links":{"self":[{"href":"https:\/\/akdenizolaygazetesi.com\/index.php?rest_route=\/wp\/v2\/posts\/1523"}],"collection":[{"href":"https:\/\/akdenizolaygazetesi.com\/index.php?rest_route=\/wp\/v2\/posts"}],"about":[{"href":"https:\/\/akdenizolaygazetesi.com\/index.php?rest_route=\/wp\/v2\/types\/post"}],"author":[{"embeddable":true,"href":"https:\/\/akdenizolaygazetesi.com\/index.php?rest_route=\/wp\/v2\/users\/1"}],"replies":[{"embeddable":true,"href":"https:\/\/akdenizolaygazetesi.com\/index.php?rest_route=%2Fwp%2Fv2%2Fcomments&post=1523"}],"version-history":[{"count":0,"href":"https:\/\/akdenizolaygazetesi.com\/index.php?rest_route=\/wp\/v2\/posts\/1523\/revisions"}],"wp:attachment":[{"href":"https:\/\/akdenizolaygazetesi.com\/index.php?rest_route=%2Fwp%2Fv2%2Fmedia&parent=1523"}],"wp:term":[{"taxonomy":"category","embeddable":true,"href":"https:\/\/akdenizolaygazetesi.com\/index.php?rest_route=%2Fwp%2Fv2%2Fcategories&post=1523"},{"taxonomy":"post_tag","embeddable":true,"href":"https:\/\/akdenizolaygazetesi.com\/index.php?rest_route=%2Fwp%2Fv2%2Ftags&post=1523"}],"curies":[{"name":"wp","href":"https:\/\/api.w.org\/{rel}","templated":true}]}}