{"id":15230,"date":"2021-11-15T12:45:56","date_gmt":"2021-11-15T09:45:56","guid":{"rendered":"http:\/\/akdenizolaygazetesi.com\/?p=15230"},"modified":"2021-11-15T12:45:56","modified_gmt":"2021-11-15T09:45:56","slug":"secer-erkenekliler-derneginde-vatandaslarla-bulustu","status":"publish","type":"post","link":"https:\/\/akdenizolaygazetesi.com\/?p=15230","title":{"rendered":"SE\u00c7ER, ERKENEKL\u0130LER DERNE\u011e\u0130\u2019NDE VATANDA\u015eLARLA BULU\u015eTU"},"content":{"rendered":"<p>Mersin B\u00fcy\u00fck\u015fehir Belediye Ba\u015fkan\u0131 Vahap Se\u00e7er, Erkenekliler K\u00fclt\u00fcr ve Dayan\u0131\u015fma Derne\u011fi\u2019nin \u201c5. Geleneksel Kuru Fasulye ve Pilav G\u00fcn\u00fc\u201d etkinli\u011fine kat\u0131ld\u0131. Dernek lokalinde yap\u0131lan etkinlikte Ba\u015fkan Se\u00e7er, vatanda\u015flarla bir araya gelerek sohbet etti. Kentteki \u00e7e\u015fitlili\u011fin zenginli\u011fe d\u00f6n\u00fc\u015ft\u00fcr\u00fclmesiyle Mersin\u2019in d\u00fcnyan\u0131n en iyi kentlerinden biri olabilece\u011fini ifade eden Se\u00e7er, \u201cBunu daha \u00e7ok \u00e7al\u0131\u015farak, azmederek, kentte d\u00fczeni ve dirli\u011fi sa\u011flayarak yapabiliriz\u201d dedi.<br \/>\n\u201c\u00c7ok konu\u015fmaktan ziyade, \u00e7ok i\u015f yapmam\u0131z gerekiyor\u201d<br \/>\nEtkinlikte, Ba\u015fkan Se\u00e7er\u2019in yan\u0131 s\u0131ra milletvekilleri, Erkenekliler Derne\u011fi Ba\u015fkan\u0131 Ali Karakaya, farkl\u0131 siyasi partilerin temsilcileri ve \u00e7ok say\u0131da dernek \u00fcyesi vatanda\u015f yer ald\u0131. Ba\u015fkan Se\u00e7er, Mersin\u2019in muazzam bir kent oldu\u011funu vurgulayarak, T\u00fcrkiye\u2019nin bir\u00e7ok il ve il\u00e7esinden vatanda\u015flar\u0131n Mersin\u2019de huzur i\u00e7inde ya\u015fad\u0131\u011f\u0131n\u0131 belirtti. Kentteki \u00e7e\u015fitlili\u011fin zenginli\u011fe d\u00f6n\u00fc\u015ft\u00fcr\u00fclmesiyle Mersin\u2019in d\u00fcnyan\u0131n en iyi kentlerinden biri olabilece\u011fini ifade eden Se\u00e7er, \u201cBunu daha \u00e7ok \u00e7al\u0131\u015farak, azmederek, kentte d\u00fczeni ve dirli\u011fi sa\u011flayarak yapabiliriz. Her zaman s\u00f6yl\u00fcyoruz; \u00e7ok konu\u015fmaktan ziyade, \u00e7ok i\u015f yapmam\u0131z gerekiyor. \u00dclkemiz ad\u0131na, Mersinimiz ad\u0131na b\u00f6yle\u201d dedi. Ba\u015fkan Se\u00e7er, y\u00f6re derneklerinin \u00f6nemine de\u011finerek, etkinlikte eme\u011fi ge\u00e7enlere te\u015fekk\u00fcr etti.<br \/>\nKarakaya: \u201c4. \u00c7evre Yolu T\u00fcrkiye\u2019nin \u00f6rnek yollar\u0131ndan bir tanesi oldu\u201d<br \/>\nErkenekliler Derne\u011fi Ba\u015fkan\u0131 Ali Karakaya, Ba\u015fkan Se\u00e7er\u2019in adayl\u0131k s\u00fcrecinde kendilerini ziyaret edip, \u201cBen se\u00e7ilirsem Mersin\u2019e sevgi getirece\u011fim\u201d diyerek yola \u00e7\u0131kt\u0131\u011f\u0131n\u0131 an\u0131msatt\u0131. Karakaya, \u201cMersin halk\u0131 da tevecc\u00fch etti, bu se\u00e7imde B\u00fcy\u00fck\u015fehir Belediye Ba\u015fkan\u0131m\u0131za, \u2018Mersin\u2019de bizi y\u00f6net, 5 y\u0131l da seni bir g\u00f6relim\u2019 diyerek oy verdi. Ondan dolay\u0131 ilk hedefte Sevgi Kav\u015fa\u011f\u0131\u2019n\u0131 yapt\u0131. Mersin\u2019de yapm\u0131\u015f oldu\u011fu hizmetlerden bir tanesiydi. \u015eu anda G\u00f6\u00e7men Kav\u015fa\u011f\u0131 yap\u0131l\u0131yor, yapaca\u011f\u0131 hizmetlerden bir tanesi de o. 4. \u00c7evre Yolu T\u00fcrkiye\u2019nin \u00f6rnek yollar\u0131ndan bir tanesi oldu. Kendisine derne\u011fim ad\u0131na, y\u00f6netimimiz ad\u0131na te\u015fekk\u00fcr ediyorum\u201d ifadelerine yer verdi.<\/p>\n","protected":false},"excerpt":{"rendered":"<p>Mersin B\u00fcy\u00fck\u015fehir Belediye Ba\u015fkan\u0131 Vahap Se\u00e7er, Erkenekliler K\u00fclt\u00fcr ve Dayan\u0131\u015fma Derne\u011fi\u2019nin \u201c5. Geleneksel Kuru Fasulye ve Pilav G\u00fcn\u00fc\u201d etkinli\u011fine kat\u0131ld\u0131. Dernek lokalinde yap\u0131lan etkinlikte Ba\u015fkan Se\u00e7er, vatanda\u015flarla bir araya gelerek &hellip; <a href=\"https:\/\/akdenizolaygazetesi.com\/?p=15230\" class=\"more-link\">Devam\u0131n\u0131 Oku&#8230;<\/a><\/p>\n","protected":false},"author":2,"featured_media":15231,"comment_status":"open","ping_status":"open","sticky":false,"template":"","format":"standard","meta":[],"categories":[34,2,3,5],"tags":[],"_links":{"self":[{"href":"https:\/\/akdenizolaygazetesi.com\/index.php?rest_route=\/wp\/v2\/posts\/15230"}],"collection":[{"href":"https:\/\/akdenizolaygazetesi.com\/index.php?rest_route=\/wp\/v2\/posts"}],"about":[{"href":"https:\/\/akdenizolaygazetesi.com\/index.php?rest_route=\/wp\/v2\/types\/post"}],"author":[{"embeddable":true,"href":"https:\/\/akdenizolaygazetesi.com\/index.php?rest_route=\/wp\/v2\/users\/2"}],"replies":[{"embeddable":true,"href":"https:\/\/akdenizolaygazetesi.com\/index.php?rest_route=%2Fwp%2Fv2%2Fcomments&post=15230"}],"version-history":[{"count":1,"href":"https:\/\/akdenizolaygazetesi.com\/index.php?rest_route=\/wp\/v2\/posts\/15230\/revisions"}],"predecessor-version":[{"id":15232,"href":"https:\/\/akdenizolaygazetesi.com\/index.php?rest_route=\/wp\/v2\/posts\/15230\/revisions\/15232"}],"wp:featuredmedia":[{"embeddable":true,"href":"https:\/\/akdenizolaygazetesi.com\/index.php?rest_route=\/wp\/v2\/media\/15231"}],"wp:attachment":[{"href":"https:\/\/akdenizolaygazetesi.com\/index.php?rest_route=%2Fwp%2Fv2%2Fmedia&parent=15230"}],"wp:term":[{"taxonomy":"category","embeddable":true,"href":"https:\/\/akdenizolaygazetesi.com\/index.php?rest_route=%2Fwp%2Fv2%2Fcategories&post=15230"},{"taxonomy":"post_tag","embeddable":true,"href":"https:\/\/akdenizolaygazetesi.com\/index.php?rest_route=%2Fwp%2Fv2%2Ftags&post=15230"}],"curies":[{"name":"wp","href":"https:\/\/api.w.org\/{rel}","templated":true}]}}