{"id":15233,"date":"2021-11-15T12:47:53","date_gmt":"2021-11-15T09:47:53","guid":{"rendered":"http:\/\/akdenizolaygazetesi.com\/?p=15233"},"modified":"2021-11-15T12:47:53","modified_gmt":"2021-11-15T09:47:53","slug":"buyuksehirin-organik-tarim-projesi-adim-adim-ilerliyor","status":"publish","type":"post","link":"https:\/\/akdenizolaygazetesi.com\/?p=15233","title":{"rendered":"B\u00dcY\u00dcK\u015eEH\u0130R\u2019\u0130N \u201cORGAN\u0130K TARIM PROJES\u0130\u201d ADIM ADIM \u0130LERL\u0130YOR"},"content":{"rendered":"<p>Mersin B\u00fcy\u00fck\u015fehir Belediyesi Tar\u0131msal ve Veteriner Hizmetleri Dairesi taraf\u0131ndan 2021 y\u0131l\u0131nda ba\u015flat\u0131lan \u201cOrganik Tar\u0131m Projesi\u201d kapsam\u0131nda Toroslar ve Tarsus il\u00e7elerinde e\u011fitim s\u00fcrecini tamamlayan 100 \u00fcreticiye toplam 25 bin kilogram organik g\u00fcbre da\u011f\u0131t\u0131ld\u0131. Toroslar il\u00e7esindeki da\u011f\u0131t\u0131m t\u00f6renine Mersinden Kad\u0131n Kooperatifi Ba\u015fkan\u0131 Meral Se\u00e7er de kat\u0131ld\u0131.<br \/>\nHer bir \u00fcreticiye 250 kilogram organik g\u00fcbre<br \/>\nToroslar\u2019da 19, Tarsus\u2019ta ise 81 \u00fcreticinin kat\u0131l\u0131m\u0131yla Mersin B\u00fcy\u00fck\u015fehir Belediyesi tarihinde ilk kez ba\u015flat\u0131lan \u201cOrganik Tar\u0131m Projesi\u201d devam ediyor. E\u011fitim s\u00fcreciyle ba\u015flayan proje, organik g\u00fcbre da\u011f\u0131t\u0131m\u0131yla devam etti. B\u00fcy\u00fck\u015fehir Belediye Meclis \u00fcyeleri, Mersinden Kad\u0131n Kooperatifi ortaklar\u0131, siyasi parti temsilcileri, muhtarlar ve \u00fcreticilerle ger\u00e7ekle\u015fen t\u00f6rende her \u00fcreticiye 250\u2019\u015fer kilograml\u0131k organik g\u00fcbre teslim edildi.<br \/>\n\u201cOrganik Tar\u0131m Projesi\u2019ni \u00e7ok \u00f6nemsiyoruz\u201d<br \/>\nMersinden Kad\u0131n Kooperatifi Ba\u015fkan\u0131 Meral Se\u00e7er, Toroslar il\u00e7esi Dar\u0131sekisi Mahallesi\u2019nde ger\u00e7ekle\u015ftirilen da\u011f\u0131t\u0131m t\u00f6reninde proje hakk\u0131nda bilgiler vererek, \u201cOrganik Tar\u0131m Projesi\u2019ni \u00e7ok \u00f6nemsiyoruz. Organik tar\u0131m\u0131n pandemide ne kadar \u00f6nemli oldu\u011funun daha \u00e7ok fark\u0131na vard\u0131k. Organik \u00fcretim yapmak me\u015fakkatli bir yol, sab\u0131r istiyor. Bunun insan sa\u011fl\u0131\u011f\u0131na \u00e7ok faydal\u0131 oldu\u011funu biliyoruz ve yayg\u0131nla\u015fmas\u0131n\u0131 istiyoruz. \u00c7ift\u00e7ilerimiz bu \u00fcretimi kendi ba\u015flar\u0131na yapabilirler ancak deste\u011fe ihtiya\u00e7lar\u0131 var. Bir ziraat m\u00fchendisi olarak buna destek verdi\u011fi i\u00e7in Mersin B\u00fcy\u00fck\u015fehir Belediyesi\u2019ne te\u015fekk\u00fcr ediyorum. \u0130nsanlar\u0131n sa\u011fl\u0131\u011f\u0131na oldu\u011fu kadar, \u00e7evremize de faydas\u0131 olan bir proje\u201d dedi.<br \/>\n\u00dcretilen \u00fcr\u00fcnlerin de\u011ferlendirme s\u00fcrecine de kooperatif olarak katk\u0131 sunmak istediklerini s\u00f6zlerine ekleyen Meral Se\u00e7er, \u201cMersinden Kad\u0131n Kooperatifi olarak organik tar\u0131mdan \u00fcretilmi\u015f \u00fcr\u00fcnlerle neler yapabilece\u011fimizi ara\u015ft\u0131rd\u0131k. Bunlar\u0131n tan\u0131n\u0131rl\u0131\u011f\u0131n\u0131 art\u0131rma veya katma de\u011ferli \u00fcr\u00fcnlere \u00e7evirme konusunda yard\u0131mc\u0131 olaca\u011f\u0131z. Bu konuda \u00e7ok \u00e7abal\u0131yoruz ve birlikte bu yolda y\u00fcr\u00fcyece\u011fiz\u201d diye konu\u015ftu.<br \/>\n\u201c\u00dcreticilerle i\u015f birli\u011fi yapaca\u011f\u0131z ve beraber yol alaca\u011f\u0131z\u201d<br \/>\nMersin B\u00fcy\u00fck\u015fehir Belediyesi Tar\u0131msal Hizmetler, E\u011fitim ve Kooperatifler \u015eube M\u00fcd\u00fcr\u00fc Sel\u00e7uk \u015eahuto\u011flu, B\u00fcy\u00fck\u015fehir Belediyesi olarak tar\u0131m\u0131n her koluna destek vermek istediklerini vurgulayarak, \u201cBu kollardan bir tanesi de organik tar\u0131m\u201d dedi. 100 \u00fcreticiyle bu projeye ba\u015flad\u0131klar\u0131n\u0131 belirten \u015eahuto\u011flu, \u201cBu projemiz 3 y\u0131l s\u00fcrecek. 3 y\u0131l boyunca organik tar\u0131mda ya\u015fanan sorunlar\u0131n giderilmesi noktas\u0131nda hem \u00fcreticilerle i\u015f birli\u011fi yapaca\u011f\u0131z hem de beraber yol alaca\u011f\u0131z\u201d ifadelerine yer verdi.<br \/>\n\u201cMersin\u2019de t\u00fcketicilerin kullanacaklar\u0131 organik \u00fcr\u00fcnler pazarda yerini alm\u0131\u015f olacak\u201d<br \/>\nEkotar Kontrol ve Sertifikasyon Kurulu\u015fu Genel M\u00fcd\u00fcr\u00fc Ziraat M\u00fchendisi Vahap Ery\u0131lmaz, Mersinden Kad\u0131n Kooperatifi\u2019nin \u00fcr\u00fcn i\u015fleme ve paketleme tesislerini gezdiklerine dikkat \u00e7ekti. \u0130lerleyen s\u00fcre\u00e7te bu tesislerde organik \u00fcr\u00fcnlerin de de\u011ferlendirilebilece\u011fini vurgulayan Ery\u0131lmaz, \u201c\u00d6n\u00fcm\u00fczdeki g\u00fcnlerde in\u015fallah bu proje de tam anlam\u0131yla faaliyete ge\u00e7erek, Mersin\u2019de t\u00fcketicilerin kullanacaklar\u0131 organik \u00fcr\u00fcnler pazarda yerini alm\u0131\u015f olacak\u201d dedi. Organik ekmekle ilgili faaliyetlerin de h\u0131zla g\u00fcndeme gelmesi \u00e7a\u011fr\u0131s\u0131nda bulunan Ery\u0131lmaz, Organik Tar\u0131m Projesi ile at\u0131lan ad\u0131m\u0131n \u00f6nemine de\u011finerek, \u201cB\u00fcy\u00fck\u015fehir Belediyemiz ger\u00e7ekten sa\u011f olsunlar. Vahap Bey bizi k\u0131rmad\u0131, 100 tane \u00fcreticiyi hemen organik tar\u0131m sistemine soktu. B\u00fct\u00fcn g\u00fcbre ve ila\u00e7 masraf\u0131n\u0131, sertifikasyon kurulu\u015fu \u00fccretini de vermek kayd\u0131yla\u201d ifadelerine yer verdi.<br \/>\n\u201cG\u00fc\u00e7l\u00fc bir m\u00fccadele ve irade sahibi olman\u0131z gerekiyor\u201d<br \/>\nDar\u0131sekisi\u2019nde y\u0131llard\u0131r organik tar\u0131m \u00fcretimi yapan Mersinden Kad\u0131n Kooperatifi\u2019nin kurucu ortaklar\u0131ndan Ebru Kaptan, ger\u00e7ekle\u015ftirilen t\u00f6rende 2021-2022 M\u00fcte\u015febbis Sertifikas\u0131\u2019n\u0131 ald\u0131. Proje kapsam\u0131ndaki \u00fcreticilerle deneyimlerini de payla\u015fan Kaptan, \u201cYakla\u015f\u0131k 7 y\u0131ld\u0131r Mersin\u2019de tar\u0131m yap\u0131yorum. 5 y\u0131ld\u0131r organik tar\u0131m yap\u0131yorum. Bu sertifikay\u0131 almak \u00f6yle kolay olmad\u0131. Bunun 3 y\u0131ll\u0131k bir s\u00fcreci var ama y\u0131l sonu d\u00f6ng\u00fclerini de hesaba katt\u0131\u011f\u0131n\u0131z zaman neredeyse 4\u2019nc\u00fc y\u0131l\u0131n sonunda alabiliyorsunuz bu sertifikay\u0131. Bunun i\u00e7in ger\u00e7ekten g\u00fc\u00e7l\u00fc bir m\u00fccadele ve irade sahibi olman\u0131z gerekiyor\u201d dedi.<br \/>\n\u201cProjeyi duyar duymaz kayd\u0131m\u0131 yapt\u0131rd\u0131m\u201d<br \/>\nToroslar il\u00e7esi G\u00f6zne Mahallesi\u2019nden projeye kat\u0131lan \u00fcreticilerden Cennet T\u00f6r, \u201cHer konuda bize destek oluyorlar. E\u011fitim veriyorlar, bilin\u00e7leniyoruz. G\u00fczel bir ekip, g\u00fczel bir \u00e7al\u0131\u015fma oluyor. Ba\u015fkan\u0131m\u0131za \u00f6ncelikle te\u015fekk\u00fcr ederim. Ayr\u0131ca Meral Han\u0131m\u2019a te\u015fekk\u00fcr ediyorum. Zorlu g\u00fcnlerimizde yan\u0131m\u0131zda oluyorlar, her \u015fekilde destek oluyorlar. Ben de onlara destek vererek daha \u00e7ok yol almak istiyorum\u201d diye konu\u015ftu.<br \/>\nToroslar il\u00e7esi De\u011fnek Mahallesi\u2019nden kat\u0131lan \u00fcreticilerden Metin \u00c7\u0131nar ise \u201cProjeyi duyar duymaz kayd\u0131m\u0131 yapt\u0131rd\u0131m. Kulaktan duyma bilgilerle olmad\u0131\u011f\u0131n\u0131 buradaki e\u011fitimlerle g\u00f6rd\u00fcm. Zor bir s\u00fcre\u00e7. Sonucunda beslenmenin sa\u011fl\u0131kl\u0131 olmas\u0131 a\u00e7\u0131s\u0131ndan \u00f6nemli\u201d ifadelerini kulland\u0131.<\/p>\n","protected":false},"excerpt":{"rendered":"<p>Mersin B\u00fcy\u00fck\u015fehir Belediyesi Tar\u0131msal ve Veteriner Hizmetleri Dairesi taraf\u0131ndan 2021 y\u0131l\u0131nda ba\u015flat\u0131lan \u201cOrganik Tar\u0131m Projesi\u201d kapsam\u0131nda Toroslar ve Tarsus il\u00e7elerinde e\u011fitim s\u00fcrecini tamamlayan 100 \u00fcreticiye toplam 25 bin kilogram organik &hellip; <a href=\"https:\/\/akdenizolaygazetesi.com\/?p=15233\" class=\"more-link\">Devam\u0131n\u0131 Oku&#8230;<\/a><\/p>\n","protected":false},"author":2,"featured_media":15234,"comment_status":"open","ping_status":"open","sticky":false,"template":"","format":"standard","meta":[],"categories":[1,2,3,5],"tags":[],"_links":{"self":[{"href":"https:\/\/akdenizolaygazetesi.com\/index.php?rest_route=\/wp\/v2\/posts\/15233"}],"collection":[{"href":"https:\/\/akdenizolaygazetesi.com\/index.php?rest_route=\/wp\/v2\/posts"}],"about":[{"href":"https:\/\/akdenizolaygazetesi.com\/index.php?rest_route=\/wp\/v2\/types\/post"}],"author":[{"embeddable":true,"href":"https:\/\/akdenizolaygazetesi.com\/index.php?rest_route=\/wp\/v2\/users\/2"}],"replies":[{"embeddable":true,"href":"https:\/\/akdenizolaygazetesi.com\/index.php?rest_route=%2Fwp%2Fv2%2Fcomments&post=15233"}],"version-history":[{"count":1,"href":"https:\/\/akdenizolaygazetesi.com\/index.php?rest_route=\/wp\/v2\/posts\/15233\/revisions"}],"predecessor-version":[{"id":15235,"href":"https:\/\/akdenizolaygazetesi.com\/index.php?rest_route=\/wp\/v2\/posts\/15233\/revisions\/15235"}],"wp:featuredmedia":[{"embeddable":true,"href":"https:\/\/akdenizolaygazetesi.com\/index.php?rest_route=\/wp\/v2\/media\/15234"}],"wp:attachment":[{"href":"https:\/\/akdenizolaygazetesi.com\/index.php?rest_route=%2Fwp%2Fv2%2Fmedia&parent=15233"}],"wp:term":[{"taxonomy":"category","embeddable":true,"href":"https:\/\/akdenizolaygazetesi.com\/index.php?rest_route=%2Fwp%2Fv2%2Fcategories&post=15233"},{"taxonomy":"post_tag","embeddable":true,"href":"https:\/\/akdenizolaygazetesi.com\/index.php?rest_route=%2Fwp%2Fv2%2Ftags&post=15233"}],"curies":[{"name":"wp","href":"https:\/\/api.w.org\/{rel}","templated":true}]}}