{"id":15252,"date":"2021-11-16T11:43:23","date_gmt":"2021-11-16T08:43:23","guid":{"rendered":"http:\/\/akdenizolaygazetesi.com\/?p=15252"},"modified":"2021-11-16T11:43:23","modified_gmt":"2021-11-16T08:43:23","slug":"sporun-yasi-yok","status":"publish","type":"post","link":"https:\/\/akdenizolaygazetesi.com\/?p=15252","title":{"rendered":"\u201cSporun Ya\u015f\u0131 Yok\u201d"},"content":{"rendered":"<p>21 Km\u2019lik Yar\u0131 Maraton\u2019da \u0130ddial\u0131 Oldu\u011funu S\u00f6yleyen Kahveci; \u201cSporun Ya\u015f\u0131 Yok\u201d dedi.<\/p>\n<p>Mersin\u2019de ya\u015fayan 74 ya\u015f\u0131ndaki Ahmet Kahveci, ilerleyen ya\u015f\u0131na ra\u011fmen T\u00fcrkiye\u2019nin d\u00f6rt bir yan\u0131nda d\u00fczenlenen maratonlarda ko\u015fuyor. Kahveci, 21 Kas\u0131m 2021 Pazar g\u00fcn\u00fc yap\u0131lacak Toroslar Uluslararas\u0131 Yar\u0131 Maratonu\u2019nda 21 kilometrelik ko\u015fuda iddial\u0131 oldu\u011funu belirterek, kupay\u0131 alaca\u011f\u0131n\u0131 s\u00f6yledi.<\/p>\n<p>30 y\u0131ld\u0131r ko\u015ftu\u011funu belirten Kahveci, Yar\u0131 Maratonu Mersin\u2019de d\u00fczenleyen Toroslar Belediye Ba\u015fkan\u0131 Ats\u0131z Af\u015f\u0131n Y\u0131lmaz\u2019a hem hareketli ya\u015fama destek verdi\u011fi hem de gen\u00e7lerin \u00f6n\u00fcn\u00fc a\u00e7t\u0131\u011f\u0131 i\u00e7in te\u015fekk\u00fcr etti.<\/p>\n<p>Mersin\u2019de manifaturac\u0131l\u0131k yapt\u0131\u011f\u0131 d\u00f6nemde maraton tutkusunu ilerleten 74 ya\u015f\u0131ndaki Ahmet Kahveci, Toroslar Uluslararas\u0131 Yar\u0131 Maratonu\u2019nda yar\u0131\u015facak.<\/p>\n<p>Toroslar Uluslararas\u0131 Yar\u0131 Maratonu ile il\u00e7ede bir ilke daha imza atan Mersin Toroslar Belediyesi, 21 Kas\u0131m\u2019da d\u00fcnyan\u0131n bir\u00e7ok yerinden gelen her ya\u015ftan sporseveri Mersin\u2019de, Toroslar\u2019da a\u011f\u0131rlayacak.<\/p>\n<p>Bu sporculardan biri de Mersin\u2019de ya\u015fayan, Avrasya Maratonu\u2019nda ve Balkan Ko\u015fusu\u2019nda da yar\u0131\u015fan 74 ya\u015f\u0131ndaki Ahmet Kahveci.<\/p>\n<p>Kahveci; \u201cToroslar Yar\u0131 Maratonu\u2019nu, Sevgi Maratonu\u2019na D\u00f6n\u00fc\u015ft\u00fcrelim\u201d<\/p>\n<p>Toroslar Belediyesi\u2019nin Akbelen Mahallesi\u2019ndeki stad\u0131nda maratona haz\u0131rlanan Kahveci, gen\u00e7lere spor yapmalar\u0131 tavsiyesinde bulunarak; \u201cToroslar Uluslararas\u0131 Yar\u0131 Maratonu\u2019na herkesi davet ediyorum. Bu maratonu, Sevgi Maratonu\u2019na d\u00f6n\u00fc\u015ft\u00fcrelim\u201d dedi.<\/p>\n<p>Kahveci; \u201c30 y\u0131ld\u0131r Maratonda ko\u015fuyorum. Toroslar Uluslararas\u0131 Yar\u0131 Maratonu\u2019nda 21 kilometrelik ko\u015fuda iddial\u0131y\u0131m ve bu kupay\u0131 almak istiyorum. Antrenmanlar\u0131m\u0131 ona g\u00f6re yap\u0131yorum. Bug\u00fcne kadar \u00e7ok iyi dereceler elde ettim ve veteranlar dal\u0131nda kendimi kan\u0131tlad\u0131m. Sigara ve alkol kullanm\u0131yorum. B\u00fct\u00fcn gen\u00e7lere \u00f6rnek olmak istiyorum. B\u00f6yle bir organizasyonu d\u00fczenledi\u011fi ve gen\u00e7lerin \u00f6n\u00fcn\u00fc a\u00e7t\u0131\u011f\u0131 i\u00e7in Toroslar Belediye Ba\u015fkan\u0131m\u0131z Ats\u0131z Af\u015f\u0131n Y\u0131lmaz\u2019a te\u015fekk\u00fcr ederim\u201d dedi.<\/p>\n<p>Ba\u015fkan Y\u0131lmaz; \u201cT\u00fcm Sporseverleri Toroslar Yar\u0131 Maratona Bekliyoruz\u201d<\/p>\n<p>Toroslar Belediye Ba\u015fkan\u0131 Ats\u0131z Af\u015f\u0131n Y\u0131lmaz, t\u00fcm sporseverleri Toroslar Uluslararas\u0131 Yar\u0131 Maratona davet ederek; \u201cToroslar Belediyesi olarak bu y\u0131l ilk kez d\u00fczenleyece\u011fimiz maraton ile binlerce yerli ve yabanc\u0131 sporcuyu il\u00e7emizde a\u011f\u0131rlayaca\u011f\u0131z. Ger\u00e7ekle\u015ftirece\u011fimiz bu etkinlikle hedefimiz hem \u00fclkemizde hem de kentimizde b\u00fcy\u00fck bir fark\u0131ndal\u0131k olu\u015ftururken gen\u00e7lerimizi spora al\u0131\u015ft\u0131rmak ve onlar\u0131 sporla bulu\u015fturmakt\u0131r\u201d diye konu\u015ftu.<\/p>\n<p>TOROSLAR\u2019I KO\u015eARAK KE\u015eFEDECEKLER<\/p>\n<p>\u201cBinlerce Sporcu, 5 Kategoride Yar\u0131\u015facak\u201d<\/p>\n<p>Binlerce yerli ve yabanc\u0131 sporcuyu a\u011f\u0131rlamaya haz\u0131rlanan Toroslar Uluslararas\u0131 Yar\u0131 Maratonu, 21 Kas\u0131m Pazar g\u00fcn\u00fc \u201cToroslar\u2019\u0131 Ko\u015farak Ke\u015ffet\u201d slogan\u0131yla d\u00fczenlenecek.<\/p>\n<p>Mersin Valili\u011fi himayesinde, Gen\u00e7lik ve Spor \u0130l M\u00fcd\u00fcrl\u00fc\u011f\u00fc i\u015f birli\u011finde, payda\u015f kurum ve kurulu\u015flar\u0131n deste\u011fiyle Toroslar\u2019da ilk kez ger\u00e7ekle\u015ftirilecek yar\u0131\u015flar; 21 kilometre uzunlu\u011fundaki Yar\u0131 Maratonun yan\u0131 s\u0131ra 10 kilometrelik ko\u015fu, 3 kilometrelik Halk Ko\u015fusu,  200 metre \u00d6zel Sporcular, 100 metre \u00c7ocuk Maratonu olmak \u00fczere 5 kategoride yap\u0131lacak.<\/p>\n<p>BA\u015eLANGI\u00c7 NOKTASI TOROSLAR CUMHUR\u0130YET MEYDANI<\/p>\n<p>Toroslar Uluslararas\u0131 Yar\u0131 Maratonu\u2019nun, ba\u015flang\u0131\u00e7 ve biti\u015f noktas\u0131 \u00c7a\u011fda\u015fkent Mahallesi\u2019nde bulunan Toroslar Cumhuriyet Medyan\u0131 olacak. Yar\u0131 Maraton, Mersin\u2019in di\u011fer merkez il\u00e7eleri olan Akdeniz ve Yeni\u015fehir\u2019i de kapsayan bir g\u00fczergahtan ge\u00e7erek Toroslar\u2019da son bulacak.<\/p>\n<p>-21 Km Yar\u0131 Maraton saat 9.00 (Ba\u015flang\u0131\u00e7\/Biti\u015f Toroslar Cumhuriyet Meydan\u0131)<\/p>\n<p>-10 Km Ko\u015fusu saat 09.15 ( Ba\u015flang\u0131\u00e7 Toroslar Cumhuriyet Meydan\u0131\/ Biti\u015f Millet Bah\u00e7esi)<\/p>\n<p>-3 Km Halk Ko\u015fusu saat 10.00 (Ba\u015flang\u0131\u00e7 Toroslar Cumhuriyet Meydan\u0131\/ Biti\u015f Toroslar Belediyesi \u00f6n\u00fc)<\/p>\n<p>-200 Metre \u00d6zel Sporcular saat 09.45 (Ba\u015flang\u0131\u00e7 Toroslar Cumhuriyet Meydan\u0131\/ G\u00fczergah \u00fczerinden 200 metre devam ederek son bulacak)<\/p>\n<p>-100 Metre \u00c7ocuk Maratonu saat 09.30 (Ba\u015flang\u0131\u00e7 Toroslar Cumhuriyet Meydan\u0131\/ G\u00fczergah \u00fczerinden 100 metre devam ederek son bulacak.<\/p>\n<p>Maratonda dereceye girecek t\u00fcm sporculara kupa ve madalyalar\u0131, 21 Kas\u0131m Pazar g\u00fcn\u00fc saat 13.00\u2019da Toroslar Cumhuriyet Meydan\u0131\u2019nda d\u00fczenlenecek \u00f6d\u00fcl t\u00f6reni ile takdim edilecek.<\/p>\n<p>Sporseverler, www.toroslaryarimaraton.com adresinden ko\u015fularla ilgili bilgi alabilir ve kay\u0131tlar\u0131n\u0131 yapt\u0131rabilirler.<\/p>\n","protected":false},"excerpt":{"rendered":"<p>21 Km\u2019lik Yar\u0131 Maraton\u2019da \u0130ddial\u0131 Oldu\u011funu S\u00f6yleyen Kahveci; \u201cSporun Ya\u015f\u0131 Yok\u201d dedi. Mersin\u2019de ya\u015fayan 74 ya\u015f\u0131ndaki Ahmet Kahveci, ilerleyen ya\u015f\u0131na ra\u011fmen T\u00fcrkiye\u2019nin d\u00f6rt bir yan\u0131nda d\u00fczenlenen maratonlarda ko\u015fuyor. Kahveci, 21 &hellip; <a href=\"https:\/\/akdenizolaygazetesi.com\/?p=15252\" class=\"more-link\">Devam\u0131n\u0131 Oku&#8230;<\/a><\/p>\n","protected":false},"author":2,"featured_media":15253,"comment_status":"open","ping_status":"open","sticky":false,"template":"","format":"standard","meta":[],"categories":[2,3,5,10],"tags":[],"_links":{"self":[{"href":"https:\/\/akdenizolaygazetesi.com\/index.php?rest_route=\/wp\/v2\/posts\/15252"}],"collection":[{"href":"https:\/\/akdenizolaygazetesi.com\/index.php?rest_route=\/wp\/v2\/posts"}],"about":[{"href":"https:\/\/akdenizolaygazetesi.com\/index.php?rest_route=\/wp\/v2\/types\/post"}],"author":[{"embeddable":true,"href":"https:\/\/akdenizolaygazetesi.com\/index.php?rest_route=\/wp\/v2\/users\/2"}],"replies":[{"embeddable":true,"href":"https:\/\/akdenizolaygazetesi.com\/index.php?rest_route=%2Fwp%2Fv2%2Fcomments&post=15252"}],"version-history":[{"count":1,"href":"https:\/\/akdenizolaygazetesi.com\/index.php?rest_route=\/wp\/v2\/posts\/15252\/revisions"}],"predecessor-version":[{"id":15254,"href":"https:\/\/akdenizolaygazetesi.com\/index.php?rest_route=\/wp\/v2\/posts\/15252\/revisions\/15254"}],"wp:featuredmedia":[{"embeddable":true,"href":"https:\/\/akdenizolaygazetesi.com\/index.php?rest_route=\/wp\/v2\/media\/15253"}],"wp:attachment":[{"href":"https:\/\/akdenizolaygazetesi.com\/index.php?rest_route=%2Fwp%2Fv2%2Fmedia&parent=15252"}],"wp:term":[{"taxonomy":"category","embeddable":true,"href":"https:\/\/akdenizolaygazetesi.com\/index.php?rest_route=%2Fwp%2Fv2%2Fcategories&post=15252"},{"taxonomy":"post_tag","embeddable":true,"href":"https:\/\/akdenizolaygazetesi.com\/index.php?rest_route=%2Fwp%2Fv2%2Ftags&post=15252"}],"curies":[{"name":"wp","href":"https:\/\/api.w.org\/{rel}","templated":true}]}}