{"id":15256,"date":"2021-11-17T12:34:20","date_gmt":"2021-11-17T09:34:20","guid":{"rendered":"http:\/\/akdenizolaygazetesi.com\/?p=15256"},"modified":"2021-11-17T12:34:20","modified_gmt":"2021-11-17T09:34:20","slug":"akdenizde-ihtiyac-duyan-her-mahalleye-hizmet","status":"publish","type":"post","link":"https:\/\/akdenizolaygazetesi.com\/?p=15256","title":{"rendered":"AKDEN\u0130Z\u2019DE \u0130HT\u0130YA\u00c7 DUYAN HER MAHALLEYE H\u0130ZMET"},"content":{"rendered":"<p>Akdeniz Belediyesi, uzak yak\u0131n demeden, ihtiya\u00e7 duyan mahallelerde asfalt kaplama ve yama, yol a\u00e7ma, kilitli parke ta\u015f\u0131 ve kald\u0131r\u0131m yenileme \u00e7al\u0131\u015fmalar\u0131n\u0131 aral\u0131ks\u0131z s\u00fcrd\u00fcr\u00fcyor.<br \/>\nAkdeniz Belediyesi Fen \u0130\u015fleri M\u00fcd\u00fcrl\u00fc\u011f\u00fc, haz\u0131rlad\u0131\u011f\u0131 plan ve program kapsam\u0131nda, il\u00e7e s\u0131n\u0131rlar\u0131nda yer alan mahallerin ihtiyac\u0131n\u0131 duydu\u011fu hizmetleri sunmaya; bir yandan il\u00e7eyi g\u00fczelle\u015ftirirken, vatanda\u015flar\u0131n da ya\u015fam\u0131n\u0131 kolayla\u015ft\u0131rmaya devam ediyor.<br \/>\nUzak yak\u0131n demeden her mahalleye hizmet sunuluyor<br \/>\n\u015eevket S\u00fcmer ile Hal Mahallesi\u2019ni ay\u0131ran 142. Cadde ile 6088 sokak aras\u0131nda kalan ge\u00e7i\u015fin asfalt serim i\u015fini bitiren ekipler, \u015eevket S\u00fcmer Mahallesi 5992-5977-5973 sokaklarda kilit ta\u015f\u0131 ve kald\u0131r\u0131m tamirat\u0131 \u00e7al\u0131\u015fmas\u0131; Nur Cami etraf\u0131ndaki 5 soka\u011f\u0131n y\u0131pranm\u0131\u015f kald\u0131r\u0131mlar\u0131n\u0131 s\u00f6kerek yeniledi. 142. Caddeye ba\u011fl\u0131 sokaklar\u0131n su ge\u00e7i\u015fini sa\u011flamak i\u00e7in s\u00f6k\u00fclen ta\u015flar\u0131n yerine de asfalt kapland\u0131.<br \/>\nBelirlenen program do\u011frultusunda hizmetler s\u00fcrecek<br \/>\nMesafe tan\u0131maks\u0131z\u0131n \u00e7al\u0131\u015fan fen i\u015fleri ekipleri, birka\u00e7 g\u00fcn \u00f6nce Akdeniz il\u00e7esinin merkeze en uzak yerle\u015fim yeri olan Parmakkurdu Mahallesi\u2019nde ger\u00e7ekle\u015ftirdi\u011fi kilitli parke ta\u015f\u0131 \u00e7al\u0131\u015fmas\u0131 sayesinde 8 sokakta 3 bin metrekare kilitli parke ta\u015f\u0131 ile kaplay\u0131p, mahallenin \u00e7ehresini de\u011fi\u015ftirdi, vatanda\u015flar\u0131n da ula\u015f\u0131m\u0131n\u0131 kolayla\u015ft\u0131rd\u0131.<br \/>\nEvci Mahallesi\u2019nde asfalt kaplama ve yama \u00e7al\u0131\u015fmas\u0131 yapan ekipler, \u00d6zg\u00fcrl\u00fck, \u00c7ilek ve Ye\u015fil\u00e7imen mahallelerinin bir\u00e7ok soka\u011f\u0131nda da yine asfalt kaplama ve yama, kald\u0131r\u0131m yenileme, ya\u011fmur olu\u011fu d\u00f6\u015feme \u00e7al\u0131\u015fmalar\u0131 ger\u00e7ekle\u015ftirdi. Haz\u0131rlanan plan ve program \u00e7er\u00e7evesinde \u00e7al\u0131\u015fan, ara\u00e7, gere\u00e7 ve ekipman y\u00f6n\u00fcnden g\u00fc\u00e7lendirilen Akdeniz Belediyesi Fen \u0130\u015fleri M\u00fcd\u00fcrl\u00fc\u011f\u00fc\u2019 ekiplerinin, hizmet ihtiyac\u0131 duyan t\u00fcm mahallelere y\u00f6nelik \u00e7al\u0131\u015fmalar\u0131 kesintisiz devam edecek.<\/p>\n","protected":false},"excerpt":{"rendered":"<p>Akdeniz Belediyesi, uzak yak\u0131n demeden, ihtiya\u00e7 duyan mahallelerde asfalt kaplama ve yama, yol a\u00e7ma, kilitli parke ta\u015f\u0131 ve kald\u0131r\u0131m yenileme \u00e7al\u0131\u015fmalar\u0131n\u0131 aral\u0131ks\u0131z s\u00fcrd\u00fcr\u00fcyor. Akdeniz Belediyesi Fen \u0130\u015fleri M\u00fcd\u00fcrl\u00fc\u011f\u00fc, haz\u0131rlad\u0131\u011f\u0131 plan &hellip; <a href=\"https:\/\/akdenizolaygazetesi.com\/?p=15256\" class=\"more-link\">Devam\u0131n\u0131 Oku&#8230;<\/a><\/p>\n","protected":false},"author":2,"featured_media":15257,"comment_status":"open","ping_status":"open","sticky":false,"template":"","format":"standard","meta":[],"categories":[2,3,5],"tags":[],"_links":{"self":[{"href":"https:\/\/akdenizolaygazetesi.com\/index.php?rest_route=\/wp\/v2\/posts\/15256"}],"collection":[{"href":"https:\/\/akdenizolaygazetesi.com\/index.php?rest_route=\/wp\/v2\/posts"}],"about":[{"href":"https:\/\/akdenizolaygazetesi.com\/index.php?rest_route=\/wp\/v2\/types\/post"}],"author":[{"embeddable":true,"href":"https:\/\/akdenizolaygazetesi.com\/index.php?rest_route=\/wp\/v2\/users\/2"}],"replies":[{"embeddable":true,"href":"https:\/\/akdenizolaygazetesi.com\/index.php?rest_route=%2Fwp%2Fv2%2Fcomments&post=15256"}],"version-history":[{"count":1,"href":"https:\/\/akdenizolaygazetesi.com\/index.php?rest_route=\/wp\/v2\/posts\/15256\/revisions"}],"predecessor-version":[{"id":15258,"href":"https:\/\/akdenizolaygazetesi.com\/index.php?rest_route=\/wp\/v2\/posts\/15256\/revisions\/15258"}],"wp:featuredmedia":[{"embeddable":true,"href":"https:\/\/akdenizolaygazetesi.com\/index.php?rest_route=\/wp\/v2\/media\/15257"}],"wp:attachment":[{"href":"https:\/\/akdenizolaygazetesi.com\/index.php?rest_route=%2Fwp%2Fv2%2Fmedia&parent=15256"}],"wp:term":[{"taxonomy":"category","embeddable":true,"href":"https:\/\/akdenizolaygazetesi.com\/index.php?rest_route=%2Fwp%2Fv2%2Fcategories&post=15256"},{"taxonomy":"post_tag","embeddable":true,"href":"https:\/\/akdenizolaygazetesi.com\/index.php?rest_route=%2Fwp%2Fv2%2Ftags&post=15256"}],"curies":[{"name":"wp","href":"https:\/\/api.w.org\/{rel}","templated":true}]}}