{"id":1526,"date":"2020-11-04T18:22:05","date_gmt":"2020-11-04T15:22:05","guid":{"rendered":"http:\/\/mersinekonomipolitikagazetesi.com\/?p=1526"},"modified":"2020-11-04T18:22:05","modified_gmt":"2020-11-04T15:22:05","slug":"istiklal-marsini-en-guzel-okumak-icin-yaristilar","status":"publish","type":"post","link":"https:\/\/akdenizolaygazetesi.com\/?p=1526","title":{"rendered":"\u0130stiklal Mar\u015f\u0131&#8217;n\u0131 en g\u00fczel okumak i\u00e7in yar\u0131\u015ft\u0131lar"},"content":{"rendered":"<p>Toroslar Belediyesince, \u0130stiklal Mar\u015f\u0131\u2019n\u0131n kabul\u00fcn\u00fcn 97. y\u0131ld\u00f6n\u00fcm\u00fc ve Mehmet Akif Ersoy\u2019u anma etkinlikleri kapsam\u0131nda her y\u0131l geleneksel olarak d\u00fczenlenen \u2018\u0130stiklal Mar\u015f\u0131\u2019n\u0131 En G\u00fczel Okuma Yar\u0131\u015fmas\u0131\u2019 b\u00fcy\u00fck ilgi g\u00f6rd\u00fc.<\/p>\n<p><span style=\"font-size:16px;\"><span style=\"font-family: sans-serif; line-height: 20px; text-align: justify; background-color: rgb(242, 244, 245);\">Yunus Emre K\u00fclt\u00fcr Merkezi\u2019nde, il\u00e7e genelindeki 29 ilkokul ve 34 ortaokuldan \u00f6\u011frencinin kat\u0131l\u0131m\u0131yla iki kategoride ger\u00e7ekle\u015ftirilen yar\u0131\u015fma, duygulu anlara sahne oldu. \u00d6\u011frenciler \u0130stiklal Mar\u015f\u0131\u2019n\u0131 en g\u00fczel ve en co\u015fkulu okumak i\u00e7in tek tek sahneye \u00e7\u0131karak performanslar\u0131n\u0131 sergilerken, \u00f6\u011fretmenlerden olu\u015fan j\u00fcri \u00fcyeleri de yar\u0131\u015fmac\u0131lar\u0131 diksiyon, vurgu ve tonlama, sahne duru\u015fu, jest ve mimik kullan\u0131m\u0131 ile ezber g\u00fcc\u00fc kriterleri \u00fczerinden de\u011ferlendirdi.\u00a0<\/span><br style=\"box-sizing: border-box; font-family: sans-serif; font-size: 14px; line-height: 20px; text-align: justify; background-color: rgb(242, 244, 245);\" \/><br \/>\n<span style=\"font-family: sans-serif; line-height: 20px; text-align: justify; background-color: rgb(242, 244, 245);\">Toroslar Belediye Ba\u015fkan\u0131 Hamit Tuna&#8217;da programa kat\u0131larak, \u00e7ocuklar\u0131n heyecan\u0131na ortak oldu.\u00a0<\/span><br style=\"box-sizing: border-box; font-family: sans-serif; font-size: 14px; line-height: 20px; text-align: justify; background-color: rgb(242, 244, 245);\" \/><br \/>\n<span style=\"font-family: sans-serif; line-height: 20px; text-align: justify; background-color: rgb(242, 244, 245);\">\u0130bni Sina \u00d6zel E\u011fitim \u0130\u015fitme Engelliler Meslek Lisesi\u2019nin \u00f6zel \u00f6\u011frencilerinden olu\u015fan topluluk, \u0130stiklal Mar\u015f\u0131\u2019n\u0131n ilk iki k\u0131tas\u0131n\u0131 i\u015faret dili ile okudu. Salondaki davetlilerin b\u00fcy\u00fck be\u011fenisini kazanan \u00f6zel \u00f6\u011frenciler, ayakta alk\u0131\u015fland\u0131. Ba\u015fkan Tuna, \u00f6zel \u00f6\u011frencilere te\u015fekk\u00fcr ederek T\u00fcrk bayra\u011f\u0131 ve T\u00fcrk bayra\u011f\u0131 motifli kokulu ta\u015f magnet, d\u00fcnya klasiklerinden olu\u015fan 10 kitapl\u0131k set ile \u0130stiklal Mar\u015f\u0131&#8217;n\u0131n yaz\u0131l\u0131 oldu\u011fu ferman hediye etti.\u00a0<\/span><br style=\"box-sizing: border-box; font-family: sans-serif; font-size: 14px; line-height: 20px; text-align: justify; background-color: rgb(242, 244, 245);\" \/><br \/>\n<span style=\"font-family: sans-serif; line-height: 20px; text-align: justify; background-color: rgb(242, 244, 245);\">Tuna, her y\u0131l geleneksel olarak d\u00fczenledikleri \u0130stiklal Mar\u015f\u0131\u2019n\u0131 en g\u00fczel okuma yar\u0131\u015fmas\u0131 ile ama\u00e7lar\u0131n\u0131n, \u00f6\u011frencilerin milli birlik ve beraberlik duygular\u0131n\u0131 peki\u015ftirmek oldu\u011funa vurgu yaparak, \u201c\u0130stiklal \u015fairimiz merhum Mehmet Akif Ersoy\u2019un tabiriyle \u2018Allah bir daha bu millete \u0130stiklal Mar\u015f\u0131 yazd\u0131rmas\u0131n\u2019 dedi.\u00a0<\/span><br style=\"box-sizing: border-box; font-family: sans-serif; font-size: 14px; line-height: 20px; text-align: justify; background-color: rgb(242, 244, 245);\" \/><br \/>\n<span style=\"font-family: sans-serif; line-height: 20px; text-align: justify; background-color: rgb(242, 244, 245);\">Tuna, \u201cT\u00fcrk\u2019\u00fcn tarihini, ge\u00e7mi\u015fini anlatan, manda ve himaye alt\u0131nda asla kalamayaca\u011f\u0131n\u0131 ifade eden, T\u00fcrk ve \u0130slam sentezini birle\u015ftiren, her m\u0131sras\u0131nda anlam ve \u00f6zellik olan \u0130stiklal Mar\u015f\u0131m\u0131z\u0131n kabul\u00fcn\u00fcn 97. y\u0131ld\u00f6n\u00fcm\u00fcn\u00fc kutluyorum. Bu g\u00fczel mar\u015f\u0131m\u0131z in\u015fallah bu d\u00fcnya var oldu\u011fu s\u00fcrece bu \u015fekilde devam edecektir. Rabbim bir daha bu millete \u0130stiklal Mar\u015f\u0131 yazd\u0131rmas\u0131n. Bizi millet yapan de\u011ferler vard\u0131r. Dili, dini, bayra\u011f\u0131, manevi de\u011ferlerimiz, milli k\u00fclt\u00fcr\u00fcm\u00fcz ve tarih \u015fuurumuz. Biz bunlar\u0131 gen\u00e7 nesillerimize aktarmazsak bundan mesul\u00fcz demektir. Toroslar Belediyesi olarak g\u00f6reve geldi\u011fimiz g\u00fcnden beri il\u00e7emizdeki okullar\u0131m\u0131z aras\u0131nda \u0130stiklal Mar\u015f\u0131\u2019n\u0131 en g\u00fczel okuma yar\u0131\u015fmas\u0131 d\u00fczenliyoruz. \u00c7ocuklar\u0131m\u0131z istiklal mar\u015f\u0131n\u0131n 10 k\u0131tas\u0131n\u0131 ezberleyerek, buraya geliyorlar ve \u00f6zg\u00fcvenlerini g\u00f6steriyorlar. \u00c7ocuklar\u0131m\u0131z\u0131n bu performanslar\u0131 da bizim t\u00fcylerimizi diken diken ediyor. Milli \u015earimiz Mehmet Akif Ersoy\u2019un &#8216;hakk\u0131d\u0131r hakka tapan\u00a0<\/span><br style=\"box-sizing: border-box; font-family: sans-serif; font-size: 14px; line-height: 20px; text-align: justify; background-color: rgb(242, 244, 245);\" \/><br \/>\n<span style=\"font-family: sans-serif; line-height: 20px; text-align: justify; background-color: rgb(242, 244, 245);\">milletimizin istiklal&#8217; diye bitirdi\u011fi bu millet, h\u00fcr ve ba\u011f\u0131ms\u0131z bir \u015fekilde bu d\u00fcnya var oldu\u011fu s\u00fcrece ilelebet payidar kalacakt\u0131r&#8221; diye konu\u015ftu.\u00a0<\/span><br style=\"box-sizing: border-box; font-family: sans-serif; font-size: 14px; line-height: 20px; text-align: justify; background-color: rgb(242, 244, 245);\" \/><br \/>\n<span style=\"font-family: sans-serif; line-height: 20px; text-align: justify; background-color: rgb(242, 244, 245);\">Ba\u015fkan Tuna\u2019n\u0131n konu\u015fmas\u0131n\u0131n ard\u0131ndan, \u0130stiklal Mar\u015f\u0131\u2019n\u0131 en g\u00fczel okuyabilmek i\u00e7in birbirleriyle yar\u0131\u015fan \u00f6\u011frenciler, performanslar\u0131yla salondakilere duygulu anlar ya\u015fatt\u0131.\u00a0<\/span><br style=\"box-sizing: border-box; font-family: sans-serif; font-size: 14px; line-height: 20px; text-align: justify; background-color: rgb(242, 244, 245);\" \/><br \/>\n<span style=\"font-family: sans-serif; line-height: 20px; text-align: justify; background-color: rgb(242, 244, 245);\">J\u00fcri \u00fcyelerinin ilk \u00fc\u00e7\u00fc belirlemede olduk\u00e7a zorland\u0131\u011f\u0131 yar\u0131\u015fmada ilkokul kategorisinde birinci Sabahattin \u00c7akmako\u011flu \u0130lkokulu&#8217;ndan Aleyna Turan, ikinci Durmu\u015f Ali Toksoy \u0130lkokulu&#8217;ndan Yaren Bayram, \u00fc\u00e7\u00fcnc\u00fc Yusuf Bay\u0131k \u0130lkokulu&#8217;ndan Ardahan Y\u0131ld\u0131r\u0131m se\u00e7ilirken, ortaokul kategorisinde ise birinci Musal\u0131 Veli Ha\u015fim \u00c7ift\u00e7i Ortaokulu\u2019ndan \u0130rem G\u00fclce K\u00f6se, ikinci Mersin Ziraat Odas\u0131 Ortaokulu&#8217;ndan Mustafa G\u00fcl\u015fen, \u00c7ukurova Ortaokulu&#8217;ndan Elif A\u011ftepe\u2019de \u00fc\u00e7\u00fcnc\u00fc oldu.\u00a0<\/span><br style=\"box-sizing: border-box; font-family: sans-serif; font-size: 14px; line-height: 20px; text-align: justify; background-color: rgb(242, 244, 245);\" \/><br \/>\n<span style=\"font-family: sans-serif; line-height: 20px; text-align: justify; background-color: rgb(242, 244, 245);\">Dereceye giren \u00f6\u011frenciler \u00f6d\u00fcllendirildi.\u00a0<\/span><\/span><\/p>\n","protected":false},"excerpt":{"rendered":"<p>Toroslar Belediyesince, \u0130stiklal Mar\u015f\u0131\u2019n\u0131n kabul\u00fcn\u00fcn 97. y\u0131ld\u00f6n\u00fcm\u00fc ve Mehmet Akif Ersoy\u2019u anma etkinlikleri kapsam\u0131nda her y\u0131l geleneksel olarak d\u00fczenlenen \u2018\u0130stiklal Mar\u015f\u0131\u2019n\u0131 En G\u00fczel Okuma Yar\u0131\u015fmas\u0131\u2019 b\u00fcy\u00fck ilgi g\u00f6rd\u00fc. Yunus Emre &hellip; <a href=\"https:\/\/akdenizolaygazetesi.com\/?p=1526\" class=\"more-link\">Devam\u0131n\u0131 Oku&#8230;<\/a><\/p>\n","protected":false},"author":1,"featured_media":0,"comment_status":"open","ping_status":"open","sticky":false,"template":"","format":"standard","meta":[],"categories":[],"tags":[],"_links":{"self":[{"href":"https:\/\/akdenizolaygazetesi.com\/index.php?rest_route=\/wp\/v2\/posts\/1526"}],"collection":[{"href":"https:\/\/akdenizolaygazetesi.com\/index.php?rest_route=\/wp\/v2\/posts"}],"about":[{"href":"https:\/\/akdenizolaygazetesi.com\/index.php?rest_route=\/wp\/v2\/types\/post"}],"author":[{"embeddable":true,"href":"https:\/\/akdenizolaygazetesi.com\/index.php?rest_route=\/wp\/v2\/users\/1"}],"replies":[{"embeddable":true,"href":"https:\/\/akdenizolaygazetesi.com\/index.php?rest_route=%2Fwp%2Fv2%2Fcomments&post=1526"}],"version-history":[{"count":0,"href":"https:\/\/akdenizolaygazetesi.com\/index.php?rest_route=\/wp\/v2\/posts\/1526\/revisions"}],"wp:attachment":[{"href":"https:\/\/akdenizolaygazetesi.com\/index.php?rest_route=%2Fwp%2Fv2%2Fmedia&parent=1526"}],"wp:term":[{"taxonomy":"category","embeddable":true,"href":"https:\/\/akdenizolaygazetesi.com\/index.php?rest_route=%2Fwp%2Fv2%2Fcategories&post=1526"},{"taxonomy":"post_tag","embeddable":true,"href":"https:\/\/akdenizolaygazetesi.com\/index.php?rest_route=%2Fwp%2Fv2%2Ftags&post=1526"}],"curies":[{"name":"wp","href":"https:\/\/api.w.org\/{rel}","templated":true}]}}