{"id":15277,"date":"2021-11-18T13:25:28","date_gmt":"2021-11-18T10:25:28","guid":{"rendered":"http:\/\/akdenizolaygazetesi.com\/?p=15277"},"modified":"2021-11-18T13:25:28","modified_gmt":"2021-11-18T10:25:28","slug":"baskan-secer-her-zaman-sehit-ailelerimiz-ve-gazilerimizin-yanindayiz","status":"publish","type":"post","link":"https:\/\/akdenizolaygazetesi.com\/?p=15277","title":{"rendered":"BA\u015eKAN SE\u00c7ER: \u201cHER ZAMAN \u015eEH\u0130T A\u0130LELER\u0130M\u0130Z VE GAZ\u0130LER\u0130M\u0130Z\u0130N YANINDAYIZ\u201d"},"content":{"rendered":"<p>Mersin B\u00fcy\u00fck\u015fehir Belediyesi, 55 ilden gelen T\u00fcrkiye Harp Malul\u00fc Gaziler \u015eehit Dul ve Yetimleri Derne\u011fi y\u00f6netici ve \u00fcyesi 150 ki\u015fiyi Mersin\u2019de a\u011f\u0131rl\u0131yor. B\u00fcy\u00fck\u015fehir Belediyesi ev sahipli\u011finde 2 g\u00fcn boyunca ger\u00e7ekle\u015ftirilecek programlar \u00f6ncesinde; Mersin B\u00fcy\u00fck\u015fehir Belediye Ba\u015fkan\u0131 Vahap Se\u00e7er, T\u00fcrkiye Harp Malul\u00fc Gaziler \u015eehit Dul ve Yetimleri Derne\u011fi Genel Ba\u015fkan\u0131 Mustafa I\u015f\u0131k ve beraberindeki heyeti a\u011f\u0131rlad\u0131.<br \/>\nZiyarette; Ba\u015fkan I\u015f\u0131k\u2019\u0131n yan\u0131 s\u0131ra derne\u011fin ikinci ba\u015fkan\u0131 Do\u011fan G\u00f6m\u00fck, Mersin \u015eube Ba\u015fkan\u0131 Fatih Tuncer ile Adana \u015eube Ba\u015fkan\u0131 Mehmet Ali Bak\u0131r, dernek genel merkez \u00fcyesi Bekta\u015f \u015eahin, Mersin B\u00fcy\u00fck\u015fehir Belediyesi Sosyal Hizmetler Dairesi Ba\u015fkan\u0131 Serdal G\u00f6kayaz ve B\u00fcy\u00fck\u015fehir Belediyesi Sosyal Hizmetler Dairesi\u2019ne ba\u011fl\u0131 \u015eehit Aileleri ve Gazi Hizmetleri \u015eube M\u00fcd\u00fcr\u00fc Cengiz Sevin\u00e7 yer ald\u0131.<br \/>\n\u201cHer zaman \u015fehit ailelerimizin, gazilerimizin yan\u0131nday\u0131z\u201d<br \/>\nBa\u015fkan Se\u00e7er, vatan topra\u011f\u0131n\u0131 savunma u\u011fruna verilen m\u00fccadelenin \u00e7ok kutsal oldu\u011funu ifade ederek, \u201cToprak par\u00e7as\u0131n\u0131 savunmak da u\u011fruna can\u0131n\u0131 ve organlar\u0131n\u0131 feda etmek de verdi\u011fi m\u00fccadele sonucu hayat\u0131n\u0131n bahar\u0131nda fiziksel ya da ruhsal olarak travma ya\u015famak da \u00e7ok b\u00fcy\u00fck bir \u00f6zveri bana g\u00f6re. Vatan evlad\u0131 olarak \u015fehit ailelerimize ve gazilerimize bu anlay\u0131\u015f\u0131m\u0131zdan dolay\u0131 farkl\u0131 bir g\u00f6zle bak\u0131yoruz. Mersinimizde olman\u0131z da bizler i\u00e7in son derece g\u00fczel, keyifli. Ger\u00e7ekten Mersin, T\u00fcrkiye\u2019nin en m\u00fcstesna kentlerinden bir tanesi. Vatan, bayrak, millet sevgisi tabi T\u00fcrkiye\u2019nin her noktas\u0131 ayn\u0131d\u0131r ama Mersin\u2019de bunun \u00f6l\u00e7\u00fcs\u00fc ger\u00e7ekten \u00e7ok farkl\u0131d\u0131r. B\u00f6yle g\u00fczel bir kentte ya\u015f\u0131yoruz. Sizleri de burada misafir etmek bizlere de ayr\u0131 bir onur veriyor\u201d dedi.<br \/>\nG\u00f6reve geldikten sonra \u015eehit Aileleri ve Gazi Hizmetleri \u015eube M\u00fcd\u00fcrl\u00fc\u011f\u00fc\u2019n\u00fc olu\u015fturduklar\u0131n\u0131 s\u00f6zlerine ekleyen Ba\u015fkan Se\u00e7er, \u201cBizim birimimiz bir \u015feflik olarak \u00e7al\u0131\u015f\u0131yordu. Yapt\u0131\u011f\u0131m\u0131z de\u011ferlendirmelerde ald\u0131\u011f\u0131m\u0131z karar, \u015fube m\u00fcd\u00fcrl\u00fc\u011f\u00fc olarak g\u00f6rev yap\u0131lmas\u0131n\u0131n daha efektif ve etkin olaca\u011f\u0131 y\u00f6n\u00fcnde oldu. Bizim bu i\u015fe ne kadar farkl\u0131 bir g\u00f6zle bakt\u0131\u011f\u0131m\u0131z\u0131n bir ifadesi ya da mesaj\u0131 olsun istedik. Her zaman \u015fehit ailelerimizin, gazilerimizin yan\u0131nday\u0131z\u201d diye konu\u015ftu.<br \/>\nI\u015f\u0131k, \u015fehit aileleri ve gazilere sunulan desteklerden dolay\u0131 Ba\u015fkan Se\u00e7er\u2019e te\u015fekk\u00fcr etti<br \/>\nMersin\u2019de misafir edilmekten duyduklar\u0131 memnuniyeti ifade eden T\u00fcrkiye Harp Malul\u00fc Gaziler \u015eehit Dul ve Yetimleri Derne\u011fi Genel Ba\u015fkan\u0131 Mustafa I\u015f\u0131k, Ba\u015fkan Se\u00e7er\u2019e \u015fehit aileleri ve gaziler i\u00e7in sunduklar\u0131 desteklerden dolay\u0131 te\u015fekk\u00fcr etti. \u015eehit aileleri ve gazilere daha iyi hizmet sunmak ad\u0131na B\u00fcy\u00fck\u015fehir Belediyesi b\u00fcnyesinde daha \u00f6nce \u015feflik olarak bulunan birimin m\u00fcd\u00fcrl\u00fc\u011fe y\u00fckseltilmesini takdir ettiklerini vurgulayan I\u015f\u0131k, bunun t\u00fcm belediyelerde uygulanmas\u0131 gerekti\u011fini s\u00f6yledi.  <\/p>\n","protected":false},"excerpt":{"rendered":"<p>Mersin B\u00fcy\u00fck\u015fehir Belediyesi, 55 ilden gelen T\u00fcrkiye Harp Malul\u00fc Gaziler \u015eehit Dul ve Yetimleri Derne\u011fi y\u00f6netici ve \u00fcyesi 150 ki\u015fiyi Mersin\u2019de a\u011f\u0131rl\u0131yor. B\u00fcy\u00fck\u015fehir Belediyesi ev sahipli\u011finde 2 g\u00fcn boyunca ger\u00e7ekle\u015ftirilecek &hellip; <a href=\"https:\/\/akdenizolaygazetesi.com\/?p=15277\" class=\"more-link\">Devam\u0131n\u0131 Oku&#8230;<\/a><\/p>\n","protected":false},"author":2,"featured_media":15278,"comment_status":"open","ping_status":"open","sticky":false,"template":"","format":"standard","meta":[],"categories":[1,3,5],"tags":[],"_links":{"self":[{"href":"https:\/\/akdenizolaygazetesi.com\/index.php?rest_route=\/wp\/v2\/posts\/15277"}],"collection":[{"href":"https:\/\/akdenizolaygazetesi.com\/index.php?rest_route=\/wp\/v2\/posts"}],"about":[{"href":"https:\/\/akdenizolaygazetesi.com\/index.php?rest_route=\/wp\/v2\/types\/post"}],"author":[{"embeddable":true,"href":"https:\/\/akdenizolaygazetesi.com\/index.php?rest_route=\/wp\/v2\/users\/2"}],"replies":[{"embeddable":true,"href":"https:\/\/akdenizolaygazetesi.com\/index.php?rest_route=%2Fwp%2Fv2%2Fcomments&post=15277"}],"version-history":[{"count":1,"href":"https:\/\/akdenizolaygazetesi.com\/index.php?rest_route=\/wp\/v2\/posts\/15277\/revisions"}],"predecessor-version":[{"id":15279,"href":"https:\/\/akdenizolaygazetesi.com\/index.php?rest_route=\/wp\/v2\/posts\/15277\/revisions\/15279"}],"wp:featuredmedia":[{"embeddable":true,"href":"https:\/\/akdenizolaygazetesi.com\/index.php?rest_route=\/wp\/v2\/media\/15278"}],"wp:attachment":[{"href":"https:\/\/akdenizolaygazetesi.com\/index.php?rest_route=%2Fwp%2Fv2%2Fmedia&parent=15277"}],"wp:term":[{"taxonomy":"category","embeddable":true,"href":"https:\/\/akdenizolaygazetesi.com\/index.php?rest_route=%2Fwp%2Fv2%2Fcategories&post=15277"},{"taxonomy":"post_tag","embeddable":true,"href":"https:\/\/akdenizolaygazetesi.com\/index.php?rest_route=%2Fwp%2Fv2%2Ftags&post=15277"}],"curies":[{"name":"wp","href":"https:\/\/api.w.org\/{rel}","templated":true}]}}