{"id":1528,"date":"2020-11-04T18:22:05","date_gmt":"2020-11-04T15:22:05","guid":{"rendered":"http:\/\/mersinekonomipolitikagazetesi.com\/?p=1528"},"modified":"2020-11-04T18:22:05","modified_gmt":"2020-11-04T15:22:05","slug":"meu-gazetecilik-bolumu-ogrencilerinden-fotograf-sergisi","status":"publish","type":"post","link":"https:\/\/akdenizolaygazetesi.com\/?p=1528","title":{"rendered":"ME\u00dc Gazetecilik B\u00f6l\u00fcm\u00fc \u00f6\u011frencilerinden foto\u011fraf sergisi"},"content":{"rendered":"<p>Mersin \u00dcniversitesi&#8217;nde (ME\u00dc) \u0130leti\u015fim Fak\u00fcltesi Gazetecilik B\u00f6l\u00fcm\u00fc 3. s\u0131n\u0131f \u00f6\u011frencilerinin, &#8216;Foto\u011fraf Sanat\u0131&#8217; dersi kapsam\u0131nda \u00e7ektikleri foto\u011fraflar sergilendi.<\/p>\n<p><span style=\"font-size:16px;\"><span style=\"font-family: sans-serif; line-height: 20px; text-align: justify; background-color: rgb(242, 244, 245);\">Farkl\u0131 teknikler kullan\u0131larak haz\u0131rlanan 30 \u00e7al\u0131\u015fman\u0131n yer ald\u0131\u011f\u0131 serginin a\u00e7\u0131l\u0131\u015f\u0131na, \u0130leti\u015fim Fak\u00fcltesi Dekan\u0131 Prof. Senem Duruel Erk\u0131l\u0131\u00e7, Dekan Yard\u0131mc\u0131s\u0131 Yrd. Do\u00e7. Dr. Ahmet Taylan, Gazetecilik B\u00f6l\u00fcm Ba\u015fkan\u0131 Yrd. Do\u00e7. Dr. Berna Arslan ba\u015fta olmak \u00fczere \u0130leti\u015fim Fak\u00fcltesi \u00f6\u011fretim elemanlar\u0131 ve \u00f6\u011frencileri kat\u0131ld\u0131.\u00a0<\/span><br style=\"box-sizing: border-box; font-family: sans-serif; font-size: 14px; line-height: 20px; text-align: justify; background-color: rgb(242, 244, 245);\" \/><br \/>\n<span style=\"font-family: sans-serif; line-height: 20px; text-align: justify; background-color: rgb(242, 244, 245);\">A\u00e7\u0131l\u0131\u015fta konu\u015fan Erk\u0131l\u0131\u00e7, g\u00fcn\u00fcm\u00fcz teknolojisinde foto\u011fraf \u00e7ekmenin daha yayg\u0131n ve kolay oldu\u011funa dikkat \u00e7ekerek, \u00f6nemli olan\u0131n bak\u0131\u015f a\u00e7\u0131s\u0131 oldu\u011funu vurgulad\u0131. Erk\u0131l\u0131\u00e7 \u201cNas\u0131l bakt\u0131\u011f\u0131m\u0131z, kulland\u0131\u011f\u0131m\u0131z materyalin \u00f6n\u00fcne ge\u00e7iyor. Farkl\u0131 bir perspektiften bakacak olursak ne yapt\u0131\u011f\u0131m\u0131z, neyle yapt\u0131\u011f\u0131m\u0131zdan her zaman daha \u00f6nde gelir. K\u0131saca Henri Cartier-Bresson&#8217;un s\u00f6yledi\u011fi gibi foto\u011fraf\u0131 makine de\u011fil, insan \u00e7eker\u201d dedi.\u00a0<\/span><br style=\"box-sizing: border-box; font-family: sans-serif; font-size: 14px; line-height: 20px; text-align: justify; background-color: rgb(242, 244, 245);\" \/><br \/>\n<span style=\"font-family: sans-serif; line-height: 20px; text-align: justify; background-color: rgb(242, 244, 245);\">Sergi hakk\u0131nda bilgi veren Gazetecilik B\u00f6l\u00fcm Ba\u015fkan\u0131 Yrd. Do\u00e7. Dr. Berna Arslan, \u201cGazetecilik mesle\u011finin en \u00f6nemli unsurlar\u0131ndan biri foto\u011fraf \u00e7ekmektir. \u00d6\u011frencilerimizin, k\u00fc\u00e7\u00fcc\u00fck bir viz\u00f6rden hayat\u0131 nas\u0131l alg\u0131lad\u0131klar\u0131n\u0131 ve olaylar\u0131 nas\u0131l bizlerle bulu\u015fturduklar\u0131n\u0131 bu sergide g\u00f6r\u00fcyoruz. Serginin d\u00fczenlenmesine destek olan Prof. Senem Duruel Erk\u0131l\u0131\u00e7 hocam\u0131z ba\u015fta olmak \u00fczere 8 y\u0131ld\u0131r bu serginin d\u00fczenlenmesini sa\u011flayan Uzman Hac\u0131 Mehmet Acar\u2019a ve \u00f6\u011frencilerimize te\u015fekk\u00fcrlerimi sunuyorum\u201d diye konu\u015ftu.\u00a0<\/span><\/span><\/p>\n","protected":false},"excerpt":{"rendered":"<p>Mersin \u00dcniversitesi&#8217;nde (ME\u00dc) \u0130leti\u015fim Fak\u00fcltesi Gazetecilik B\u00f6l\u00fcm\u00fc 3. s\u0131n\u0131f \u00f6\u011frencilerinin, &#8216;Foto\u011fraf Sanat\u0131&#8217; dersi kapsam\u0131nda \u00e7ektikleri foto\u011fraflar sergilendi. Farkl\u0131 teknikler kullan\u0131larak haz\u0131rlanan 30 \u00e7al\u0131\u015fman\u0131n yer ald\u0131\u011f\u0131 serginin a\u00e7\u0131l\u0131\u015f\u0131na, \u0130leti\u015fim Fak\u00fcltesi Dekan\u0131 &hellip; <a href=\"https:\/\/akdenizolaygazetesi.com\/?p=1528\" class=\"more-link\">Devam\u0131n\u0131 Oku&#8230;<\/a><\/p>\n","protected":false},"author":1,"featured_media":0,"comment_status":"open","ping_status":"open","sticky":false,"template":"","format":"standard","meta":[],"categories":[],"tags":[],"_links":{"self":[{"href":"https:\/\/akdenizolaygazetesi.com\/index.php?rest_route=\/wp\/v2\/posts\/1528"}],"collection":[{"href":"https:\/\/akdenizolaygazetesi.com\/index.php?rest_route=\/wp\/v2\/posts"}],"about":[{"href":"https:\/\/akdenizolaygazetesi.com\/index.php?rest_route=\/wp\/v2\/types\/post"}],"author":[{"embeddable":true,"href":"https:\/\/akdenizolaygazetesi.com\/index.php?rest_route=\/wp\/v2\/users\/1"}],"replies":[{"embeddable":true,"href":"https:\/\/akdenizolaygazetesi.com\/index.php?rest_route=%2Fwp%2Fv2%2Fcomments&post=1528"}],"version-history":[{"count":0,"href":"https:\/\/akdenizolaygazetesi.com\/index.php?rest_route=\/wp\/v2\/posts\/1528\/revisions"}],"wp:attachment":[{"href":"https:\/\/akdenizolaygazetesi.com\/index.php?rest_route=%2Fwp%2Fv2%2Fmedia&parent=1528"}],"wp:term":[{"taxonomy":"category","embeddable":true,"href":"https:\/\/akdenizolaygazetesi.com\/index.php?rest_route=%2Fwp%2Fv2%2Fcategories&post=1528"},{"taxonomy":"post_tag","embeddable":true,"href":"https:\/\/akdenizolaygazetesi.com\/index.php?rest_route=%2Fwp%2Fv2%2Ftags&post=1528"}],"curies":[{"name":"wp","href":"https:\/\/api.w.org\/{rel}","templated":true}]}}